{"id":5914,"date":"2023-07-31T14:48:25","date_gmt":"2023-07-31T17:48:25","guid":{"rendered":"http:\/\/blogdoarmindomaia.com.br\/?p=5914"},"modified":"2023-07-31T14:48:27","modified_gmt":"2023-07-31T17:48:27","slug":"exposicao-memoria-das-colchas-esta-aberta-para-visitacao-gratuita-ate-20-de-agosto","status":"publish","type":"post","link":"http:\/\/blogdoarmindomaia.com.br\/?p=5914","title":{"rendered":"Exposi\u00e7\u00e3o Mem\u00f3ria das Colchas est\u00e1 aberta para visita\u00e7\u00e3o gratuita at\u00e9 20 de agosto"},"content":{"rendered":"\n<figure class=\"wp-block-image size-full is-style-default\"><img loading=\"lazy\" decoding=\"async\" width=\"1024\" height=\"683\" src=\"http:\/\/blogdoarmindomaia.com.br\/wp-content\/uploads\/2023\/07\/Memoria-das-Colchas-4.jpeg\" alt=\"\" class=\"wp-image-5915\" srcset=\"http:\/\/blogdoarmindomaia.com.br\/wp-content\/uploads\/2023\/07\/Memoria-das-Colchas-4.jpeg 1024w, http:\/\/blogdoarmindomaia.com.br\/wp-content\/uploads\/2023\/07\/Memoria-das-Colchas-4-300x200.jpeg 300w, http:\/\/blogdoarmindomaia.com.br\/wp-content\/uploads\/2023\/07\/Memoria-das-Colchas-4-768x512.jpeg 768w\" sizes=\"auto, (max-width: 1024px) 100vw, 1024px\" \/><\/figure>\n\n\n\n<p>O aconchego trazido pelas colchas \u00e9 sin\u00f4nimo de reviver hist\u00f3rias e momentos marcantes da vida. Com esta proposta, a exposi\u00e7\u00e3o Mem\u00f3ria das Colchas, est\u00e1 dispon\u00edvel para visita\u00e7\u00e3o gratuita na sede da Funda\u00e7\u00e3o Cultural Calmon Barreto (FCCB) at\u00e9 o dia 20 de agosto. A iniciativa \u00e9 promovida em parceria com a Sicoob Crediara.<br><br>As 12 colchas presentes na exposi\u00e7\u00e3o trazem consigo hist\u00f3rias de grandes momentos, que marcaram a vida de quem as teceu. A coordenadora do Ateli\u00ea de Tecelagem \u201cHermantina Drummond\u201d, Adelina Rezende de Menezes, destaca o processo de curadoria da mostra. \u201cPara buscar essas colchas, n\u00f3s fomos atr\u00e1s de tecel\u00e3s antigas ou de familiares. S\u00e3o pessoas que, de alguma forma, potencializaram esse of\u00edcio e trouxeram ele at\u00e9 aqui, onde n\u00f3s estamos hoje\u201d, conta.<br><br>\u201cO objetivo da exposi\u00e7\u00e3o \u00e9 trazer uma lembran\u00e7a que todos n\u00f3s temos de uma colcha antiga, aquela que era utilizada na fazenda e que nos faz recordar nossos pais ou av\u00f3s. Ao lado, temos as hist\u00f3rias das tecel\u00e3s, onde \u00e9 contado em qual momento da vida elas produziram \u00e0quele material. Temos, por exemplo, o relato de uma colcha que foi produzida especialmente para um casamento. Cada uma tem um motivo especial para estar ali. Visitar a exposi\u00e7\u00e3o \u00e9 uma oportunidade de embarcar nestas mem\u00f3rias\u201d, complementa Adelina.<br><br>A exposi\u00e7\u00e3o est\u00e1 aberta \u00e0 visita\u00e7\u00e3o gratuita na sede da FCCB at\u00e9 o dia 20 de agosto, de segunda a sexta-feira, das 8h \u00e0s 12h e das 13h \u00e0s 17h.<br><br>Como extens\u00e3o, ela tamb\u00e9m estar\u00e1 presente, durante o segundo semestre, nas ag\u00eancias da Sicoob Crediara de sete cidades da regi\u00e3o: Arax\u00e1, Ibi\u00e1, Nova Ponte, Pedrin\u00f3polis, Perdizes, Santa Juliana e Tapira.<\/p>\n","protected":false},"excerpt":{"rendered":"<p>O aconchego trazido pelas colchas \u00e9 sin\u00f4nimo de reviver hist\u00f3rias e momentos marcantes da vida. Com esta proposta, a exposi\u00e7\u00e3o<\/p>\n","protected":false},"author":2,"featured_media":5915,"comment_status":"open","ping_status":"open","sticky":false,"template":"","format":"standard","meta":{"footnotes":""},"categories":[9,11],"tags":[],"class_list":["post-5914","post","type-post","status-publish","format-standard","has-post-thumbnail","hentry","category-araxa","category-destaques"],"_links":{"self":[{"href":"http:\/\/blogdoarmindomaia.com.br\/index.php?rest_route=\/wp\/v2\/posts\/5914","targetHints":{"allow":["GET"]}}],"collection":[{"href":"http:\/\/blogdoarmindomaia.com.br\/index.php?rest_route=\/wp\/v2\/posts"}],"about":[{"href":"http:\/\/blogdoarmindomaia.com.br\/index.php?rest_route=\/wp\/v2\/types\/post"}],"author":[{"embeddable":true,"href":"http:\/\/blogdoarmindomaia.com.br\/index.php?rest_route=\/wp\/v2\/users\/2"}],"replies":[{"embeddable":true,"href":"http:\/\/blogdoarmindomaia.com.br\/index.php?rest_route=%2Fwp%2Fv2%2Fcomments&post=5914"}],"version-history":[{"count":1,"href":"http:\/\/blogdoarmindomaia.com.br\/index.php?rest_route=\/wp\/v2\/posts\/5914\/revisions"}],"predecessor-version":[{"id":5916,"href":"http:\/\/blogdoarmindomaia.com.br\/index.php?rest_route=\/wp\/v2\/posts\/5914\/revisions\/5916"}],"wp:featuredmedia":[{"embeddable":true,"href":"http:\/\/blogdoarmindomaia.com.br\/index.php?rest_route=\/wp\/v2\/media\/5915"}],"wp:attachment":[{"href":"http:\/\/blogdoarmindomaia.com.br\/index.php?rest_route=%2Fwp%2Fv2%2Fmedia&parent=5914"}],"wp:term":[{"taxonomy":"category","embeddable":true,"href":"http:\/\/blogdoarmindomaia.com.br\/index.php?rest_route=%2Fwp%2Fv2%2Fcategories&post=5914"},{"taxonomy":"post_tag","embeddable":true,"href":"http:\/\/blogdoarmindomaia.com.br\/index.php?rest_route=%2Fwp%2Fv2%2Ftags&post=5914"}],"curies":[{"name":"wp","href":"https:\/\/api.w.org\/{rel}","templated":true}]}}