{"id":5917,"date":"2023-07-31T14:53:30","date_gmt":"2023-07-31T17:53:30","guid":{"rendered":"http:\/\/blogdoarmindomaia.com.br\/?p=5917"},"modified":"2023-07-31T14:53:33","modified_gmt":"2023-07-31T17:53:33","slug":"mais-de-13-mil-alunos-da-rede-municipal-voltaram-as-aulas-nesta-semana","status":"publish","type":"post","link":"http:\/\/blogdoarmindomaia.com.br\/?p=5917","title":{"rendered":"Mais de 13 mil alunos da Rede Municipal voltaram \u00e0s aulas nesta semana"},"content":{"rendered":"\n<figure class=\"wp-block-image size-full is-style-default\"><img loading=\"lazy\" decoding=\"async\" width=\"1024\" height=\"683\" src=\"http:\/\/blogdoarmindomaia.com.br\/wp-content\/uploads\/2023\/07\/Mais-de-13-mil-alunos-da-Rede-Municipal-voltaram-as-aulas-nesta-semana-pag-03.jpeg\" alt=\"\" class=\"wp-image-5918\" srcset=\"http:\/\/blogdoarmindomaia.com.br\/wp-content\/uploads\/2023\/07\/Mais-de-13-mil-alunos-da-Rede-Municipal-voltaram-as-aulas-nesta-semana-pag-03.jpeg 1024w, http:\/\/blogdoarmindomaia.com.br\/wp-content\/uploads\/2023\/07\/Mais-de-13-mil-alunos-da-Rede-Municipal-voltaram-as-aulas-nesta-semana-pag-03-300x200.jpeg 300w, http:\/\/blogdoarmindomaia.com.br\/wp-content\/uploads\/2023\/07\/Mais-de-13-mil-alunos-da-Rede-Municipal-voltaram-as-aulas-nesta-semana-pag-03-768x512.jpeg 768w\" sizes=\"auto, (max-width: 1024px) 100vw, 1024px\" \/><\/figure>\n\n\n\n<p><\/p>\n\n\n\n<p><\/p>\n\n\n\n<p><\/p>\n\n\n\n<p>Ap\u00f3s 15 dias de recesso escolar, mais de 13 mil alunos da Rede Municipal retornaram \u00e0s aulas na \u00faltima segunda-feira (31). S\u00e3o 64 unidades (creches, escolas e anexos) que ofertam Educa\u00e7\u00e3o Infantil, Ensino Fundamental e Educa\u00e7\u00e3o de Jovens e Adultos (EJA).<br><br>A secret\u00e1ria municipal de Educa\u00e7\u00e3o, Zulma Moreira, explica que a retomada das atividades escolares \u00e9 uma grande conquista para a comunidade educacional e reafirma o compromisso com a forma\u00e7\u00e3o de cidad\u00e3os.<br><br>\u201cAl\u00e9m do aprendizado acad\u00eamico, o ambiente escolar proporciona experi\u00eancias enriquecedoras. Todo in\u00edcio de semestre \u00e9 tamb\u00e9m um ciclo novo para a vida escolar dos alunos. Nossas expectativas s\u00e3o muito positivas para o restante deste ano e vamos seguir as a\u00e7\u00f5es previstas no calend\u00e1rio escolar\u201d, refor\u00e7a.<br><\/p>\n","protected":false},"excerpt":{"rendered":"<p>Ap\u00f3s 15 dias de recesso escolar, mais de 13 mil alunos da Rede Municipal retornaram \u00e0s aulas na \u00faltima segunda-feira<\/p>\n","protected":false},"author":2,"featured_media":5918,"comment_status":"open","ping_status":"open","sticky":false,"template":"","format":"standard","meta":{"footnotes":""},"categories":[9,11,13],"tags":[],"class_list":["post-5917","post","type-post","status-publish","format-standard","has-post-thumbnail","hentry","category-araxa","category-destaques","category-educacao"],"_links":{"self":[{"href":"http:\/\/blogdoarmindomaia.com.br\/index.php?rest_route=\/wp\/v2\/posts\/5917","targetHints":{"allow":["GET"]}}],"collection":[{"href":"http:\/\/blogdoarmindomaia.com.br\/index.php?rest_route=\/wp\/v2\/posts"}],"about":[{"href":"http:\/\/blogdoarmindomaia.com.br\/index.php?rest_route=\/wp\/v2\/types\/post"}],"author":[{"embeddable":true,"href":"http:\/\/blogdoarmindomaia.com.br\/index.php?rest_route=\/wp\/v2\/users\/2"}],"replies":[{"embeddable":true,"href":"http:\/\/blogdoarmindomaia.com.br\/index.php?rest_route=%2Fwp%2Fv2%2Fcomments&post=5917"}],"version-history":[{"count":1,"href":"http:\/\/blogdoarmindomaia.com.br\/index.php?rest_route=\/wp\/v2\/posts\/5917\/revisions"}],"predecessor-version":[{"id":5919,"href":"http:\/\/blogdoarmindomaia.com.br\/index.php?rest_route=\/wp\/v2\/posts\/5917\/revisions\/5919"}],"wp:featuredmedia":[{"embeddable":true,"href":"http:\/\/blogdoarmindomaia.com.br\/index.php?rest_route=\/wp\/v2\/media\/5918"}],"wp:attachment":[{"href":"http:\/\/blogdoarmindomaia.com.br\/index.php?rest_route=%2Fwp%2Fv2%2Fmedia&parent=5917"}],"wp:term":[{"taxonomy":"category","embeddable":true,"href":"http:\/\/blogdoarmindomaia.com.br\/index.php?rest_route=%2Fwp%2Fv2%2Fcategories&post=5917"},{"taxonomy":"post_tag","embeddable":true,"href":"http:\/\/blogdoarmindomaia.com.br\/index.php?rest_route=%2Fwp%2Fv2%2Ftags&post=5917"}],"curies":[{"name":"wp","href":"https:\/\/api.w.org\/{rel}","templated":true}]}}