{"id":5924,"date":"2023-08-01T14:06:06","date_gmt":"2023-08-01T17:06:06","guid":{"rendered":"http:\/\/blogdoarmindomaia.com.br\/?p=5924"},"modified":"2023-08-01T14:06:08","modified_gmt":"2023-08-01T17:06:08","slug":"vice-governador-destaca-esforcos-para-desenvolvimento-do-agro-mineiro","status":"publish","type":"post","link":"http:\/\/blogdoarmindomaia.com.br\/?p=5924","title":{"rendered":"Vice-governador destaca esfor\u00e7os para desenvolvimento do agro mineiro"},"content":{"rendered":"\n<figure class=\"wp-block-image size-full is-style-default\"><img loading=\"lazy\" decoding=\"async\" width=\"940\" height=\"350\" src=\"http:\/\/blogdoarmindomaia.com.br\/wp-content\/uploads\/2023\/08\/Vice-governador-destaca-esforcos-para-desenvolvimento-do-agro-mineiro-pag-07.jpg\" alt=\"\" class=\"wp-image-5925\" srcset=\"http:\/\/blogdoarmindomaia.com.br\/wp-content\/uploads\/2023\/08\/Vice-governador-destaca-esforcos-para-desenvolvimento-do-agro-mineiro-pag-07.jpg 940w, http:\/\/blogdoarmindomaia.com.br\/wp-content\/uploads\/2023\/08\/Vice-governador-destaca-esforcos-para-desenvolvimento-do-agro-mineiro-pag-07-300x112.jpg 300w, http:\/\/blogdoarmindomaia.com.br\/wp-content\/uploads\/2023\/08\/Vice-governador-destaca-esforcos-para-desenvolvimento-do-agro-mineiro-pag-07-768x286.jpg 768w\" sizes=\"auto, (max-width: 940px) 100vw, 940px\" \/><\/figure>\n\n\n\n<p>O vice-governador, Professor Mateus, participou, no &nbsp;s\u00e1bado (29\/7), do encerramento da 1\u00aa Feira de Neg\u00f3cios e Tecnologia do Cerrado Mineiro (Fenaminas), em Patos de Minas, no Alto Parana\u00edba.&nbsp;Durante cinco dias, produtores rurais da regi\u00e3o tiveram acesso a novas tecnologias, produtos e servi\u00e7os com o objetivo de aumentar a rentabilidade e sustentabilidade dos neg\u00f3cios. Estima-se que os 61 expositores movimentaram R$ 500 milh\u00f5es.&nbsp;Consideradas uma das regi\u00f5es mais produtivas e promissoras do pa\u00eds, o Alto Parana\u00edba e o Tri\u00e2ngulo Mineiro respondem por 15,2% do Produto Interno Bruto (PIB) de Minas Gerais, colaborando com 11,9% dos empregos formais. Durante seu discurso, Professor Mateus destacou a pujan\u00e7a do agroneg\u00f3cio nos \u00faltimos anos. \u201cA agricultura e a pecu\u00e1ria alcan\u00e7aram uma representatividade muito expressiva na economia mineira, representando quase 25% do PIB mineiro\u201d, explicou.<br>O vice-governador tamb\u00e9m citou o papel de relev\u00e2ncia tanto da Empresa de Assist\u00eancia T\u00e9cnica e Extens\u00e3o Rural do Estado de Minas Gerais (Emater) quanto da Empresa de Pesquisa Agropecu\u00e1ria de Minas Gerais (Epamig), de levarem assist\u00eancia t\u00e9cnica e pesquisa para o homem do campo.&nbsp; \u201cAcrescento o trabalho do Sebrae, mostrando para o produtor que ele \u00e9 um empres\u00e1rio. Aquilo que est\u00e1 na m\u00e3o dele \u00e9 um neg\u00f3cio, e que h\u00e1 possibilidade de continuar crescendo\u201d, afirmou. Professor Mateus enfatizou que o compromisso do Governo de Minas permanecer\u00e1 com o apoio dado nos \u00faltimos anos, como melhorias na infraestrutura energ\u00e9tica e log\u00edstica para proporcionar produ\u00e7\u00f5es e escoamento de mercadorias mais seguros. \u201cSabemos, tamb\u00e9m, da defici\u00eancia da m\u00e3o de obra, mas fico feliz em destacar que o projeto do estado, o Trilhas do Futuro, tem garantido a qualifica\u00e7\u00e3o do trabalhador no campo\u201d, avaliou. Por fim, o vice-governador agradeceu o trabalho desempenhado pelos produtores rurais em todo o estado. \u201cEu tenho muito orgulho dos nossos produtores. Voc\u00eas s\u00e3o a nossa maior esperan\u00e7a de amplia\u00e7\u00e3o da riqueza desse estado. O mineiro tem muito orgulho da sua origem do campo\u201d, finalizou.<br><br><br><\/p>\n","protected":false},"excerpt":{"rendered":"<p>O vice-governador, Professor Mateus, participou, no &nbsp;s\u00e1bado (29\/7), do encerramento da 1\u00aa Feira de Neg\u00f3cios e Tecnologia do Cerrado Mineiro<\/p>\n","protected":false},"author":2,"featured_media":5925,"comment_status":"open","ping_status":"open","sticky":false,"template":"","format":"standard","meta":{"footnotes":""},"categories":[9,11],"tags":[],"class_list":["post-5924","post","type-post","status-publish","format-standard","has-post-thumbnail","hentry","category-araxa","category-destaques"],"_links":{"self":[{"href":"http:\/\/blogdoarmindomaia.com.br\/index.php?rest_route=\/wp\/v2\/posts\/5924","targetHints":{"allow":["GET"]}}],"collection":[{"href":"http:\/\/blogdoarmindomaia.com.br\/index.php?rest_route=\/wp\/v2\/posts"}],"about":[{"href":"http:\/\/blogdoarmindomaia.com.br\/index.php?rest_route=\/wp\/v2\/types\/post"}],"author":[{"embeddable":true,"href":"http:\/\/blogdoarmindomaia.com.br\/index.php?rest_route=\/wp\/v2\/users\/2"}],"replies":[{"embeddable":true,"href":"http:\/\/blogdoarmindomaia.com.br\/index.php?rest_route=%2Fwp%2Fv2%2Fcomments&post=5924"}],"version-history":[{"count":1,"href":"http:\/\/blogdoarmindomaia.com.br\/index.php?rest_route=\/wp\/v2\/posts\/5924\/revisions"}],"predecessor-version":[{"id":5926,"href":"http:\/\/blogdoarmindomaia.com.br\/index.php?rest_route=\/wp\/v2\/posts\/5924\/revisions\/5926"}],"wp:featuredmedia":[{"embeddable":true,"href":"http:\/\/blogdoarmindomaia.com.br\/index.php?rest_route=\/wp\/v2\/media\/5925"}],"wp:attachment":[{"href":"http:\/\/blogdoarmindomaia.com.br\/index.php?rest_route=%2Fwp%2Fv2%2Fmedia&parent=5924"}],"wp:term":[{"taxonomy":"category","embeddable":true,"href":"http:\/\/blogdoarmindomaia.com.br\/index.php?rest_route=%2Fwp%2Fv2%2Fcategories&post=5924"},{"taxonomy":"post_tag","embeddable":true,"href":"http:\/\/blogdoarmindomaia.com.br\/index.php?rest_route=%2Fwp%2Fv2%2Ftags&post=5924"}],"curies":[{"name":"wp","href":"https:\/\/api.w.org\/{rel}","templated":true}]}}