{"id":5930,"date":"2023-08-01T14:17:56","date_gmt":"2023-08-01T17:17:56","guid":{"rendered":"http:\/\/blogdoarmindomaia.com.br\/?p=5930"},"modified":"2023-08-01T14:18:02","modified_gmt":"2023-08-01T17:18:02","slug":"14a-edicao-do-prefeitura-no-bairro-contempla-familias-com-escrituras-e-oferece-mais-de-40-servicos-gratuitos","status":"publish","type":"post","link":"http:\/\/blogdoarmindomaia.com.br\/?p=5930","title":{"rendered":"14\u00aa edi\u00e7\u00e3o do Prefeitura no Bairro contempla fam\u00edlias com escrituras e oferece mais de 40 servi\u00e7os gratuitos"},"content":{"rendered":"\n<p><\/p>\n\n\n\n<figure class=\"wp-block-image size-full is-style-default\"><img loading=\"lazy\" decoding=\"async\" width=\"1024\" height=\"683\" src=\"http:\/\/blogdoarmindomaia.com.br\/wp-content\/uploads\/2023\/08\/14o-Prefeitura-no-Bairro-Abolicao-9.jpeg\" alt=\"\" class=\"wp-image-5931\" srcset=\"http:\/\/blogdoarmindomaia.com.br\/wp-content\/uploads\/2023\/08\/14o-Prefeitura-no-Bairro-Abolicao-9.jpeg 1024w, http:\/\/blogdoarmindomaia.com.br\/wp-content\/uploads\/2023\/08\/14o-Prefeitura-no-Bairro-Abolicao-9-300x200.jpeg 300w, http:\/\/blogdoarmindomaia.com.br\/wp-content\/uploads\/2023\/08\/14o-Prefeitura-no-Bairro-Abolicao-9-768x512.jpeg 768w\" sizes=\"auto, (max-width: 1024px) 100vw, 1024px\" \/><\/figure>\n\n\n\n<p><\/p>\n\n\n\n<p>Mais de 40 servi\u00e7os gratuitos foram ofertados \u00e0 popula\u00e7\u00e3o durante o 14\u00ba Prefeitura no Bairro, realizado no CRAS Aboli\u00e7\u00e3o, no \u00faltimo s\u00e1bado (29). O evento contou com atividades de sa\u00fade, cultura, educa\u00e7\u00e3o, entretenimento, meio ambiente, seguran\u00e7a, esporte, a\u00e7\u00e3o social, entre outros, que tornam mais eficiente as estrat\u00e9gias de atendimento da Gest\u00e3o P\u00fablica.<br><br>E a t\u00e3o aguardada novidade desta edi\u00e7\u00e3o foi a entrega de escrituras definitivas para os moradores do bairro Aboli\u00e7\u00e3o e regi\u00e3o, atrav\u00e9s do programa Meu Lar da Secretaria Municipal de A\u00e7\u00e3o Social.<br><br>Moradora do bairro Aboli\u00e7\u00e3o h\u00e1 20 anos, a aposentada Ivone Lopes Jos\u00e9 foi uma das contempladas e fala da alegria em ter vivenciado este momento t\u00e3o importante para a fam\u00edlia dela. \u201cEu tenho tr\u00eas filhos e uma neta, que inclusive mora comigo. Estava esperando essa documenta\u00e7\u00e3o h\u00e1 20 anos, e quando eu soube que ia receber essa escritura foi uma alegria enorme. \u00c9 um sonho realizado, n\u00e3o d\u00e1 nem para explicar o que eu senti\u201d, comemora a moradora.<br><br>O Prefeitura no Bairro tamb\u00e9m realizou cadastros de estudantes e idosos para o projeto \u201cEu Vou\u201d, de Pol\u00edtica P\u00fablica Municipal de Mobilidade Urbana. A iniciativa garante a este p\u00fablico a gratuidade da tarifa do transporte p\u00fablico coletivo urbano.<br><br>Al\u00e9m disso, a edi\u00e7\u00e3o contou com a presen\u00e7a do 1\u00ba Pelot\u00e3o do Corpo de Bombeiros Militar, que promoveu um treinamento sobre a manobra de Heimlich, explicando \u00e0 comunidade sobre como agir em casos de desobstru\u00e7\u00e3o das vias respirat\u00f3rias em crian\u00e7as.<br><br>O prefeito Robson refor\u00e7a a import\u00e2ncia do Prefeitura no Bairro em aproximar o atendimento da Administra\u00e7\u00e3o Municipal \u00e0 popula\u00e7\u00e3o.<br><br>\u201c\u00c9 um evento que consegue mudar a vida da popula\u00e7\u00e3o para melhor. Seja por meio de uma orienta\u00e7\u00e3o de primeiros socorros que pode salvar a vida de uma crian\u00e7a, seja atrav\u00e9s da economia gerada pela gratuidade de uma tarifa do transporte p\u00fablico ou na entrega de uma escritura t\u00e3o esperada pelos moradores. S\u00e3o a\u00e7\u00f5es de enorme import\u00e2ncia, e que ir\u00e3o aumentar a cada\u201d, conclui o prefeito.<\/p>\n\n\n\n<figure class=\"wp-block-image size-full is-style-default\"><img loading=\"lazy\" decoding=\"async\" width=\"1024\" height=\"683\" src=\"http:\/\/blogdoarmindomaia.com.br\/wp-content\/uploads\/2023\/08\/14a-edicao-do-Prefeitura-no-Bairro-contempla-familias-com-escrituras-pag-09.jpeg\" alt=\"\" class=\"wp-image-5932\" srcset=\"http:\/\/blogdoarmindomaia.com.br\/wp-content\/uploads\/2023\/08\/14a-edicao-do-Prefeitura-no-Bairro-contempla-familias-com-escrituras-pag-09.jpeg 1024w, http:\/\/blogdoarmindomaia.com.br\/wp-content\/uploads\/2023\/08\/14a-edicao-do-Prefeitura-no-Bairro-contempla-familias-com-escrituras-pag-09-300x200.jpeg 300w, http:\/\/blogdoarmindomaia.com.br\/wp-content\/uploads\/2023\/08\/14a-edicao-do-Prefeitura-no-Bairro-contempla-familias-com-escrituras-pag-09-768x512.jpeg 768w\" sizes=\"auto, (max-width: 1024px) 100vw, 1024px\" \/><\/figure>\n\n\n\n<p><\/p>\n\n\n\n<p><\/p>\n","protected":false},"excerpt":{"rendered":"<p>Mais de 40 servi\u00e7os gratuitos foram ofertados \u00e0 popula\u00e7\u00e3o durante o 14\u00ba Prefeitura no Bairro, realizado no CRAS Aboli\u00e7\u00e3o, no<\/p>\n","protected":false},"author":2,"featured_media":5932,"comment_status":"open","ping_status":"open","sticky":false,"template":"","format":"standard","meta":{"footnotes":""},"categories":[9,11],"tags":[],"class_list":["post-5930","post","type-post","status-publish","format-standard","has-post-thumbnail","hentry","category-araxa","category-destaques"],"_links":{"self":[{"href":"http:\/\/blogdoarmindomaia.com.br\/index.php?rest_route=\/wp\/v2\/posts\/5930","targetHints":{"allow":["GET"]}}],"collection":[{"href":"http:\/\/blogdoarmindomaia.com.br\/index.php?rest_route=\/wp\/v2\/posts"}],"about":[{"href":"http:\/\/blogdoarmindomaia.com.br\/index.php?rest_route=\/wp\/v2\/types\/post"}],"author":[{"embeddable":true,"href":"http:\/\/blogdoarmindomaia.com.br\/index.php?rest_route=\/wp\/v2\/users\/2"}],"replies":[{"embeddable":true,"href":"http:\/\/blogdoarmindomaia.com.br\/index.php?rest_route=%2Fwp%2Fv2%2Fcomments&post=5930"}],"version-history":[{"count":1,"href":"http:\/\/blogdoarmindomaia.com.br\/index.php?rest_route=\/wp\/v2\/posts\/5930\/revisions"}],"predecessor-version":[{"id":5933,"href":"http:\/\/blogdoarmindomaia.com.br\/index.php?rest_route=\/wp\/v2\/posts\/5930\/revisions\/5933"}],"wp:featuredmedia":[{"embeddable":true,"href":"http:\/\/blogdoarmindomaia.com.br\/index.php?rest_route=\/wp\/v2\/media\/5932"}],"wp:attachment":[{"href":"http:\/\/blogdoarmindomaia.com.br\/index.php?rest_route=%2Fwp%2Fv2%2Fmedia&parent=5930"}],"wp:term":[{"taxonomy":"category","embeddable":true,"href":"http:\/\/blogdoarmindomaia.com.br\/index.php?rest_route=%2Fwp%2Fv2%2Fcategories&post=5930"},{"taxonomy":"post_tag","embeddable":true,"href":"http:\/\/blogdoarmindomaia.com.br\/index.php?rest_route=%2Fwp%2Fv2%2Ftags&post=5930"}],"curies":[{"name":"wp","href":"https:\/\/api.w.org\/{rel}","templated":true}]}}