{"id":5937,"date":"2023-08-01T14:22:10","date_gmt":"2023-08-01T17:22:10","guid":{"rendered":"http:\/\/blogdoarmindomaia.com.br\/?p=5937"},"modified":"2023-08-01T14:22:11","modified_gmt":"2023-08-01T17:22:11","slug":"festival-aqui-tem-mineiridade-atrai-mais-de-5-mil-pessoas-em-araxa","status":"publish","type":"post","link":"http:\/\/blogdoarmindomaia.com.br\/?p=5937","title":{"rendered":"Festival Aqui tem Mineiridade atrai mais de 5 mil pessoas em Arax\u00e1"},"content":{"rendered":"\n<figure class=\"wp-block-image size-full is-style-default\"><img loading=\"lazy\" decoding=\"async\" width=\"1024\" height=\"683\" src=\"http:\/\/blogdoarmindomaia.com.br\/wp-content\/uploads\/2023\/08\/Festival-Aqui-tem-Mineiridade-2.jpg\" alt=\"\" class=\"wp-image-5938\" srcset=\"http:\/\/blogdoarmindomaia.com.br\/wp-content\/uploads\/2023\/08\/Festival-Aqui-tem-Mineiridade-2.jpg 1024w, http:\/\/blogdoarmindomaia.com.br\/wp-content\/uploads\/2023\/08\/Festival-Aqui-tem-Mineiridade-2-300x200.jpg 300w, http:\/\/blogdoarmindomaia.com.br\/wp-content\/uploads\/2023\/08\/Festival-Aqui-tem-Mineiridade-2-768x512.jpg 768w\" sizes=\"auto, (max-width: 1024px) 100vw, 1024px\" \/><\/figure>\n\n\n\n<p><\/p>\n\n\n\n<p>O Festival Aqui tem Mineiridade destacou as tradi\u00e7\u00f5es e culturas mineiras entre os dias 28 e 29 de julho. Em dois dias de evento, mais de 5 mil pessoas passaram pelo p\u00e1tio da Funda\u00e7\u00e3o Cultural Calmon Barreto, segundo a organiza\u00e7\u00e3o.<br><br>O evento foi uma realiza\u00e7\u00e3o da Associa\u00e7\u00e3o de Moradores e Amigos dos Bairros Adhemar Rodrigues Valle J\u00fanior, Vila Andrea, \u00c1rea 3 e Vila Est\u00e2ncia, em parceria com a Prefeitura de Arax\u00e1, por meio da Secretaria Municipal de Desenvolvimento Econ\u00f4mico, Inova\u00e7\u00e3o e Turismo e Funda\u00e7\u00e3o Cultural Calmon Barreto.<br><br>O organizador do evento, Carlos Alberto Ribeiro Sales (Baca), ressalta que o festival foi um sucesso. \u201cForam dois dias incr\u00edveis. O p\u00fablico compareceu em massa e, claro, teve muita comida gostosa. O evento veio para resgatar a tradi\u00e7\u00e3o mineira e o objetivo foi atingido com sucesso. J\u00e1 estamos ansiosos para o ano que vem\u201d, afirma.<br><br>O secret\u00e1rio municipal de Desenvolvimento Econ\u00f4mico, Inova\u00e7\u00e3o e Turismo, Juliano Cesar da Silva, afirma que o evento fomentou o turismo e o com\u00e9rcio da cidade. \u201cMais uma vez, os araxaenses abra\u00e7aram um evento t\u00e3o importante como esse que resgatou as tradi\u00e7\u00f5es mineiras. O evento foi lindo, teve muita m\u00fasica boa, comidas t\u00edpicas e \u00e1rea de lazer para toda a fam\u00edlia\u201d, ressalta.<br><br>O prefeito Robson Magela destaca que o Festival Aqui tem Mineiridade \u00e9 um evento que veio para ficar. \u201cForam dois dias de muita comida t\u00edpica e m\u00fasica boa. Um evento que uniu pessoas de todas as idades\u201d, conclui.<br><\/p>\n\n\n\n<figure class=\"wp-block-image size-large is-style-default\"><img loading=\"lazy\" decoding=\"async\" width=\"1024\" height=\"577\" src=\"http:\/\/blogdoarmindomaia.com.br\/wp-content\/uploads\/2023\/08\/Festival-Aqui-tem-Mineiridade-atrai-mais-de-5-mil-pessoas-em-Araxa-pag-09-1024x577.jpeg\" alt=\"\" class=\"wp-image-5939\" srcset=\"http:\/\/blogdoarmindomaia.com.br\/wp-content\/uploads\/2023\/08\/Festival-Aqui-tem-Mineiridade-atrai-mais-de-5-mil-pessoas-em-Araxa-pag-09-1024x577.jpeg 1024w, http:\/\/blogdoarmindomaia.com.br\/wp-content\/uploads\/2023\/08\/Festival-Aqui-tem-Mineiridade-atrai-mais-de-5-mil-pessoas-em-Araxa-pag-09-300x169.jpeg 300w, http:\/\/blogdoarmindomaia.com.br\/wp-content\/uploads\/2023\/08\/Festival-Aqui-tem-Mineiridade-atrai-mais-de-5-mil-pessoas-em-Araxa-pag-09-768x432.jpeg 768w, http:\/\/blogdoarmindomaia.com.br\/wp-content\/uploads\/2023\/08\/Festival-Aqui-tem-Mineiridade-atrai-mais-de-5-mil-pessoas-em-Araxa-pag-09.jpeg 1156w\" sizes=\"auto, (max-width: 1024px) 100vw, 1024px\" \/><\/figure>\n","protected":false},"excerpt":{"rendered":"<p>O Festival Aqui tem Mineiridade destacou as tradi\u00e7\u00f5es e culturas mineiras entre os dias 28 e 29 de julho. Em<\/p>\n","protected":false},"author":2,"featured_media":5938,"comment_status":"open","ping_status":"open","sticky":false,"template":"","format":"standard","meta":{"footnotes":""},"categories":[9,5,11],"tags":[],"class_list":["post-5937","post","type-post","status-publish","format-standard","has-post-thumbnail","hentry","category-araxa","category-arte-e-cultura","category-destaques"],"_links":{"self":[{"href":"http:\/\/blogdoarmindomaia.com.br\/index.php?rest_route=\/wp\/v2\/posts\/5937","targetHints":{"allow":["GET"]}}],"collection":[{"href":"http:\/\/blogdoarmindomaia.com.br\/index.php?rest_route=\/wp\/v2\/posts"}],"about":[{"href":"http:\/\/blogdoarmindomaia.com.br\/index.php?rest_route=\/wp\/v2\/types\/post"}],"author":[{"embeddable":true,"href":"http:\/\/blogdoarmindomaia.com.br\/index.php?rest_route=\/wp\/v2\/users\/2"}],"replies":[{"embeddable":true,"href":"http:\/\/blogdoarmindomaia.com.br\/index.php?rest_route=%2Fwp%2Fv2%2Fcomments&post=5937"}],"version-history":[{"count":1,"href":"http:\/\/blogdoarmindomaia.com.br\/index.php?rest_route=\/wp\/v2\/posts\/5937\/revisions"}],"predecessor-version":[{"id":5940,"href":"http:\/\/blogdoarmindomaia.com.br\/index.php?rest_route=\/wp\/v2\/posts\/5937\/revisions\/5940"}],"wp:featuredmedia":[{"embeddable":true,"href":"http:\/\/blogdoarmindomaia.com.br\/index.php?rest_route=\/wp\/v2\/media\/5938"}],"wp:attachment":[{"href":"http:\/\/blogdoarmindomaia.com.br\/index.php?rest_route=%2Fwp%2Fv2%2Fmedia&parent=5937"}],"wp:term":[{"taxonomy":"category","embeddable":true,"href":"http:\/\/blogdoarmindomaia.com.br\/index.php?rest_route=%2Fwp%2Fv2%2Fcategories&post=5937"},{"taxonomy":"post_tag","embeddable":true,"href":"http:\/\/blogdoarmindomaia.com.br\/index.php?rest_route=%2Fwp%2Fv2%2Ftags&post=5937"}],"curies":[{"name":"wp","href":"https:\/\/api.w.org\/{rel}","templated":true}]}}