{"id":594,"date":"2022-05-02T19:29:42","date_gmt":"2022-05-02T22:29:42","guid":{"rendered":"http:\/\/blogdoarmindomaia.com.br\/?p=594"},"modified":"2022-05-02T19:38:31","modified_gmt":"2022-05-02T22:38:31","slug":"escritor-luiz-humberto-franca-lanca-novo-livro-a-cacada","status":"publish","type":"post","link":"http:\/\/blogdoarmindomaia.com.br\/?p=594","title":{"rendered":"Escritor Luiz Humberto Fran\u00e7a lan\u00e7a novo livro &#8220;A ca\u00e7ada&#8221;"},"content":{"rendered":"\n\n\n<figure class=\"wp-block-image size-large is-style-default\"><img loading=\"lazy\" decoding=\"async\" width=\"1024\" height=\"709\" src=\"http:\/\/blogdoarmindomaia.com.br\/wp-content\/uploads\/2022\/05\/LUIZ-HUMBERTO-FRANCA-1024x709.jpg\" alt=\"\" class=\"wp-image-595\" srcset=\"http:\/\/blogdoarmindomaia.com.br\/wp-content\/uploads\/2022\/05\/LUIZ-HUMBERTO-FRANCA-1024x709.jpg 1024w, http:\/\/blogdoarmindomaia.com.br\/wp-content\/uploads\/2022\/05\/LUIZ-HUMBERTO-FRANCA-300x208.jpg 300w, http:\/\/blogdoarmindomaia.com.br\/wp-content\/uploads\/2022\/05\/LUIZ-HUMBERTO-FRANCA-768x532.jpg 768w, http:\/\/blogdoarmindomaia.com.br\/wp-content\/uploads\/2022\/05\/LUIZ-HUMBERTO-FRANCA-1536x1063.jpg 1536w, http:\/\/blogdoarmindomaia.com.br\/wp-content\/uploads\/2022\/05\/LUIZ-HUMBERTO-FRANCA-2048x1418.jpg 2048w, http:\/\/blogdoarmindomaia.com.br\/wp-content\/uploads\/2022\/05\/LUIZ-HUMBERTO-FRANCA-392x272.jpg 392w, http:\/\/blogdoarmindomaia.com.br\/wp-content\/uploads\/2022\/05\/LUIZ-HUMBERTO-FRANCA-130x90.jpg 130w\" sizes=\"auto, (max-width: 1024px) 100vw, 1024px\" \/><\/figure>\n\n\n\n<p><em>Romance policial retrata a hist\u00f3ria do bandido que aterrorizou a regi\u00e3o na d\u00e9cada de 1980<\/em><\/p>\n\n\n\n<p>O escritor, jornalista e presidente da Academia Araxaense de Letras, Luiz Humberto Fran\u00e7a, apresenta na pr\u00f3xima quinta-feira (5) seu novo livro &#8220;A ca\u00e7ada&#8221;. O romance policial, baseado em fatos reais, conta a persegui\u00e7\u00e3o implac\u00e1vel a um bandido no interior de Minas Gerais no final dos anos 80. &#8220;Acompanhei o caso do Bandido de Itaip\u00fa no in\u00edcio da minha carreira no jornalismo impresso, me encantei pela hist\u00f3ria e resolvi fazer esse resgate no livro, misturando realidade e fic\u00e7\u00e3o, diz Luiz Humberto.<\/p>\n\n\n\n<p>O trabalho de pesquisa para a obra foi intenso. &#8220;Fui a Itaip\u00fa conversei com moradores que acompanharam o caso, entrevistei policiais da reserva que participaram diretamente da opera\u00e7\u00e3o, ouvi rep\u00f3rteres que cobriram os fatos e fiz uma pesquisa hist\u00f3rica nos arquivos de jornais. Isso tudo aliado \u00e0 minha experi\u00eancia na \u00e9poca, me deu a base real para a partir da\u00ed, acrescentar uma pitada de fic\u00e7\u00e3o&#8221;, explica.<\/p>\n\n\n\n<p>O livro &#8220;A ca\u00e7ada&#8221; ser\u00e1 lan\u00e7ado na Livraria Nobel nesta quinta (5) com a presen\u00e7a do autor das 17h \u00e0s 20h. E depois no s\u00e1bado (14), dentro da programa\u00e7\u00e3o do FliArax\u00e1.<\/p>\n\n\n\n<p><strong>Sinopse<\/strong><\/p>\n\n\n\n<p>Na trilha do Lazaro e de Orlando Sabino o monstro de Capin\u00f3polis, personagens que aterrorizaram o Brasil, o livro relata a a\u00e7\u00e3o de um bandido que tinha jeito pr\u00f3prio de agir e muita habilidade. Foi perseguido durante meses pela pol\u00edcia com aparato que envolveu c\u00e3es farejadores e at\u00e9 helic\u00f3ptero.<\/p>\n\n\n\n<p>Afinal quem era ele: saqueador? Andarilho ou doente mental? Nesse resgate da hist\u00f3ria o leitor \u00e9 quem tira a conclus\u00e3o.<\/p>\n\n\n\n<p><a><\/a>O livro tem trilhas sonoras compostas pelo m\u00fasico Diego Fran\u00e7a que podem ser ouvidas em QR Code. E ilustra\u00e7\u00f5es de Leo Calix que ajudam a criar o clima de suspense. A capa foi criada por Nicole Lima. Todos de Arax\u00e1.<\/p>\n\n\n\n<p><a><\/a><strong>Sobre o autor<\/strong><\/p>\n\n\n\n<p><a><\/a>Luiz Humberto Fran\u00e7a \u00e9 comunic\u00f3logo pela Universidade de Uberaba, com MBA pela Universidade de Franca e especializa\u00e7\u00e3o em literatura pela Universidade do Livro, da UNESP e pela Escola do Livro, da C\u00e2mara Brasileira do Livro. Tem mais de 30 anos de experi\u00eancia em jornalismo e outros quatro livros publicados: \u201cTelejornalismo no Interior\u201d, \u201cArax\u00e1 150 anos\u201d, \u201cO Colecionador de Hist\u00f3rias&#8221; e &#8220;Arax\u00e1 em Detalhes&#8221;<\/p>\n\n\n\n<p><a><\/a>Atualmente \u00e9 curador do Fliarax\u00e1 \u2013 Festival Liter\u00e1rio de Arax\u00e1 e presidente da Academia Araxaense de Letras.<\/p>\n\n\n\n<p><a><\/a><strong>Servi\u00e7o<\/strong><\/p>\n\n\n\n<p><a><\/a>Lan\u00e7amento de &#8220;A ca\u00e7ada&#8221;<\/p>\n\n\n\n<p><a><\/a><strong>Autor<\/strong>: Luiz Humberto Fran\u00e7a<\/p>\n\n\n\n<p><a><\/a><strong>Data<\/strong>: 05\/05\/2022- quinta<\/p>\n\n\n\n<p><a><\/a><strong>Hor\u00e1rio<\/strong>: 17h \u00e0s 20h<\/p>\n\n\n\n<p><a><\/a><strong>Local<\/strong>: Livraria Nobel &#8211; R. Dom Jos\u00e9 Gaspar, 267 &#8211; Centro, Arax\u00e1 \u2013 MG<\/p>\n\n\n\n<p><strong>FliArax\u00e1<\/strong><\/p>\n\n\n\n<p><strong>Data:<\/strong> 14\/05\/2022 &#8211; s\u00e1bado<\/p>\n\n\n\n<p><strong>Hor\u00e1rio:<\/strong> 15 h<\/p>\n\n\n\n<p><strong>Local:<\/strong> Palco Itamar Vieira Junior \u2013 Parque do Barreiro<\/p>\n","protected":false},"excerpt":{"rendered":"<p>Romance policial retrata a hist\u00f3ria do bandido que aterrorizou a regi\u00e3o na d\u00e9cada de 1980 O escritor, jornalista e presidente<\/p>\n","protected":false},"author":2,"featured_media":595,"comment_status":"open","ping_status":"open","sticky":false,"template":"","format":"standard","meta":{"footnotes":""},"categories":[9,5],"tags":[],"class_list":["post-594","post","type-post","status-publish","format-standard","has-post-thumbnail","hentry","category-araxa","category-arte-e-cultura"],"_links":{"self":[{"href":"http:\/\/blogdoarmindomaia.com.br\/index.php?rest_route=\/wp\/v2\/posts\/594","targetHints":{"allow":["GET"]}}],"collection":[{"href":"http:\/\/blogdoarmindomaia.com.br\/index.php?rest_route=\/wp\/v2\/posts"}],"about":[{"href":"http:\/\/blogdoarmindomaia.com.br\/index.php?rest_route=\/wp\/v2\/types\/post"}],"author":[{"embeddable":true,"href":"http:\/\/blogdoarmindomaia.com.br\/index.php?rest_route=\/wp\/v2\/users\/2"}],"replies":[{"embeddable":true,"href":"http:\/\/blogdoarmindomaia.com.br\/index.php?rest_route=%2Fwp%2Fv2%2Fcomments&post=594"}],"version-history":[{"count":1,"href":"http:\/\/blogdoarmindomaia.com.br\/index.php?rest_route=\/wp\/v2\/posts\/594\/revisions"}],"predecessor-version":[{"id":596,"href":"http:\/\/blogdoarmindomaia.com.br\/index.php?rest_route=\/wp\/v2\/posts\/594\/revisions\/596"}],"wp:featuredmedia":[{"embeddable":true,"href":"http:\/\/blogdoarmindomaia.com.br\/index.php?rest_route=\/wp\/v2\/media\/595"}],"wp:attachment":[{"href":"http:\/\/blogdoarmindomaia.com.br\/index.php?rest_route=%2Fwp%2Fv2%2Fmedia&parent=594"}],"wp:term":[{"taxonomy":"category","embeddable":true,"href":"http:\/\/blogdoarmindomaia.com.br\/index.php?rest_route=%2Fwp%2Fv2%2Fcategories&post=594"},{"taxonomy":"post_tag","embeddable":true,"href":"http:\/\/blogdoarmindomaia.com.br\/index.php?rest_route=%2Fwp%2Fv2%2Ftags&post=594"}],"curies":[{"name":"wp","href":"https:\/\/api.w.org\/{rel}","templated":true}]}}