{"id":5945,"date":"2023-08-03T14:42:09","date_gmt":"2023-08-03T17:42:09","guid":{"rendered":"http:\/\/blogdoarmindomaia.com.br\/?p=5945"},"modified":"2023-08-03T14:42:11","modified_gmt":"2023-08-03T17:42:11","slug":"reuniao-no-ministerio-publico-federal-discute-seguranca-de-romeiros-durante-caminhada","status":"publish","type":"post","link":"http:\/\/blogdoarmindomaia.com.br\/?p=5945","title":{"rendered":"Reuni\u00e3o no Minist\u00e9rio P\u00fablico Federal discute seguran\u00e7a de Romeiros durante caminhada"},"content":{"rendered":"\n<figure class=\"wp-block-image size-large is-style-default\"><img loading=\"lazy\" decoding=\"async\" width=\"1024\" height=\"472\" src=\"http:\/\/blogdoarmindomaia.com.br\/wp-content\/uploads\/2023\/08\/Reuniao-no-Ministerio-Publico-Federal-discute-seguranca-de-romeiros-1024x472.jpg\" alt=\"\" class=\"wp-image-5946\" srcset=\"http:\/\/blogdoarmindomaia.com.br\/wp-content\/uploads\/2023\/08\/Reuniao-no-Ministerio-Publico-Federal-discute-seguranca-de-romeiros-1024x472.jpg 1024w, http:\/\/blogdoarmindomaia.com.br\/wp-content\/uploads\/2023\/08\/Reuniao-no-Ministerio-Publico-Federal-discute-seguranca-de-romeiros-300x138.jpg 300w, http:\/\/blogdoarmindomaia.com.br\/wp-content\/uploads\/2023\/08\/Reuniao-no-Ministerio-Publico-Federal-discute-seguranca-de-romeiros-768x354.jpg 768w, http:\/\/blogdoarmindomaia.com.br\/wp-content\/uploads\/2023\/08\/Reuniao-no-Ministerio-Publico-Federal-discute-seguranca-de-romeiros-1536x708.jpg 1536w, http:\/\/blogdoarmindomaia.com.br\/wp-content\/uploads\/2023\/08\/Reuniao-no-Ministerio-Publico-Federal-discute-seguranca-de-romeiros.jpg 1600w\" sizes=\"auto, (max-width: 1024px) 100vw, 1024px\" \/><\/figure>\n\n\n\n<p>Em virtude da realiza\u00e7\u00e3o da Festa em Louvor a Nossa Senhora da Abadia, tradicional celebra\u00e7\u00e3o que \u00e9 realizada h\u00e1 mais de 150 anos na cidade de Romaria ( \u00c1gua Suja),&nbsp; no per\u00edodo entre primeiro a quinze de agosto, foi realizada no \u00faltimo dia 23 de julho, na sede do Minist\u00e9rio Publico Federal, na cidade de Uberl\u00e2ndia, um encontro para tratar da seguran\u00e7a dos milhares de romeiros que utilizam as estradas da regi\u00e3o em caminhadas de peregrina\u00e7\u00e3o at\u00e9 o santu\u00e1rio da cidade de Romaria. Na reuni\u00e3o coordenada pelo Promotor Federal Dr. Leonardo&nbsp; Andrade de Macedo, participaram v\u00e1rios \u00f3rg\u00e3os de seguran\u00e7a publica, como; Marco T\u00falio e Moises Kalil e Ivonei , representantes da Prefeitura de Uberl\u00e2ndia, Jo\u00e3o Rodrigues dos Reis, Prefeito de Romaria, Padre M\u00e1rcio Reitor da Bas\u00edlica de Romaria. Adagilson de Souza do Denit, Wellington Secret\u00e1rio de Obras da Patroc\u00ednio, Sebasti\u00e3o e esposa,&nbsp; representando os romeiros e barraqueiros, Marcela chefe de n\u00facleo representante o DER de MG, Tierre Campos Silva, Marcelo, Juliano e Katiela, representando a concession\u00e1ria do Tri\u00e2ngulo, Reginaldo Costa e Silva representante do Movimento SOS Represas e Afluentes, Fabricio, vereador de Nova Ponte e integrante do Movimento, vereador Clayton, representante de Pedrin\u00f3polis. Silva Lage representante SEINFRA com acompanhamento dos or\u00e9g\u00e3os de imprensa e Pol\u00edcia Rodovi\u00e1ria Federal. Durante o encontro foram discutidas medidas que dever\u00e3o ser adotadas para garantir&nbsp; a seguran\u00e7a dos romeiros.&nbsp; &nbsp;<\/p>\n\n\n\n<p>Ap\u00f3s os debates e discuss\u00f5es sobre o assunto, o promotor federal Dr. Leonardo Macedo, de acordo com a a\u00e7\u00e3o civil publica, proferiu a senten\u00e7a, determinando a inclus\u00e3o no projeto de duplica\u00e7\u00e3o da BR 365 de uma faixa especifica para romeiros no trecho entre as cidades de Uberl\u00e2ndia e Patos de Minas. Ele tamb\u00e9m destacou outros pontos de seguran\u00e7a dos romeiros, no per\u00edodo da festa religiosa.&nbsp; As concession\u00e1rias Rodovias do Tri\u00e2ngulo fizeram uma apresenta\u00e7\u00e3o de como ser\u00e1 o planejamento de sinaliza\u00e7\u00e3o durante a festa no trecho entre Uberl\u00e2ndia e Patroc\u00ednio, com sinaliza\u00e7\u00e3o onde estiverem montadas as barracas de apoio e descanso. Com sinaliza\u00e7\u00e3o ostensiva nas vias com ilumina\u00e7\u00e3o e cones, conforme &nbsp;orienta\u00e7\u00e3o da Pol\u00edcia Rodovi\u00e1ria Federal e Denit, principalmente a noite. Tamb\u00e9m dever\u00e1 ser feita a poda e limpeza nas laterais das rodovias e as opera\u00e7\u00f5es de tapa buraco. &nbsp;Tamb\u00e9m em rela\u00e7\u00e3o ao trafego de ve\u00edculos, existe uma portaria de restri\u00e7\u00e3o aos ve\u00edculos especiais evitando o tr\u00e2nsito de ve\u00edculos&nbsp; grandes&nbsp; nos per\u00edodos cr\u00edticos, &nbsp;com desvio do tr\u00e2nsito para a BR 262. Tamb\u00e9m houve uma normatiza\u00e7\u00e3o e restri\u00e7\u00e3o para o n\u00famero de barracas. A travessia de romeiros na ponte Branca, conforme relato do coordenador do Movimento SOS Represas e Afluentes, Reginaldo Costa e Silva, o procurador Dr. Leonardo, disse que oficiou a Capitania dos Portos da Marinha do Brasil, com sede em Belo Horizonte, a programa\u00e7\u00e3o de uma opera\u00e7\u00e3o no lago da Hidrel\u00e9trica de Nova Ponte, durante o per\u00edodo da festa. Numa a\u00e7\u00e3o conjunta com MPF, Marinha, Movimento SOS Represas, Prefeitura de Ira\u00ed de Minas, Pedrin\u00f3polis e secretarias. E o MPF&nbsp; estar\u00e1 acompanhando todas as a\u00e7\u00f5es para que a travessia ocorra de maneira segura. &nbsp;&nbsp;&nbsp;&nbsp;&nbsp;&nbsp;&nbsp;&nbsp;&nbsp;&nbsp;&nbsp;&nbsp;&nbsp;&nbsp;&nbsp;&nbsp;&nbsp;&nbsp;&nbsp;&nbsp;&nbsp;.<\/p>\n","protected":false},"excerpt":{"rendered":"<p>Em virtude da realiza\u00e7\u00e3o da Festa em Louvor a Nossa Senhora da Abadia, tradicional celebra\u00e7\u00e3o que \u00e9 realizada h\u00e1 mais<\/p>\n","protected":false},"author":2,"featured_media":5946,"comment_status":"open","ping_status":"open","sticky":false,"template":"","format":"standard","meta":{"footnotes":""},"categories":[9,8],"tags":[],"class_list":["post-5945","post","type-post","status-publish","format-standard","has-post-thumbnail","hentry","category-araxa","category-cidades"],"_links":{"self":[{"href":"http:\/\/blogdoarmindomaia.com.br\/index.php?rest_route=\/wp\/v2\/posts\/5945","targetHints":{"allow":["GET"]}}],"collection":[{"href":"http:\/\/blogdoarmindomaia.com.br\/index.php?rest_route=\/wp\/v2\/posts"}],"about":[{"href":"http:\/\/blogdoarmindomaia.com.br\/index.php?rest_route=\/wp\/v2\/types\/post"}],"author":[{"embeddable":true,"href":"http:\/\/blogdoarmindomaia.com.br\/index.php?rest_route=\/wp\/v2\/users\/2"}],"replies":[{"embeddable":true,"href":"http:\/\/blogdoarmindomaia.com.br\/index.php?rest_route=%2Fwp%2Fv2%2Fcomments&post=5945"}],"version-history":[{"count":1,"href":"http:\/\/blogdoarmindomaia.com.br\/index.php?rest_route=\/wp\/v2\/posts\/5945\/revisions"}],"predecessor-version":[{"id":5947,"href":"http:\/\/blogdoarmindomaia.com.br\/index.php?rest_route=\/wp\/v2\/posts\/5945\/revisions\/5947"}],"wp:featuredmedia":[{"embeddable":true,"href":"http:\/\/blogdoarmindomaia.com.br\/index.php?rest_route=\/wp\/v2\/media\/5946"}],"wp:attachment":[{"href":"http:\/\/blogdoarmindomaia.com.br\/index.php?rest_route=%2Fwp%2Fv2%2Fmedia&parent=5945"}],"wp:term":[{"taxonomy":"category","embeddable":true,"href":"http:\/\/blogdoarmindomaia.com.br\/index.php?rest_route=%2Fwp%2Fv2%2Fcategories&post=5945"},{"taxonomy":"post_tag","embeddable":true,"href":"http:\/\/blogdoarmindomaia.com.br\/index.php?rest_route=%2Fwp%2Fv2%2Ftags&post=5945"}],"curies":[{"name":"wp","href":"https:\/\/api.w.org\/{rel}","templated":true}]}}