{"id":5952,"date":"2023-08-03T14:49:47","date_gmt":"2023-08-03T17:49:47","guid":{"rendered":"http:\/\/blogdoarmindomaia.com.br\/?p=5952"},"modified":"2023-08-03T14:49:50","modified_gmt":"2023-08-03T17:49:50","slug":"em-parceria-com-a-prefeitura-de-araxa-26o-campeonato-radical-street-reune-800-pessoas-na-praca-da-juventude","status":"publish","type":"post","link":"http:\/\/blogdoarmindomaia.com.br\/?p=5952","title":{"rendered":"Em parceria com a Prefeitura de Arax\u00e1, 26\u00ba Campeonato Radical Street re\u00fane 800 pessoas na Pra\u00e7a da Juventude"},"content":{"rendered":"\n<p><\/p>\n\n\n\n<figure class=\"wp-block-image size-full is-style-default\"><img loading=\"lazy\" decoding=\"async\" width=\"1024\" height=\"683\" src=\"http:\/\/blogdoarmindomaia.com.br\/wp-content\/uploads\/2023\/08\/26o-Campeonato-Radical-Street-6.jpg\" alt=\"\" class=\"wp-image-5953\" srcset=\"http:\/\/blogdoarmindomaia.com.br\/wp-content\/uploads\/2023\/08\/26o-Campeonato-Radical-Street-6.jpg 1024w, http:\/\/blogdoarmindomaia.com.br\/wp-content\/uploads\/2023\/08\/26o-Campeonato-Radical-Street-6-300x200.jpg 300w, http:\/\/blogdoarmindomaia.com.br\/wp-content\/uploads\/2023\/08\/26o-Campeonato-Radical-Street-6-768x512.jpg 768w\" sizes=\"auto, (max-width: 1024px) 100vw, 1024px\" \/><\/figure>\n\n\n\n<figure class=\"wp-block-image size-full is-style-default\"><img loading=\"lazy\" decoding=\"async\" width=\"1024\" height=\"683\" src=\"http:\/\/blogdoarmindomaia.com.br\/wp-content\/uploads\/2023\/08\/26o-Campeonato-Radical-Street-14.jpg\" alt=\"\" class=\"wp-image-5954\" srcset=\"http:\/\/blogdoarmindomaia.com.br\/wp-content\/uploads\/2023\/08\/26o-Campeonato-Radical-Street-14.jpg 1024w, http:\/\/blogdoarmindomaia.com.br\/wp-content\/uploads\/2023\/08\/26o-Campeonato-Radical-Street-14-300x200.jpg 300w, http:\/\/blogdoarmindomaia.com.br\/wp-content\/uploads\/2023\/08\/26o-Campeonato-Radical-Street-14-768x512.jpg 768w\" sizes=\"auto, (max-width: 1024px) 100vw, 1024px\" \/><\/figure>\n\n\n\n<p><br>Uma manh\u00e3 perfeita para a pr\u00e1tica esportiva, um espa\u00e7o ideal para reunir familiares e amigos e muitas manobras radicais. Assim foi o 26\u00ba Campeonato Radical Street, que pela primeira vez contou com a parceria da Prefeitura de Arax\u00e1.<br><br>A competi\u00e7\u00e3o foi realizada no \u00faltimo domingo (30), na Pra\u00e7a da Juventude, no bairro Urciano Lemos, e atraiu mais de 800 pessoas entre competidores e p\u00fablico em geral.<br><br>O campeonato foi dividido em cinco categorias: Mirim, Feminina, Iniciante, Amador e M\u00e1ster, com 100 competidores das cidades de Arax\u00e1, Perdizes, Ibi\u00e1, Uberaba, Uberl\u00e2ndia, Araguari, Par\u00e1 de Minas, Patos de Minas, Nova Serrana, Formiga, Divin\u00f3polis, Belo Horizonte, Contagem, Betim, Papagaios, Osasco (SP) e Curitiba (PR).<br><br>A skatista Jana\u00edna Renata de Almeida de Morais veio de Contagem e diz que se surpreendeu com a estrutura do campeonato. \u201cFoi a primeira vez que participei de um campeonato em Arax\u00e1, e fiquei encantada com todo suporte preparado para os atletas. Todo mundo ganha com isso, a economia da cidade, as fam\u00edlias que vieram prestigiar o evento e o esporte, \u00e9 claro\u201d, comenta.<br><br>O produtor cultural do evento, Em\u00edlio Gon\u00e7alves, afirma que o apoio log\u00edstico e estrutural da Administra\u00e7\u00e3o Municipal fez toda a diferen\u00e7a para a competi\u00e7\u00e3o. \u201cFoi uma verdadeira festa do skate. Reunimos atletas de 5 a 50 anos, n\u00e3o s\u00f3 de Arax\u00e1, mas da regi\u00e3o e tamb\u00e9m do pa\u00eds. Pela primeira vez a Prefeitura de Arax\u00e1 garantiu um apoio de enorme import\u00e2ncia para n\u00f3s\u201d, relata.<br><br>O secret\u00e1rio municipal de Esportes, Jos\u00e9 Antunes Soares J\u00fanior (Ded\u00e9), destaca o papel das pra\u00e7as esportivas na cidade. \u201c\u00c9 muito importante continuar trabalhando para que esses espa\u00e7os possam atender todas as idades, fam\u00edlias e grupos de amigos. O acesso ao esporte muda a vida da popula\u00e7\u00e3o, e ficamos imensamente felizes em ver a Pra\u00e7a da Juventude movimentada, com um grande campeonato sendo realizado na modalidade do skate\u201d, ressalta.<br><br>Premia\u00e7\u00e3o<br><br>&#8211; Categoria Mirim<br><br>1\u00b0 lugar: Maike \/ Araguari<br>2\u00b0 lugar: Fl\u00e1vio \/ Arax\u00e1<br>3\u00b0 lugar: &nbsp;Caique \/ Arax\u00e1<br><br>&#8211; Categoria Feminina<br><br>1\u00ba lugar: Jana\u00edna Renata \/ Contagem<br>2\u00ba lugar: Fernanda Nunes \/ Arax\u00e1<br>3\u00ba lugar: Maria J\u00falia \/ Arax\u00e1<br><br>&#8211; Categoria Iniciante<br><br>1\u00b0 lugar: Guto \/ Uberaba<br>2\u00b0 lugar: Luan \/ Araguari<br>3\u00b0 lugar: Davi \/ Uberaba<br><br>&#8211; Categoria M\u00e1ster<br>&nbsp;<br>1\u00b0 lugar: Magno Sobral \/ Arax\u00e1<br>2\u00b0 lugar: Renato \/ Arax\u00e1<br>3\u00b0 lugar: Vinicius \/ Contagem<br><br>&#8211; Categoria Amador<br><br>1\u00b0 lugar: &nbsp;Cadu Garcia \/ Uberaba<br>2\u00b0 lugar: Evander \/ Uberl\u00e2ndia<br>3\u00b0 lugar: &nbsp;Matheus Vitorino \/ Patos de Minas<\/p>\n","protected":false},"excerpt":{"rendered":"<p>Uma manh\u00e3 perfeita para a pr\u00e1tica esportiva, um espa\u00e7o ideal para reunir familiares e amigos e muitas manobras radicais. Assim<\/p>\n","protected":false},"author":2,"featured_media":5955,"comment_status":"open","ping_status":"open","sticky":false,"template":"","format":"standard","meta":{"footnotes":""},"categories":[9,11],"tags":[],"class_list":["post-5952","post","type-post","status-publish","format-standard","has-post-thumbnail","hentry","category-araxa","category-destaques"],"_links":{"self":[{"href":"http:\/\/blogdoarmindomaia.com.br\/index.php?rest_route=\/wp\/v2\/posts\/5952","targetHints":{"allow":["GET"]}}],"collection":[{"href":"http:\/\/blogdoarmindomaia.com.br\/index.php?rest_route=\/wp\/v2\/posts"}],"about":[{"href":"http:\/\/blogdoarmindomaia.com.br\/index.php?rest_route=\/wp\/v2\/types\/post"}],"author":[{"embeddable":true,"href":"http:\/\/blogdoarmindomaia.com.br\/index.php?rest_route=\/wp\/v2\/users\/2"}],"replies":[{"embeddable":true,"href":"http:\/\/blogdoarmindomaia.com.br\/index.php?rest_route=%2Fwp%2Fv2%2Fcomments&post=5952"}],"version-history":[{"count":1,"href":"http:\/\/blogdoarmindomaia.com.br\/index.php?rest_route=\/wp\/v2\/posts\/5952\/revisions"}],"predecessor-version":[{"id":5956,"href":"http:\/\/blogdoarmindomaia.com.br\/index.php?rest_route=\/wp\/v2\/posts\/5952\/revisions\/5956"}],"wp:featuredmedia":[{"embeddable":true,"href":"http:\/\/blogdoarmindomaia.com.br\/index.php?rest_route=\/wp\/v2\/media\/5955"}],"wp:attachment":[{"href":"http:\/\/blogdoarmindomaia.com.br\/index.php?rest_route=%2Fwp%2Fv2%2Fmedia&parent=5952"}],"wp:term":[{"taxonomy":"category","embeddable":true,"href":"http:\/\/blogdoarmindomaia.com.br\/index.php?rest_route=%2Fwp%2Fv2%2Fcategories&post=5952"},{"taxonomy":"post_tag","embeddable":true,"href":"http:\/\/blogdoarmindomaia.com.br\/index.php?rest_route=%2Fwp%2Fv2%2Ftags&post=5952"}],"curies":[{"name":"wp","href":"https:\/\/api.w.org\/{rel}","templated":true}]}}