{"id":597,"date":"2022-05-02T19:33:44","date_gmt":"2022-05-02T22:33:44","guid":{"rendered":"http:\/\/blogdoarmindomaia.com.br\/?p=597"},"modified":"2022-05-02T19:34:37","modified_gmt":"2022-05-02T22:34:37","slug":"patrimonio-cultural-e-religioso-igreja-matriz-de-sao-domingos-sera-restaurada","status":"publish","type":"post","link":"http:\/\/blogdoarmindomaia.com.br\/?p=597","title":{"rendered":"<strong>Patrim\u00f4nio cultural e religioso, Igreja Matriz de S\u00e3o Domingos ser\u00e1 restaurada<\/strong>"},"content":{"rendered":"\n<figure class=\"wp-block-image size-large is-style-default\"><img loading=\"lazy\" decoding=\"async\" width=\"1024\" height=\"768\" src=\"http:\/\/blogdoarmindomaia.com.br\/wp-content\/uploads\/2022\/05\/reforma_matriz_1-1024x768.jpg\" alt=\"\" class=\"wp-image-599\" srcset=\"http:\/\/blogdoarmindomaia.com.br\/wp-content\/uploads\/2022\/05\/reforma_matriz_1-1024x768.jpg 1024w, http:\/\/blogdoarmindomaia.com.br\/wp-content\/uploads\/2022\/05\/reforma_matriz_1-300x225.jpg 300w, http:\/\/blogdoarmindomaia.com.br\/wp-content\/uploads\/2022\/05\/reforma_matriz_1-768x576.jpg 768w, http:\/\/blogdoarmindomaia.com.br\/wp-content\/uploads\/2022\/05\/reforma_matriz_1-1536x1152.jpg 1536w, http:\/\/blogdoarmindomaia.com.br\/wp-content\/uploads\/2022\/05\/reforma_matriz_1.jpg 1600w\" sizes=\"auto, (max-width: 1024px) 100vw, 1024px\" \/><\/figure>\n\n\n\n<figure class=\"wp-block-image size-large is-style-default\"><img loading=\"lazy\" decoding=\"async\" width=\"1024\" height=\"768\" src=\"http:\/\/blogdoarmindomaia.com.br\/wp-content\/uploads\/2022\/05\/reforma_matriz_6-1024x768.jpg\" alt=\"\" class=\"wp-image-598\" srcset=\"http:\/\/blogdoarmindomaia.com.br\/wp-content\/uploads\/2022\/05\/reforma_matriz_6-1024x768.jpg 1024w, http:\/\/blogdoarmindomaia.com.br\/wp-content\/uploads\/2022\/05\/reforma_matriz_6-300x225.jpg 300w, http:\/\/blogdoarmindomaia.com.br\/wp-content\/uploads\/2022\/05\/reforma_matriz_6-768x576.jpg 768w, http:\/\/blogdoarmindomaia.com.br\/wp-content\/uploads\/2022\/05\/reforma_matriz_6-1536x1152.jpg 1536w, http:\/\/blogdoarmindomaia.com.br\/wp-content\/uploads\/2022\/05\/reforma_matriz_6.jpg 1600w\" sizes=\"auto, (max-width: 1024px) 100vw, 1024px\" \/><\/figure>\n\n\n\n<p><em>Obras devem ser conclu\u00eddas em dezembro<\/em><strong><\/strong><\/p>\n\n\n\n<p>Quem passou nos \u00faltimos dias pela regi\u00e3o central de Arax\u00e1 j\u00e1 p\u00f4de notar tapumes e v\u00e1rios trabalhadores nos arredores da Igreja Matriz de S\u00e3o Domingos. \u00c9 o in\u00edcio de um grande trabalho de restaura\u00e7\u00e3o do pr\u00e9dio que ser\u00e1 realizado pela Funda\u00e7\u00e3o Cultural Acia (Facia), por meio da Lei de Incentivo \u00e0 Cultura e patroc\u00ednio m\u00e1ster da CBMM.<\/p>\n\n\n\n<p>As obras tiveram in\u00edcio na \u00faltima semana e ter\u00e3o quatro etapas. &#8220;Na primeira, o foco \u00e9 o telhado. \u00c9 a etapa mais importante. Depois vamos trabalhar no interior da torre do sino, seguindo, assim, para a parte el\u00e9trica, esquadrias, piso e, por \u00faltimo, faremos a pintura interna e externa&#8221;, explica Daiana Aquino Moura, engenheira respons\u00e1vel pela obra.<\/p>\n\n\n\n<p>A expectativa \u00e9 de que a obra dure oito meses. &#8220;Nossa comunidade est\u00e1 muito feliz com o in\u00edcio da reforma que se fazia urgente. Acompanhamos passo a passo a elabora\u00e7\u00e3o dos projetos e tenho certeza que a Igreja Matriz de S\u00e3o Domingos volta muito em breve como um marco arquitet\u00f4nico e de f\u00e9 para nossa cidade&#8221;, ressalta Padre Jonathan Costa, p\u00e1roco da Par\u00f3quia de S\u00e3o Domingos.<\/p>\n\n\n\n<p>O valor total aprovado para a obra passa de R$2,3 milh\u00f5es.&nbsp; Deste, parte j\u00e1 foi captado. &#8220;Toda comunidade araxaense, indistintamente, ser\u00e1 beneficiada pela preserva\u00e7\u00e3o da Igreja Matriz de S\u00e3o Domingos, este grande patrim\u00f4nio hist\u00f3rico, cultural e religioso de nossa cidade&#8221;, ressalta Elisa Bai\u00e3o Mac\u00eado, presidente da Funda\u00e7\u00e3o Cultural Acia (Facia).<\/p>\n\n\n\n<p><strong>Evolu\u00e7\u00e3o dos problemas<\/strong><\/p>\n\n\n\n<p>As \u00faltimas obras de restaura\u00e7\u00e3o na Igreja, s\u00edmbolo da cidade, ocorreram h\u00e1 10 anos. De l\u00e1 para c\u00e1, a comunidade e os turistas que frequentam o local perceberam o avan\u00e7o de graves problemas na estrutura. &#8220;Temos hoje grandes infiltra\u00e7\u00f5es e rachaduras. Os ladrilhos est\u00e3o soltando nos pisos e tamb\u00e9m h\u00e1 uma situa\u00e7\u00e3o s\u00e9ria em rela\u00e7\u00e3o \u00e0 parte el\u00e9trica&#8221;, explica o Padre Jonathan.<\/p>\n\n\n\n<p>A situa\u00e7\u00e3o se agravou nos \u00faltimos anos. &#8220;Vimos aos poucos a Igreja perdendo um pouco de sua beleza e ficamos tamb\u00e9m inseguros de frequentar com a situa\u00e7\u00e3o se agravando&#8221;, diz a aposentada Maria de Lourdes Silveira.<\/p>\n\n\n\n<p><strong>Hist\u00f3rico<\/strong><\/p>\n\n\n\n<p>Do planejamento \u00e0 constru\u00e7\u00e3o e t\u00e9rmino, as obras da Igreja Matriz de S\u00e3o Domingos duraram mais de 40 anos. Entre 1911 e 1948 a comunidade religiosa de Arax\u00e1 acompanhou de perto a evolu\u00e7\u00e3o dos trabalhos, bem como algumas paralisa\u00e7\u00f5es.<\/p>\n\n\n\n<p>Segundo registros da Funda\u00e7\u00e3o Cultural Calmon Barreto, em 24 de agosto de 1948, o vig\u00e1rio Pe. Philippini anotou nos arquivos o seguinte: \u201cTerminam-se por completo todos os trabalhos de consolida\u00e7\u00e3o, revestimento interno e externo, forro e piso da Matriz, a escadaria, as depend\u00eancias, a sacristia, a torre, a grade em redor da igreja, e jardim; numa palavra, est\u00e1 prompta, acabada a obra que me propuz a fazer. Deo gratias&#8230;\u201d<\/p>\n\n\n\n<p>O estilo arquitet\u00f4nico da Igreja Matriz de S\u00e3o Domingos re\u00fane caracter\u00edsticas romanas com elementos g\u00f3ticos. Destaque para a beleza das pinturas murais, vitrais e elementos decorativos.<\/p>\n\n\n\n<p>A reforma que garantir\u00e1 a preserva\u00e7\u00e3o deste patrim\u00f4nio \u00e9 promovida pela Funda\u00e7\u00e3o Cultural Acia (Facia) e tem o patroc\u00ednio m\u00e1ster da Companhia Brasileira de Metalurgia e Minera\u00e7\u00e3o (CBMM), atrav\u00e9s da Lei de Incentivo \u00e0 Cultura, da Secretaria Especial de Cultura do Minist\u00e9rio do Turismo.&nbsp;<\/p>\n\n\n\n<p><strong>Missas<\/strong><\/p>\n\n\n\n<p>Durante o per\u00edodo da restaura\u00e7\u00e3o, as missas realizadas na Matriz foram transferidas para o Col\u00e9gio Dom Bosco (Av. Imbiara, 130).<\/p>\n\n\n\n<p>Houve altera\u00e7\u00f5es nos hor\u00e1rios:<\/p>\n\n\n\n<p>&#8211;&nbsp;&nbsp;&nbsp;&nbsp;&nbsp;&nbsp;Segunda a s\u00e1bado &#8211; 19h<\/p>\n\n\n\n<p>&#8211;&nbsp;&nbsp;&nbsp;&nbsp;&nbsp;&nbsp;Domingo &#8211; 7h, 9h, 17h30 e 19h30<\/p>\n\n\n\n<p>A secretaria da Par\u00f3quia continua funcionando no mesmo local.<\/p>\n","protected":false},"excerpt":{"rendered":"<p>Obras devem ser conclu\u00eddas em dezembro Quem passou nos \u00faltimos dias pela regi\u00e3o central de Arax\u00e1 j\u00e1 p\u00f4de notar tapumes<\/p>\n","protected":false},"author":2,"featured_media":598,"comment_status":"open","ping_status":"open","sticky":false,"template":"","format":"standard","meta":{"footnotes":""},"categories":[9,27],"tags":[],"class_list":["post-597","post","type-post","status-publish","format-standard","has-post-thumbnail","hentry","category-araxa","category-religiao"],"_links":{"self":[{"href":"http:\/\/blogdoarmindomaia.com.br\/index.php?rest_route=\/wp\/v2\/posts\/597","targetHints":{"allow":["GET"]}}],"collection":[{"href":"http:\/\/blogdoarmindomaia.com.br\/index.php?rest_route=\/wp\/v2\/posts"}],"about":[{"href":"http:\/\/blogdoarmindomaia.com.br\/index.php?rest_route=\/wp\/v2\/types\/post"}],"author":[{"embeddable":true,"href":"http:\/\/blogdoarmindomaia.com.br\/index.php?rest_route=\/wp\/v2\/users\/2"}],"replies":[{"embeddable":true,"href":"http:\/\/blogdoarmindomaia.com.br\/index.php?rest_route=%2Fwp%2Fv2%2Fcomments&post=597"}],"version-history":[{"count":1,"href":"http:\/\/blogdoarmindomaia.com.br\/index.php?rest_route=\/wp\/v2\/posts\/597\/revisions"}],"predecessor-version":[{"id":600,"href":"http:\/\/blogdoarmindomaia.com.br\/index.php?rest_route=\/wp\/v2\/posts\/597\/revisions\/600"}],"wp:featuredmedia":[{"embeddable":true,"href":"http:\/\/blogdoarmindomaia.com.br\/index.php?rest_route=\/wp\/v2\/media\/598"}],"wp:attachment":[{"href":"http:\/\/blogdoarmindomaia.com.br\/index.php?rest_route=%2Fwp%2Fv2%2Fmedia&parent=597"}],"wp:term":[{"taxonomy":"category","embeddable":true,"href":"http:\/\/blogdoarmindomaia.com.br\/index.php?rest_route=%2Fwp%2Fv2%2Fcategories&post=597"},{"taxonomy":"post_tag","embeddable":true,"href":"http:\/\/blogdoarmindomaia.com.br\/index.php?rest_route=%2Fwp%2Fv2%2Ftags&post=597"}],"curies":[{"name":"wp","href":"https:\/\/api.w.org\/{rel}","templated":true}]}}