{"id":5973,"date":"2023-08-07T14:13:15","date_gmt":"2023-08-07T17:13:15","guid":{"rendered":"http:\/\/blogdoarmindomaia.com.br\/?p=5973"},"modified":"2023-08-07T14:13:17","modified_gmt":"2023-08-07T17:13:17","slug":"ministerio-da-cultura-e-cbmm-apresentam-curta-metragem-preservadores-no-brasil-cerrado","status":"publish","type":"post","link":"http:\/\/blogdoarmindomaia.com.br\/?p=5973","title":{"rendered":"Minist\u00e9rio da Cultura e CBMM apresentam curta metragem &#8220;Preservadores no Brasil &#8211; Cerrado&#8221;"},"content":{"rendered":"\n<figure class=\"wp-block-image size-large is-style-default\"><img loading=\"lazy\" decoding=\"async\" width=\"1024\" height=\"576\" src=\"http:\/\/blogdoarmindomaia.com.br\/wp-content\/uploads\/2023\/08\/PnB-3.11.1-1024x576.jpg\" alt=\"\" class=\"wp-image-5974\" srcset=\"http:\/\/blogdoarmindomaia.com.br\/wp-content\/uploads\/2023\/08\/PnB-3.11.1-1024x576.jpg 1024w, http:\/\/blogdoarmindomaia.com.br\/wp-content\/uploads\/2023\/08\/PnB-3.11.1-300x169.jpg 300w, http:\/\/blogdoarmindomaia.com.br\/wp-content\/uploads\/2023\/08\/PnB-3.11.1-768x432.jpg 768w, http:\/\/blogdoarmindomaia.com.br\/wp-content\/uploads\/2023\/08\/PnB-3.11.1-1536x864.jpg 1536w, http:\/\/blogdoarmindomaia.com.br\/wp-content\/uploads\/2023\/08\/PnB-3.11.1.jpg 1920w\" sizes=\"auto, (max-width: 1024px) 100vw, 1024px\" \/><\/figure>\n\n\n\n<p><em>Projeto cinematogr\u00e1fico de educa\u00e7\u00e3o e conscientiza\u00e7\u00e3o ambiental d\u00e1 voz \u00e0queles que preservam suas propriedades em benef\u00edcio das futuras gera\u00e7\u00f5es<\/em><\/p>\n\n\n\n<p><\/p>\n\n\n\n<p><\/p>\n\n\n\n<p>O Cerrado, segundo maior bioma da Am\u00e9rica do Sul, \u00e9 o mais novo cen\u00e1rio do curta metragem \u201cPreservadores no Brasil\u201d, s\u00e9rie produzida pela Garagem Filmes e patrocinada pela CBMM, por meio da Lei Federal de Incentivo \u00e0 Cultura. O lan\u00e7amento do curta acontece nesta ter\u00e7a-feira (08\/08), \u00e0s 19h, no Cine Petra Belas Artes, em S\u00e3o Paulo, e estar\u00e1 dispon\u00edvel gratuitamente a partir do dia 9 de agosto, na plataforma do&nbsp;<a href=\"https:\/\/www.youtube.com\/@PreservadoresnoBrasil\" target=\"_blank\" rel=\"noreferrer noopener\">Youtube<\/a>.<\/p>\n\n\n\n<p>O Preservadores no Brasil \u2013 Cerrado conta hist\u00f3rias de personagens reais que dedicam esfor\u00e7os para manter a preserva\u00e7\u00e3o do meio ambiente em benef\u00edcio da sociedade. \u00c9 um convite de reflex\u00e3o sobre a urg\u00eancia da preserva\u00e7\u00e3o, evidenciando a import\u00e2ncia do bioma j\u00e1 amea\u00e7ado. Al\u00e9m de abrigar mais de 12 mil esp\u00e9cies de plantas nativas e 2.373 esp\u00e9cies da fauna, o Cerrado \u00e9 tamb\u00e9m indispens\u00e1vel para o equil\u00edbrio hidrol\u00f3gico no Brasil, com nascentes das principais bacias hidrogr\u00e1ficas do pa\u00eds e da Am\u00e9rica do Sul.<\/p>\n\n\n\n<p>\u201cIdealizamos o Preservadores no Brasil para mostrar as dificuldades e emo\u00e7\u00f5es vividas por pessoas e empresas que conservam \u00e1reas privadas no pa\u00eds. O trabalho de conservar \u00e9 extremamente complexo e a sociedade n\u00e3o remunera esse servi\u00e7o prestado pelos conservadores\u201d, afirma o idealizador da s\u00e9rie e empreendedor ambiental, Yuri Marinho Rugai.<\/p>\n\n\n\n<p><strong>CBMM como refer\u00eancia para conserva\u00e7\u00e3o do Cerrado<\/strong><\/p>\n\n\n\n<p>A CBMM participa do curta metragem por ser refer\u00eancia na preserva\u00e7\u00e3o do bioma. A empresa l\u00edder mundial na produ\u00e7\u00e3o e comercializa\u00e7\u00e3o de produtos de Ni\u00f3bio possui, desde 1980, programas de conserva\u00e7\u00e3o direcionados a esp\u00e9cies do Cerrado amea\u00e7adas de extin\u00e7\u00e3o e end\u00eamicas da regi\u00e3o de Arax\u00e1, Minas Gerais.<\/p>\n\n\n\n<p>Localizado no cora\u00e7\u00e3o do cerrado mineiro, o Centro de Desenvolvimento Ambiental (CDA) da CBMM realiza projetos de pesquisa, manejo e reprodu\u00e7\u00e3o de plantas e animais. Nele, encontra-se o criadouro cient\u00edfico de fauna silvestre \u2013 regulamentado pelo Instituto Brasileiro do Meio Ambiente e dos Recursos Naturais Renov\u00e1veis (Ibama), e o viveiro de mudas que j\u00e1 reproduziu 250 esp\u00e9cies da flora, sendo 24 raras, amea\u00e7adas de extin\u00e7\u00e3o ou protegidas por lei, como ip\u00ea-amarelo, cedro, pequi, jequitib\u00e1-branco, aroeira-do-sert\u00e3o, dentre outras.<\/p>\n\n\n\n<p>Al\u00e9m da \u00e1rea de esp\u00e9cies nativas do Cerrado, a CBMM desenvolve o programa de educa\u00e7\u00e3o ambiental voltado a institui\u00e7\u00f5es de ensino da regi\u00e3o de Arax\u00e1. Com o objetivo de compartilhar com crian\u00e7as, adolescentes, professores e colaboradores a riqueza da fauna e da flora do bioma, o projeto aborda temas como tecnologia ambiental, recursos naturais da regi\u00e3o, meio ambiente, cultura e hist\u00f3ria. Desde a sua cria\u00e7\u00e3o, o programa de educa\u00e7\u00e3o ambiental j\u00e1 atingiu mais de 75 mil pessoas. \u201cA CBMM \u00e9 pioneira e refer\u00eancia em projetos de desenvolvimento ambiental focados no bioma Cerrado. Dedicamos esfor\u00e7os no engajamento de nossos colaboradores, familiares e comunidade nesse trabalho t\u00e3o relevante para o pa\u00eds, buscando deixar legado de preserva\u00e7\u00e3o e de recupera\u00e7\u00e3o da fauna e flora do cerrado mineiro.\u201d, afirma Alo\u00edsio Leandro da Silva, membro do time de Meio Ambiente da CBMM.<\/p>\n","protected":false},"excerpt":{"rendered":"<p>Projeto cinematogr\u00e1fico de educa\u00e7\u00e3o e conscientiza\u00e7\u00e3o ambiental d\u00e1 voz \u00e0queles que preservam suas propriedades em benef\u00edcio das futuras gera\u00e7\u00f5es O<\/p>\n","protected":false},"author":2,"featured_media":5974,"comment_status":"open","ping_status":"open","sticky":false,"template":"","format":"standard","meta":{"footnotes":""},"categories":[9,11,19],"tags":[],"class_list":["post-5973","post","type-post","status-publish","format-standard","has-post-thumbnail","hentry","category-araxa","category-destaques","category-meio-ambiente"],"_links":{"self":[{"href":"http:\/\/blogdoarmindomaia.com.br\/index.php?rest_route=\/wp\/v2\/posts\/5973","targetHints":{"allow":["GET"]}}],"collection":[{"href":"http:\/\/blogdoarmindomaia.com.br\/index.php?rest_route=\/wp\/v2\/posts"}],"about":[{"href":"http:\/\/blogdoarmindomaia.com.br\/index.php?rest_route=\/wp\/v2\/types\/post"}],"author":[{"embeddable":true,"href":"http:\/\/blogdoarmindomaia.com.br\/index.php?rest_route=\/wp\/v2\/users\/2"}],"replies":[{"embeddable":true,"href":"http:\/\/blogdoarmindomaia.com.br\/index.php?rest_route=%2Fwp%2Fv2%2Fcomments&post=5973"}],"version-history":[{"count":1,"href":"http:\/\/blogdoarmindomaia.com.br\/index.php?rest_route=\/wp\/v2\/posts\/5973\/revisions"}],"predecessor-version":[{"id":5975,"href":"http:\/\/blogdoarmindomaia.com.br\/index.php?rest_route=\/wp\/v2\/posts\/5973\/revisions\/5975"}],"wp:featuredmedia":[{"embeddable":true,"href":"http:\/\/blogdoarmindomaia.com.br\/index.php?rest_route=\/wp\/v2\/media\/5974"}],"wp:attachment":[{"href":"http:\/\/blogdoarmindomaia.com.br\/index.php?rest_route=%2Fwp%2Fv2%2Fmedia&parent=5973"}],"wp:term":[{"taxonomy":"category","embeddable":true,"href":"http:\/\/blogdoarmindomaia.com.br\/index.php?rest_route=%2Fwp%2Fv2%2Fcategories&post=5973"},{"taxonomy":"post_tag","embeddable":true,"href":"http:\/\/blogdoarmindomaia.com.br\/index.php?rest_route=%2Fwp%2Fv2%2Ftags&post=5973"}],"curies":[{"name":"wp","href":"https:\/\/api.w.org\/{rel}","templated":true}]}}