{"id":5979,"date":"2023-08-07T14:33:05","date_gmt":"2023-08-07T17:33:05","guid":{"rendered":"http:\/\/blogdoarmindomaia.com.br\/?p=5979"},"modified":"2023-08-07T14:33:12","modified_gmt":"2023-08-07T17:33:12","slug":"camara-realiza-plenaria-municipal-do-parlamento-jovem-de-minas","status":"publish","type":"post","link":"http:\/\/blogdoarmindomaia.com.br\/?p=5979","title":{"rendered":"C\u00e2mara realiza Plen\u00e1ria Municipal do Parlamento Jovem de Minas"},"content":{"rendered":"\n<figure class=\"wp-block-image size-large is-style-default\"><img loading=\"lazy\" decoding=\"async\" width=\"1024\" height=\"576\" src=\"http:\/\/blogdoarmindomaia.com.br\/wp-content\/uploads\/2023\/08\/Camara-realiza-Plenaria-Municipal-do-Parlamento-Jovem-de-Minas-pag-08-1024x576.jpeg\" alt=\"\" class=\"wp-image-5980\" srcset=\"http:\/\/blogdoarmindomaia.com.br\/wp-content\/uploads\/2023\/08\/Camara-realiza-Plenaria-Municipal-do-Parlamento-Jovem-de-Minas-pag-08-1024x576.jpeg 1024w, http:\/\/blogdoarmindomaia.com.br\/wp-content\/uploads\/2023\/08\/Camara-realiza-Plenaria-Municipal-do-Parlamento-Jovem-de-Minas-pag-08-300x169.jpeg 300w, http:\/\/blogdoarmindomaia.com.br\/wp-content\/uploads\/2023\/08\/Camara-realiza-Plenaria-Municipal-do-Parlamento-Jovem-de-Minas-pag-08-768x432.jpeg 768w, http:\/\/blogdoarmindomaia.com.br\/wp-content\/uploads\/2023\/08\/Camara-realiza-Plenaria-Municipal-do-Parlamento-Jovem-de-Minas-pag-08-1536x864.jpeg 1536w, http:\/\/blogdoarmindomaia.com.br\/wp-content\/uploads\/2023\/08\/Camara-realiza-Plenaria-Municipal-do-Parlamento-Jovem-de-Minas-pag-08.jpeg 1600w\" sizes=\"auto, (max-width: 1024px) 100vw, 1024px\" \/><\/figure>\n\n\n\n<p>A C\u00e2mara Municipal de Arax\u00e1 realizou, na semana que passou, a plen\u00e1ria municipal do Programa Parlamento Jovem de Minas 2023 (PJ Minas). Alunos, pais, vereadores e professores de escolas de ensino m\u00e9dio participaram do evento.<\/p>\n\n\n\n<p>O Parlamento Jovem de Minas \u00e9 um programa educacional que simula o funcionamento do poder legislativo e proporciona aos estudantes do ensino m\u00e9dio a oportunidade de participar do processo pol\u00edtico, desenvolvendo habilidades de lideran\u00e7a e cidadania. O programa \u00e9 realizado pela Assembleia Legislativa do Estado de Minas Gerais (ALMG), por meio da Escola do Legislativo (ELE), em parceria com as c\u00e2maras municipais. A cada edi\u00e7\u00e3o um tema \u00e9 escolhido para ser debatido. O tema deste ano \u00e9 &#8220;O Jovem e o Mercado de Trabalho&#8221;.<\/p>\n\n\n\n<p>Na C\u00e2mara Municipal de Arax\u00e1 o programa \u00e9 conduzido pelo presidente da casa, vereador Bosco J\u00fanior, e sua equipe, desde o ano de 2018, com o apoio da Escola do Legislativo de Arax\u00e1.<\/p>\n\n\n\n<p>Na abertura do evento, Bosco Jr. falou da import\u00e2ncia do programa para que os jovens entendam o trabalho do vereador e, futuramente, possam votar com consci\u00eancia ou at\u00e9 mesmo ocupar um lugar na pol\u00edtica.<\/p>\n\n\n\n<p>O ex-aluno e atual coordenador do projeto, Carlos Vin\u00edcius Santos, fez a abertura da sess\u00e3o agradecendo a oportunidade de ter participado do PJ Minas em 2019. Em sua opini\u00e3o, o Programa n\u00e3o trata apenas de pol\u00edtica, mas tamb\u00e9m de aprender os direitos e deveres do cidad\u00e3o.<\/p>\n\n\n\n<p>No ano de 2023, o Parlamento Jovem de Arax\u00e1 contou com a participa\u00e7\u00e3o de cerca de 30 estudantes do ensino m\u00e9dio, de oito (8) escolas estaduais e particulares. Eles participaram de diversas oficinas e palestras sobre o tema debatido e elaboraram nove (9) propostas. Durante a plen\u00e1ria municipal, eles votaram e escolheram quatro (4) propostas que ser\u00e3o levadas para a plen\u00e1ria regional, a ser realizada no dia 10 de agosto na cidade de Concei\u00e7\u00e3o das Alagoas.<\/p>\n\n\n\n<p>A \u00faltima etapa do programa reunir\u00e1 estudantes de todo o estado e ser\u00e1 realizada em Belo Horizonte, na Assembleia Legislativa de Minas Gerais, entre os dias 20 e 22 de setembro. As propostas aprovadas pelos estudantes na plen\u00e1ria estadual ser\u00e3o encaminhadas para a Comiss\u00e3o de Participa\u00e7\u00e3o Popular da ALMG e poder\u00e3o inclusive ser transformadas em Projetos de Lei, trazendo benef\u00edcios reais para toda a sociedade.<\/p>\n","protected":false},"excerpt":{"rendered":"<p>A C\u00e2mara Municipal de Arax\u00e1 realizou, na semana que passou, a plen\u00e1ria municipal do Programa Parlamento Jovem de Minas 2023<\/p>\n","protected":false},"author":2,"featured_media":5980,"comment_status":"open","ping_status":"open","sticky":false,"template":"","format":"standard","meta":{"footnotes":""},"categories":[9,11],"tags":[],"class_list":["post-5979","post","type-post","status-publish","format-standard","has-post-thumbnail","hentry","category-araxa","category-destaques"],"_links":{"self":[{"href":"http:\/\/blogdoarmindomaia.com.br\/index.php?rest_route=\/wp\/v2\/posts\/5979","targetHints":{"allow":["GET"]}}],"collection":[{"href":"http:\/\/blogdoarmindomaia.com.br\/index.php?rest_route=\/wp\/v2\/posts"}],"about":[{"href":"http:\/\/blogdoarmindomaia.com.br\/index.php?rest_route=\/wp\/v2\/types\/post"}],"author":[{"embeddable":true,"href":"http:\/\/blogdoarmindomaia.com.br\/index.php?rest_route=\/wp\/v2\/users\/2"}],"replies":[{"embeddable":true,"href":"http:\/\/blogdoarmindomaia.com.br\/index.php?rest_route=%2Fwp%2Fv2%2Fcomments&post=5979"}],"version-history":[{"count":1,"href":"http:\/\/blogdoarmindomaia.com.br\/index.php?rest_route=\/wp\/v2\/posts\/5979\/revisions"}],"predecessor-version":[{"id":5981,"href":"http:\/\/blogdoarmindomaia.com.br\/index.php?rest_route=\/wp\/v2\/posts\/5979\/revisions\/5981"}],"wp:featuredmedia":[{"embeddable":true,"href":"http:\/\/blogdoarmindomaia.com.br\/index.php?rest_route=\/wp\/v2\/media\/5980"}],"wp:attachment":[{"href":"http:\/\/blogdoarmindomaia.com.br\/index.php?rest_route=%2Fwp%2Fv2%2Fmedia&parent=5979"}],"wp:term":[{"taxonomy":"category","embeddable":true,"href":"http:\/\/blogdoarmindomaia.com.br\/index.php?rest_route=%2Fwp%2Fv2%2Fcategories&post=5979"},{"taxonomy":"post_tag","embeddable":true,"href":"http:\/\/blogdoarmindomaia.com.br\/index.php?rest_route=%2Fwp%2Fv2%2Ftags&post=5979"}],"curies":[{"name":"wp","href":"https:\/\/api.w.org\/{rel}","templated":true}]}}