{"id":5984,"date":"2023-08-09T16:57:53","date_gmt":"2023-08-09T19:57:53","guid":{"rendered":"http:\/\/blogdoarmindomaia.com.br\/?p=5984"},"modified":"2023-08-09T16:57:55","modified_gmt":"2023-08-09T19:57:55","slug":"conhecendo-sao-domingos-de-gusmao-o-padroeiro-de-araxa","status":"publish","type":"post","link":"http:\/\/blogdoarmindomaia.com.br\/?p=5984","title":{"rendered":"Conhecendo S\u00e3o Domingos de Gusm\u00e3o, o padroeiro de Arax\u00e1"},"content":{"rendered":"\n<figure class=\"wp-block-image size-large is-style-default\"><img loading=\"lazy\" decoding=\"async\" width=\"896\" height=\"1024\" src=\"http:\/\/blogdoarmindomaia.com.br\/wp-content\/uploads\/2023\/08\/unnamed-896x1024.jpg\" alt=\"\" class=\"wp-image-5985\" srcset=\"http:\/\/blogdoarmindomaia.com.br\/wp-content\/uploads\/2023\/08\/unnamed-896x1024.jpg 896w, http:\/\/blogdoarmindomaia.com.br\/wp-content\/uploads\/2023\/08\/unnamed-263x300.jpg 263w, http:\/\/blogdoarmindomaia.com.br\/wp-content\/uploads\/2023\/08\/unnamed-768x877.jpg 768w, http:\/\/blogdoarmindomaia.com.br\/wp-content\/uploads\/2023\/08\/unnamed-1344x1536.jpg 1344w, http:\/\/blogdoarmindomaia.com.br\/wp-content\/uploads\/2023\/08\/unnamed-1793x2048.jpg 1793w, http:\/\/blogdoarmindomaia.com.br\/wp-content\/uploads\/2023\/08\/unnamed.jpg 2000w\" sizes=\"auto, (max-width: 896px) 100vw, 896px\" \/><\/figure>\n\n\n\n<p><em>Em artigo, Irm\u00e3 Doraildes da Silva Matos,assessora pedag\u00f3gica de Inclus\u00e3o e Pastoral do CSD fala sobre a vida e a obra do santo que fez da educa\u00e7\u00e3o um meio importante de evangeliza\u00e7\u00e3o<\/em><\/p>\n\n\n\n<p>Domingos nasceu em Caleruega, Espanha, no dia 24 de junho de 1170. Filho de Joana d\u2019Aza e F\u00e9lix de Gusm\u00e3o. Cresceu em um ambiente muito religioso e desde cedo foi dedicado aos estudos. Foi tamb\u00e9m caridoso e sens\u00edvel \u00e0s necessidades de todos que dele se aproximavam. Ali\u00e1s, sentiu compaix\u00e3o pelo mundo inteiro.<\/p>\n\n\n\n<p>Morreu em Bolonha, It\u00e1lia, no dia 6 de agosto de 1221.<\/p>\n\n\n\n<p>A Igreja celebra a Festa de S\u00e3o Domingos de Gusm\u00e3o no dia 8 de agosto.<\/p>\n\n\n\n<p>Na alegria de celebrarmos este grande santo, nos colocamos em conson\u00e2ncia com mais de 800 anos de uma hist\u00f3ria que vem sendo vivida e celebrada, na qual, homens e mulheres consagram sua vida, atualizando a \u201cVoca\u00e7\u00e3o como gra\u00e7a e miss\u00e3o, tendo cora\u00e7\u00f5es ardentes e p\u00e9s a caminho\u201d.<\/p>\n\n\n\n<p>S\u00e3o Domingos \u00e9 um bom exemplo para n\u00f3s de seguimento radical a Jesus Cristo e comprometimento com a constru\u00e7\u00e3o do Reino revelado por Ele. Trabalhou com grande \u00eaxito contra a heresia dos albigenses pela prega\u00e7\u00e3o e exemplo de vida.<\/p>\n\n\n\n<p>S\u00e3o Domingos foi incans\u00e1vel, viajava sempre a p\u00e9. Pelo caminho rezava e cantava. Nas paradas pregava a Palavra de Deus de maneira simples e eficaz: contando e explicando alguns epis\u00f3dios dos Evangelhos.<\/p>\n\n\n\n<p>A itiner\u00e2ncia de S\u00e3o Domingos nos ensina a termos coragem para nos lan\u00e7armos na miss\u00e3o e enfrentarmos as dificuldades de um mundo t\u00e3o conturbado, cheio de viol\u00eancia e intoler\u00e2ncia; e tamb\u00e9m com possibilidades de encontrarmos caminhos que levam \u00e0 comunh\u00e3o e \u00e0 solidariedade, somando for\u00e7as com todos os que se comprometem com a Justi\u00e7a e a Paz.<\/p>\n\n\n\n<p>Nos centros urbanos S\u00e3o Domingos fundou universidades e fez da Educa\u00e7\u00e3o um meio importante de evangeliza\u00e7\u00e3o, onde in\u00fameras pessoas faziam da constru\u00e7\u00e3o do conhecimento atrav\u00e9s das Ci\u00eancias, um instrumento de transforma\u00e7\u00e3o social.<\/p>\n\n\n\n<p>Hoje as Escolas Dominicanas continuam comprometidas com uma educa\u00e7\u00e3o<\/p>\n\n\n\n<p>de qualidade, considerando o ser humano em sua integralidade. \u00c9 preciso aliar o saber fazer, ser e conviver para atualizar o VERITAS, verdade t\u00e3o sonhada por S\u00e3o Domingos e, qui\u00e7\u00e1, vivida por seus seguidores e suas seguidoras.<\/p>\n\n\n\n<p>Queremos, como S\u00e3o Domingos, falar de Deus ou com Deus! Por isso o invocamos:<\/p>\n\n\n\n<p>Vem, Domingos! E entra na grande festa da vida unindo a tua fam\u00edlia. Celebra conosco na alegria e na a\u00e7\u00e3o de gra\u00e7as.<\/p>\n\n\n\n<p>Vem, Domingos! Ensina-nos de novo a contemplar o Rosto Misericordioso do Pai e a manifest\u00e1-Lo ao mundo sedento de amor e de paz.<\/p>\n\n\n\n<p>Vem, Domingos! E caminha com teus filhos e filhas nas trilhas deste mundo que busca a verdade em meio a tantos desafios.<\/p>\n\n\n\n<p>Vem, Domingos! E ensina-nos a gritar pela liberta\u00e7\u00e3o de tantos oprimidos que buscam um lugar na economia, na pol\u00edtica e na sociedade.<\/p>\n\n\n\n<p>Vem Domingos! E canta conosco o eterno aleluia de louvor e a\u00e7\u00e3o de gra\u00e7as ao Deus Fiel que caminha com seu povo.<\/p>\n\n\n\n<p>\u00d3 glorioso S\u00e3o Domingos, pregador incans\u00e1vel da Palavra, exemplo de f\u00e9, de retid\u00e3o de vida e de pr\u00e1tica da caridade, obtende-nos a gra\u00e7a de contribuirmos igualmente pelo apostolado da palavra e do exemplo e de uma vida santa voltada para a Igreja de Cristo, a servi\u00e7o dos mais pobres. Concedei que as nossas Escolas e Comunidades sejam verdadeiras Casas de Prega\u00e7\u00e3o e Ora\u00e7\u00e3o. E a cada um de n\u00f3s, as gra\u00e7as que mais precisamos para continuarmos como mission\u00e1rias e pregadoras do Evangelho.<\/p>\n\n\n\n<p><strong>Irm\u00e3 Doraildes da Silva Matos<\/strong><\/p>\n\n\n\n<p><em>Assessora Pedag\u00f3gica de Inclus\u00e3o e Pastoral do CSD<\/em><\/p>\n","protected":false},"excerpt":{"rendered":"<p>Em artigo, Irm\u00e3 Doraildes da Silva Matos,assessora pedag\u00f3gica de Inclus\u00e3o e Pastoral do CSD fala sobre a vida e a<\/p>\n","protected":false},"author":2,"featured_media":5985,"comment_status":"open","ping_status":"open","sticky":false,"template":"","format":"standard","meta":{"footnotes":""},"categories":[9,11],"tags":[],"class_list":["post-5984","post","type-post","status-publish","format-standard","has-post-thumbnail","hentry","category-araxa","category-destaques"],"_links":{"self":[{"href":"http:\/\/blogdoarmindomaia.com.br\/index.php?rest_route=\/wp\/v2\/posts\/5984","targetHints":{"allow":["GET"]}}],"collection":[{"href":"http:\/\/blogdoarmindomaia.com.br\/index.php?rest_route=\/wp\/v2\/posts"}],"about":[{"href":"http:\/\/blogdoarmindomaia.com.br\/index.php?rest_route=\/wp\/v2\/types\/post"}],"author":[{"embeddable":true,"href":"http:\/\/blogdoarmindomaia.com.br\/index.php?rest_route=\/wp\/v2\/users\/2"}],"replies":[{"embeddable":true,"href":"http:\/\/blogdoarmindomaia.com.br\/index.php?rest_route=%2Fwp%2Fv2%2Fcomments&post=5984"}],"version-history":[{"count":1,"href":"http:\/\/blogdoarmindomaia.com.br\/index.php?rest_route=\/wp\/v2\/posts\/5984\/revisions"}],"predecessor-version":[{"id":5986,"href":"http:\/\/blogdoarmindomaia.com.br\/index.php?rest_route=\/wp\/v2\/posts\/5984\/revisions\/5986"}],"wp:featuredmedia":[{"embeddable":true,"href":"http:\/\/blogdoarmindomaia.com.br\/index.php?rest_route=\/wp\/v2\/media\/5985"}],"wp:attachment":[{"href":"http:\/\/blogdoarmindomaia.com.br\/index.php?rest_route=%2Fwp%2Fv2%2Fmedia&parent=5984"}],"wp:term":[{"taxonomy":"category","embeddable":true,"href":"http:\/\/blogdoarmindomaia.com.br\/index.php?rest_route=%2Fwp%2Fv2%2Fcategories&post=5984"},{"taxonomy":"post_tag","embeddable":true,"href":"http:\/\/blogdoarmindomaia.com.br\/index.php?rest_route=%2Fwp%2Fv2%2Ftags&post=5984"}],"curies":[{"name":"wp","href":"https:\/\/api.w.org\/{rel}","templated":true}]}}