{"id":5987,"date":"2023-08-09T17:00:58","date_gmt":"2023-08-09T20:00:58","guid":{"rendered":"http:\/\/blogdoarmindomaia.com.br\/?p=5987"},"modified":"2023-08-09T17:01:02","modified_gmt":"2023-08-09T20:01:02","slug":"cefet-mg-abre-vagas-para-ensino-tecnico","status":"publish","type":"post","link":"http:\/\/blogdoarmindomaia.com.br\/?p=5987","title":{"rendered":"CEFET-MG abre vagas para ensino t\u00e9cnico"},"content":{"rendered":"\n<figure class=\"wp-block-image size-full is-style-default\"><img loading=\"lazy\" decoding=\"async\" width=\"886\" height=\"558\" src=\"http:\/\/blogdoarmindomaia.com.br\/wp-content\/uploads\/2023\/08\/Cefet-MG-abre-vagas-para-ensino-tecnico-pag-03.jpeg\" alt=\"\" class=\"wp-image-5988\" srcset=\"http:\/\/blogdoarmindomaia.com.br\/wp-content\/uploads\/2023\/08\/Cefet-MG-abre-vagas-para-ensino-tecnico-pag-03.jpeg 886w, http:\/\/blogdoarmindomaia.com.br\/wp-content\/uploads\/2023\/08\/Cefet-MG-abre-vagas-para-ensino-tecnico-pag-03-300x189.jpeg 300w, http:\/\/blogdoarmindomaia.com.br\/wp-content\/uploads\/2023\/08\/Cefet-MG-abre-vagas-para-ensino-tecnico-pag-03-768x484.jpeg 768w\" sizes=\"auto, (max-width: 886px) 100vw, 886px\" \/><\/figure>\n\n\n\n<p>O Centro Federal de Educa\u00e7\u00e3o Tecnol\u00f3gica de Minas Gerais (CEFET-MG) est\u00e1 com as inscri\u00e7\u00f5es abertas para os cursos da Educa\u00e7\u00e3o Profissional T\u00e9cnica de N\u00edvel M\u00e9dio (EPTNM). A prova de sele\u00e7\u00e3o ser\u00e1 realizada no dia 22 de outubro (domingo). Os interessados devem se inscrever pelo site da<a rel=\"noreferrer noopener\" href=\"https:\/\/www.copeve.cefetmg.br\/\" target=\"_blank\"><strong>\u00a0Coordena\u00e7\u00e3o de Processos Seletivos (Copeve)<\/strong><\/a>\u00a0at\u00e9 14 de setembro. A\u00a0inscri\u00e7\u00e3o custa R$ 60 e dever\u00e1 ser feita no\u00a0site\u00a0da Coordena\u00e7\u00e3o. O candidato deve ter uma conta da Plataforma \u201c<a rel=\"noreferrer noopener\" href=\"http:\/\/gov.br\/\" target=\"_blank\"><strong>Gov.br<\/strong><\/a>\u201d. Os candidatos que se enquadram nos crit\u00e9rios socioecon\u00f4micos dispon\u00edveis em edital podem solicitar a isen\u00e7\u00e3o da taxa de inscri\u00e7\u00e3o at\u00e9 30 de agosto. Ser\u00e3o oferecidas 2.179, sendo 50% destinadas para a Ampla Concorr\u00eancia (AC) e os outros 50% para as modalidades do Sistema de Reserva de Vagas (SRV), que contemplam estudantes de escola p\u00fablica, de acordo com renda, cor, etnia e defici\u00eancia. As oportunidades s\u00e3o para os campos de Arax\u00e1, Belo Horizonte, Contagem, Curvelo, Divin\u00f3polis, Leopoldina, Nepomuceno, Tim\u00f3teo e Varginha. Na inscri\u00e7\u00e3o, o candidato deve selecionar o campus desejado e a forma de curso (Integrada, Concomit\u00e2ncia externa ou Subsequente). O estudante pode escolher at\u00e9 tr\u00eas op\u00e7\u00f5es de curso.<\/p>\n","protected":false},"excerpt":{"rendered":"<p>O Centro Federal de Educa\u00e7\u00e3o Tecnol\u00f3gica de Minas Gerais (CEFET-MG) est\u00e1 com as inscri\u00e7\u00f5es abertas para os cursos da Educa\u00e7\u00e3o<\/p>\n","protected":false},"author":2,"featured_media":5989,"comment_status":"open","ping_status":"open","sticky":false,"template":"","format":"standard","meta":{"footnotes":""},"categories":[9,13],"tags":[],"class_list":["post-5987","post","type-post","status-publish","format-standard","has-post-thumbnail","hentry","category-araxa","category-educacao"],"_links":{"self":[{"href":"http:\/\/blogdoarmindomaia.com.br\/index.php?rest_route=\/wp\/v2\/posts\/5987","targetHints":{"allow":["GET"]}}],"collection":[{"href":"http:\/\/blogdoarmindomaia.com.br\/index.php?rest_route=\/wp\/v2\/posts"}],"about":[{"href":"http:\/\/blogdoarmindomaia.com.br\/index.php?rest_route=\/wp\/v2\/types\/post"}],"author":[{"embeddable":true,"href":"http:\/\/blogdoarmindomaia.com.br\/index.php?rest_route=\/wp\/v2\/users\/2"}],"replies":[{"embeddable":true,"href":"http:\/\/blogdoarmindomaia.com.br\/index.php?rest_route=%2Fwp%2Fv2%2Fcomments&post=5987"}],"version-history":[{"count":1,"href":"http:\/\/blogdoarmindomaia.com.br\/index.php?rest_route=\/wp\/v2\/posts\/5987\/revisions"}],"predecessor-version":[{"id":5990,"href":"http:\/\/blogdoarmindomaia.com.br\/index.php?rest_route=\/wp\/v2\/posts\/5987\/revisions\/5990"}],"wp:featuredmedia":[{"embeddable":true,"href":"http:\/\/blogdoarmindomaia.com.br\/index.php?rest_route=\/wp\/v2\/media\/5989"}],"wp:attachment":[{"href":"http:\/\/blogdoarmindomaia.com.br\/index.php?rest_route=%2Fwp%2Fv2%2Fmedia&parent=5987"}],"wp:term":[{"taxonomy":"category","embeddable":true,"href":"http:\/\/blogdoarmindomaia.com.br\/index.php?rest_route=%2Fwp%2Fv2%2Fcategories&post=5987"},{"taxonomy":"post_tag","embeddable":true,"href":"http:\/\/blogdoarmindomaia.com.br\/index.php?rest_route=%2Fwp%2Fv2%2Ftags&post=5987"}],"curies":[{"name":"wp","href":"https:\/\/api.w.org\/{rel}","templated":true}]}}