{"id":5996,"date":"2023-08-09T17:11:22","date_gmt":"2023-08-09T20:11:22","guid":{"rendered":"http:\/\/blogdoarmindomaia.com.br\/?p=5996"},"modified":"2023-08-09T17:11:25","modified_gmt":"2023-08-09T20:11:25","slug":"araxa-recebe-reitoria-da-uftm-e-apresenta-locais-para-a-instalacao-do-campus-federal","status":"publish","type":"post","link":"http:\/\/blogdoarmindomaia.com.br\/?p=5996","title":{"rendered":"Arax\u00e1 recebe reitoria da UFTM e apresenta locais para a instala\u00e7\u00e3o do campus federal"},"content":{"rendered":"\n\n\n<p>A Prefeitura de Arax\u00e1 recebeu uma equipe t\u00e9cnica da Universidade Federal do Tri\u00e2ngulo Mineiro (UFTM) para mais uma etapa das tratativas da implanta\u00e7\u00e3o de uma extens\u00e3o da universidade no munic\u00edpio.<br><br>O prefeito Robson Magela recepcionou a reitora Marinalva Vieira Barbosa e equipe para uma reuni\u00e3o preparat\u00f3ria realizada no audit\u00f3rio da prefeitura, na manh\u00e3 de quarta-feira (9).<br><br>Tamb\u00e9m participaram a secret\u00e1ria municipal de Educa\u00e7\u00e3o, Zulma Moreira; o deputado estadual Bosco; o presidente da C\u00e2mara Municipal, Bosco J\u00fanior; os vereadores Raphael Rios, Leni Nobre, Wellington Martins, Evaldo do Ferrocarril, Jo\u00e3o Veras, Dirley da Escolinha e Pastor Moacir.<br><br>Em seguida, a comitiva seguiu para conhecer pr\u00e9dios que podem abrigar provisoriamente as instala\u00e7\u00f5es da UFTM, e tamb\u00e9m \u00e1reas para a constru\u00e7\u00e3o definitiva do campus, que s\u00e3o a contrapartida da Prefeitura de Arax\u00e1 , al\u00e9m das adequa\u00e7\u00f5es necess\u00e1rias.<br><br>De acordo com a reitora Marinalva, com esses locais definidos o projeto segue para o Minist\u00e9rio da Educa\u00e7\u00e3o (MEC) para aprova\u00e7\u00e3o de recursos e viabilidade de cursos.<br><br>Para a reitoria Marinalva Barbosa, este encontro destaca mais um avan\u00e7o para a implanta\u00e7\u00e3o da UFTM em Arax\u00e1.<br><br>\u201cA postura da equipe da Administra\u00e7\u00e3o Municipal em nos ouvir, naquilo que estamos pontuando e que \u00e9 de extrema necessidade para a extens\u00e3o do Campus, \u00e9 definitiva para a realiza\u00e7\u00e3o deste projeto. E a uni\u00e3o pol\u00edtica neste momento faz toda a diferen\u00e7a. Viemos visitar os locais pensados para a implanta\u00e7\u00e3o da UFTM, analisar, ver a acessibilidade da comunidade em rela\u00e7\u00e3o a esses locais e continuar a viver este sonho t\u00e3o importante, tamb\u00e9m para n\u00f3s\u201d, reitera.<br><br>A secret\u00e1ria Municipal de Educa\u00e7\u00e3o, Zulma Moreira, ressalta que Arax\u00e1 e os munic\u00edpios vizinhos est\u00e3o confiantes na vinda da UFTM.<br><br>\u201c\u00c9 um sonho de toda a comunidade, dos pais, da fam\u00edlia, da Gest\u00e3o Municipal e de tantos jovens de Arax\u00e1 e de toda a regi\u00e3o. Sem falar nas oportunidades de emprego que ir\u00e3o surgir e no desenvolvimento econ\u00f4mico, social e cultural. \u00c9 um ganho enorme na Educa\u00e7\u00e3o\u201d, diz Zulma.<br><br>Segundo o prefeito Robson Magela, \u00e9 um momento \u00edmpar para Arax\u00e1 e toda a popula\u00e7\u00e3o, que, assim como ele, se sentem emocionados neste momento hist\u00f3rico pr\u00f3ximo de ser concretizado.<br><br>\u201cEstamos infinitamente agradecidos pela aten\u00e7\u00e3o dada por parte da UFTM ao nosso Munic\u00edpio. Poder receber a reitora e toda sua equipe reafirma que investir na Educa\u00e7\u00e3o ser\u00e1 sempre um compromisso da Administra\u00e7\u00e3o com a popula\u00e7\u00e3o, e que vamos continuar na busca por resultados positivos\u201d, refor\u00e7a o prefeito.<br><\/p>\n","protected":false},"excerpt":{"rendered":"<p>A Prefeitura de Arax\u00e1 recebeu uma equipe t\u00e9cnica da Universidade Federal do Tri\u00e2ngulo Mineiro (UFTM) para mais uma etapa das<\/p>\n","protected":false},"author":2,"featured_media":5997,"comment_status":"open","ping_status":"open","sticky":false,"template":"","format":"standard","meta":{"footnotes":""},"categories":[9,11,13],"tags":[],"class_list":["post-5996","post","type-post","status-publish","format-standard","has-post-thumbnail","hentry","category-araxa","category-destaques","category-educacao"],"_links":{"self":[{"href":"http:\/\/blogdoarmindomaia.com.br\/index.php?rest_route=\/wp\/v2\/posts\/5996","targetHints":{"allow":["GET"]}}],"collection":[{"href":"http:\/\/blogdoarmindomaia.com.br\/index.php?rest_route=\/wp\/v2\/posts"}],"about":[{"href":"http:\/\/blogdoarmindomaia.com.br\/index.php?rest_route=\/wp\/v2\/types\/post"}],"author":[{"embeddable":true,"href":"http:\/\/blogdoarmindomaia.com.br\/index.php?rest_route=\/wp\/v2\/users\/2"}],"replies":[{"embeddable":true,"href":"http:\/\/blogdoarmindomaia.com.br\/index.php?rest_route=%2Fwp%2Fv2%2Fcomments&post=5996"}],"version-history":[{"count":1,"href":"http:\/\/blogdoarmindomaia.com.br\/index.php?rest_route=\/wp\/v2\/posts\/5996\/revisions"}],"predecessor-version":[{"id":5998,"href":"http:\/\/blogdoarmindomaia.com.br\/index.php?rest_route=\/wp\/v2\/posts\/5996\/revisions\/5998"}],"wp:featuredmedia":[{"embeddable":true,"href":"http:\/\/blogdoarmindomaia.com.br\/index.php?rest_route=\/wp\/v2\/media\/5997"}],"wp:attachment":[{"href":"http:\/\/blogdoarmindomaia.com.br\/index.php?rest_route=%2Fwp%2Fv2%2Fmedia&parent=5996"}],"wp:term":[{"taxonomy":"category","embeddable":true,"href":"http:\/\/blogdoarmindomaia.com.br\/index.php?rest_route=%2Fwp%2Fv2%2Fcategories&post=5996"},{"taxonomy":"post_tag","embeddable":true,"href":"http:\/\/blogdoarmindomaia.com.br\/index.php?rest_route=%2Fwp%2Fv2%2Ftags&post=5996"}],"curies":[{"name":"wp","href":"https:\/\/api.w.org\/{rel}","templated":true}]}}