{"id":6003,"date":"2023-08-10T11:43:48","date_gmt":"2023-08-10T14:43:48","guid":{"rendered":"http:\/\/blogdoarmindomaia.com.br\/?p=6003"},"modified":"2023-08-10T11:43:50","modified_gmt":"2023-08-10T14:43:50","slug":"di-de-araxa-e-tema-de-audiencia-com-o-vice-governador-mateus-simoes","status":"publish","type":"post","link":"http:\/\/blogdoarmindomaia.com.br\/?p=6003","title":{"rendered":"DI de Arax\u00e1 \u00e9 tema de audi\u00eancia com o vice-governador Mateus Sim\u00f5es"},"content":{"rendered":"\n<figure class=\"wp-block-image size-large is-style-default\"><img loading=\"lazy\" decoding=\"async\" width=\"1024\" height=\"461\" src=\"http:\/\/blogdoarmindomaia.com.br\/wp-content\/uploads\/2023\/08\/DI-de-Araxa-e-tema-de-audiencia-com-o-vice-governador-Mateus-Simoes-pag-07-1024x461.jpeg\" alt=\"\" class=\"wp-image-6004\" srcset=\"http:\/\/blogdoarmindomaia.com.br\/wp-content\/uploads\/2023\/08\/DI-de-Araxa-e-tema-de-audiencia-com-o-vice-governador-Mateus-Simoes-pag-07-1024x461.jpeg 1024w, http:\/\/blogdoarmindomaia.com.br\/wp-content\/uploads\/2023\/08\/DI-de-Araxa-e-tema-de-audiencia-com-o-vice-governador-Mateus-Simoes-pag-07-300x135.jpeg 300w, http:\/\/blogdoarmindomaia.com.br\/wp-content\/uploads\/2023\/08\/DI-de-Araxa-e-tema-de-audiencia-com-o-vice-governador-Mateus-Simoes-pag-07-768x346.jpeg 768w, http:\/\/blogdoarmindomaia.com.br\/wp-content\/uploads\/2023\/08\/DI-de-Araxa-e-tema-de-audiencia-com-o-vice-governador-Mateus-Simoes-pag-07-1536x691.jpeg 1536w, http:\/\/blogdoarmindomaia.com.br\/wp-content\/uploads\/2023\/08\/DI-de-Araxa-e-tema-de-audiencia-com-o-vice-governador-Mateus-Simoes-pag-07.jpeg 1600w\" sizes=\"auto, (max-width: 1024px) 100vw, 1024px\" \/><\/figure>\n\n\n\n<p>A audi\u00eancia aconteceu em Belo Horizonte, na \u00faltima ter\u00e7a-feira (08\/08),&nbsp;no dia de S\u00e3o Domingos, padroeiro de Arax\u00e1.<\/p>\n\n\n\n<p>Ao lado do vice-governador Mateus Sim\u00f5es, o deputado estadual Bosco e o presidente da C\u00e2mara de Arax\u00e1, Bosco J\u00fanior,&nbsp;levaram&nbsp;importantes demandas de Arax\u00e1. Entre elas o pedido de apoio do vice-governador e do nosso governador, no sentido de viabilizar a conclus\u00e3o das obras da CEMIG, que visam a amplia\u00e7\u00e3o da oferta de energia no Distrito Industrial em Arax\u00e1.<\/p>\n\n\n\n<p>As referidas obras foram iniciadas h\u00e1 alguns anos e est\u00e3o paralisadas, por falta de entendimento entre a Companhia Energ\u00e9tica de Minas Gerais (CEMIG) e alguns produtores rurais da regi\u00e3o, onde dever\u00e1 passar parte da estrutura de rede el\u00e9trica. Outro entrave \u00e9 a travessia sobre a ferrovia ainda n\u00e3o liberada pela empresa FCA.<\/p>\n\n\n\n<p>O vice-governador assumiu conosco o compromisso de fazer todo o empenho juntos aos \u00f3rg\u00e3os competentes na busca das solu\u00e7\u00f5es, no menor prazo poss\u00edvel.&nbsp;\u201c\u00c9 muito importante a gente preservar os empregos que s\u00e3o gerados no Distrito. Contem com o meu apoio junto \u00e0 Cemig, para que a gente possa dar velocidade no processo de energia para o Distrito Industrial de Arax\u00e1\u201d,&nbsp;enfatizou.<\/p>\n\n\n\n<p><br>\u201cEsta \u00e9 uma demanda antiga dos empres\u00e1rios que est\u00e3o instalados no Distrito. Com o empenho do vice-governador Mateus Sim\u00f5es, do governador Zema e do presidente da C\u00e2mara de Arax\u00e1, Bosco J\u00fanior, vamos solucionar este problema de travessia de energia para esta regi\u00e3o t\u00e3o importante. O aumento da oferta de energia e a melhoria cont\u00ednua da qualidade do fornecimento, atraem novos investidores, favorecendo a gera\u00e7\u00e3o de empregos e o bem-estar da popula\u00e7\u00e3o movimentando a economia e gerando mais empregos\u201d, destaca deputado Bosco.&nbsp;<\/p>\n","protected":false},"excerpt":{"rendered":"<p>A audi\u00eancia aconteceu em Belo Horizonte, na \u00faltima ter\u00e7a-feira (08\/08),&nbsp;no dia de S\u00e3o Domingos, padroeiro de Arax\u00e1. Ao lado do<\/p>\n","protected":false},"author":2,"featured_media":6004,"comment_status":"open","ping_status":"open","sticky":false,"template":"","format":"standard","meta":{"footnotes":""},"categories":[9,11],"tags":[],"class_list":["post-6003","post","type-post","status-publish","format-standard","has-post-thumbnail","hentry","category-araxa","category-destaques"],"_links":{"self":[{"href":"http:\/\/blogdoarmindomaia.com.br\/index.php?rest_route=\/wp\/v2\/posts\/6003","targetHints":{"allow":["GET"]}}],"collection":[{"href":"http:\/\/blogdoarmindomaia.com.br\/index.php?rest_route=\/wp\/v2\/posts"}],"about":[{"href":"http:\/\/blogdoarmindomaia.com.br\/index.php?rest_route=\/wp\/v2\/types\/post"}],"author":[{"embeddable":true,"href":"http:\/\/blogdoarmindomaia.com.br\/index.php?rest_route=\/wp\/v2\/users\/2"}],"replies":[{"embeddable":true,"href":"http:\/\/blogdoarmindomaia.com.br\/index.php?rest_route=%2Fwp%2Fv2%2Fcomments&post=6003"}],"version-history":[{"count":1,"href":"http:\/\/blogdoarmindomaia.com.br\/index.php?rest_route=\/wp\/v2\/posts\/6003\/revisions"}],"predecessor-version":[{"id":6005,"href":"http:\/\/blogdoarmindomaia.com.br\/index.php?rest_route=\/wp\/v2\/posts\/6003\/revisions\/6005"}],"wp:featuredmedia":[{"embeddable":true,"href":"http:\/\/blogdoarmindomaia.com.br\/index.php?rest_route=\/wp\/v2\/media\/6004"}],"wp:attachment":[{"href":"http:\/\/blogdoarmindomaia.com.br\/index.php?rest_route=%2Fwp%2Fv2%2Fmedia&parent=6003"}],"wp:term":[{"taxonomy":"category","embeddable":true,"href":"http:\/\/blogdoarmindomaia.com.br\/index.php?rest_route=%2Fwp%2Fv2%2Fcategories&post=6003"},{"taxonomy":"post_tag","embeddable":true,"href":"http:\/\/blogdoarmindomaia.com.br\/index.php?rest_route=%2Fwp%2Fv2%2Ftags&post=6003"}],"curies":[{"name":"wp","href":"https:\/\/api.w.org\/{rel}","templated":true}]}}