{"id":6006,"date":"2023-08-10T14:34:21","date_gmt":"2023-08-10T17:34:21","guid":{"rendered":"http:\/\/blogdoarmindomaia.com.br\/?p=6006"},"modified":"2023-08-10T14:34:23","modified_gmt":"2023-08-10T17:34:23","slug":"ganso-apresenta-equipe-tecnica-para-a-disputa-da-segunda-divisao","status":"publish","type":"post","link":"http:\/\/blogdoarmindomaia.com.br\/?p=6006","title":{"rendered":"Ganso apresenta equipe t\u00e9cnica para a disputa da Segunda Divis\u00e3o"},"content":{"rendered":"\n<figure class=\"wp-block-image size-full is-style-default\"><img loading=\"lazy\" decoding=\"async\" width=\"595\" height=\"419\" src=\"http:\/\/blogdoarmindomaia.com.br\/wp-content\/uploads\/2023\/08\/Ganso-apresenta-equipe-tecnica-para-a-disputa-da-Segunda-Divisao-esportes.jpg\" alt=\"\" class=\"wp-image-6007\" srcset=\"http:\/\/blogdoarmindomaia.com.br\/wp-content\/uploads\/2023\/08\/Ganso-apresenta-equipe-tecnica-para-a-disputa-da-Segunda-Divisao-esportes.jpg 595w, http:\/\/blogdoarmindomaia.com.br\/wp-content\/uploads\/2023\/08\/Ganso-apresenta-equipe-tecnica-para-a-disputa-da-Segunda-Divisao-esportes-300x211.jpg 300w\" sizes=\"auto, (max-width: 595px) 100vw, 595px\" \/><\/figure>\n\n\n\n<p>A diretoria do Arax\u00e1 Esporte Clube, apresentou a equipe t\u00e9cnica para a disputa do Campeonato Mineiro Segunda Divis\u00e3o temporada 2023. A apresenta\u00e7\u00e3o aconteceu na ter\u00e7a-feira, 08, na sede do clube, no Est\u00e1dio Municipal Fausto Alvim.<\/p>\n\n\n\n<p>Para este ano a equipe conta com o ex atacante, Tiago Pereira, no comando t\u00e9cnico. Pereir\u00e3o,&nbsp; foi um dos respons\u00e1veis pelo acesso do ganso \u00e0 elite do mineiro em 2012. Como diretor de futebol est\u00e1 Est\u00e9fano Caetano, que atuou no Arax\u00e1 Esporte nos anos de 2011 e 2012, quando o alvinegro foi campe\u00e3o do M\u00f3dulo B e conquistou o acesso \u00e0 primeira divis\u00e3o.<\/p>\n\n\n\n<p>Durante a apresenta\u00e7\u00e3o, Est\u00e9fano confirmou estar com a maior parte do elenco j\u00e1 pronto para disputar a temporada. Segundo ele, 12 atletas j\u00e1 est\u00e3o contratados, contudo, os demais est\u00e3o aguardando o t\u00e9rmino de outras competi\u00e7\u00f5es para se apresentarem ao Ganso.&nbsp;&nbsp;<\/p>\n\n\n\n<p>O Campeonato Mineiro da Segunda Divis\u00e3o come\u00e7a em 26 de agosto, mas o Ganso s\u00f3 estreia em 02 de setembro, no est\u00e1dio Fausto Alvim, em Arax\u00e1, contra o Nacional de Uberaba. At\u00e9 l\u00e1 seguem os trabalhos de prepara\u00e7\u00e3o do plantel j\u00e1 confirmado e os acertos dos detalhes para as outras contrata\u00e7\u00f5es.<\/p>\n\n\n\n<p>Confira a tabela de jogos do Arax\u00e1 Esporte na primeira fase do Campeonato Mineiro da Segunda Divis\u00e3o de 2023:&nbsp;&nbsp;&nbsp;&nbsp;<\/p>\n\n\n\n<p>Arax\u00e1&nbsp; X Nacional de Uberaba \u2013 dia 02 de setembro<\/p>\n\n\n\n<p>Pirapora X Arax\u00e1 \u2013 dia 10 de setembro<\/p>\n\n\n\n<p>Arax\u00e1 X Mamor\u00e9 \u2013 dia 16 de setembro<\/p>\n\n\n\n<p>Paracatu X Arax\u00e1 \u2013 dia 23 de setembro<\/p>\n\n\n\n<p>Arax\u00e1 X Paracatu \u2013 dia 27 de setembro<\/p>\n\n\n\n<p>Mamor\u00e9 X Arax\u00e1 \u2013 dia 01 de outubro<\/p>\n\n\n\n<p>Arax\u00e1 X Pirapora \u2013 dia 07 de outubro<\/p>\n\n\n\n<p>Arax\u00e1 X Nacional- dia 14 de outubro<\/p>\n","protected":false},"excerpt":{"rendered":"<p>A diretoria do Arax\u00e1 Esporte Clube, apresentou a equipe t\u00e9cnica para a disputa do Campeonato Mineiro Segunda Divis\u00e3o temporada 2023.<\/p>\n","protected":false},"author":2,"featured_media":6007,"comment_status":"open","ping_status":"open","sticky":false,"template":"","format":"standard","meta":{"footnotes":""},"categories":[9,11,15],"tags":[],"class_list":["post-6006","post","type-post","status-publish","format-standard","has-post-thumbnail","hentry","category-araxa","category-destaques","category-esportes"],"_links":{"self":[{"href":"http:\/\/blogdoarmindomaia.com.br\/index.php?rest_route=\/wp\/v2\/posts\/6006","targetHints":{"allow":["GET"]}}],"collection":[{"href":"http:\/\/blogdoarmindomaia.com.br\/index.php?rest_route=\/wp\/v2\/posts"}],"about":[{"href":"http:\/\/blogdoarmindomaia.com.br\/index.php?rest_route=\/wp\/v2\/types\/post"}],"author":[{"embeddable":true,"href":"http:\/\/blogdoarmindomaia.com.br\/index.php?rest_route=\/wp\/v2\/users\/2"}],"replies":[{"embeddable":true,"href":"http:\/\/blogdoarmindomaia.com.br\/index.php?rest_route=%2Fwp%2Fv2%2Fcomments&post=6006"}],"version-history":[{"count":1,"href":"http:\/\/blogdoarmindomaia.com.br\/index.php?rest_route=\/wp\/v2\/posts\/6006\/revisions"}],"predecessor-version":[{"id":6008,"href":"http:\/\/blogdoarmindomaia.com.br\/index.php?rest_route=\/wp\/v2\/posts\/6006\/revisions\/6008"}],"wp:featuredmedia":[{"embeddable":true,"href":"http:\/\/blogdoarmindomaia.com.br\/index.php?rest_route=\/wp\/v2\/media\/6007"}],"wp:attachment":[{"href":"http:\/\/blogdoarmindomaia.com.br\/index.php?rest_route=%2Fwp%2Fv2%2Fmedia&parent=6006"}],"wp:term":[{"taxonomy":"category","embeddable":true,"href":"http:\/\/blogdoarmindomaia.com.br\/index.php?rest_route=%2Fwp%2Fv2%2Fcategories&post=6006"},{"taxonomy":"post_tag","embeddable":true,"href":"http:\/\/blogdoarmindomaia.com.br\/index.php?rest_route=%2Fwp%2Fv2%2Ftags&post=6006"}],"curies":[{"name":"wp","href":"https:\/\/api.w.org\/{rel}","templated":true}]}}