{"id":601,"date":"2022-05-02T19:37:08","date_gmt":"2022-05-02T22:37:08","guid":{"rendered":"http:\/\/blogdoarmindomaia.com.br\/?p=601"},"modified":"2022-05-02T19:37:10","modified_gmt":"2022-05-02T22:37:10","slug":"academia-araxaense-de-letras-tera-participacao-historica-no-fliaraxa","status":"publish","type":"post","link":"http:\/\/blogdoarmindomaia.com.br\/?p=601","title":{"rendered":"Academia Araxaense de Letras ter\u00e1 participa\u00e7\u00e3o hist\u00f3rica no Fliarax\u00e1"},"content":{"rendered":"\n<p><\/p>\n\n\n\n<figure class=\"wp-block-image size-large is-style-default\"><img loading=\"lazy\" decoding=\"async\" width=\"1024\" height=\"768\" src=\"http:\/\/blogdoarmindomaia.com.br\/wp-content\/uploads\/2022\/05\/aaletras_fli_1-1024x768.jpg\" alt=\"\" class=\"wp-image-602\" srcset=\"http:\/\/blogdoarmindomaia.com.br\/wp-content\/uploads\/2022\/05\/aaletras_fli_1-1024x768.jpg 1024w, http:\/\/blogdoarmindomaia.com.br\/wp-content\/uploads\/2022\/05\/aaletras_fli_1-300x225.jpg 300w, http:\/\/blogdoarmindomaia.com.br\/wp-content\/uploads\/2022\/05\/aaletras_fli_1-768x576.jpg 768w, http:\/\/blogdoarmindomaia.com.br\/wp-content\/uploads\/2022\/05\/aaletras_fli_1-1536x1152.jpg 1536w, http:\/\/blogdoarmindomaia.com.br\/wp-content\/uploads\/2022\/05\/aaletras_fli_1.jpg 1600w\" sizes=\"auto, (max-width: 1024px) 100vw, 1024px\" \/><\/figure>\n\n\n\n<p><em>Acad\u00eamicaVilma Cunha Duarte \u00e9 uma das homenageadas do evento, que tamb\u00e9m marca lan\u00e7amento de Antologia<\/em><\/p>\n\n\n\n<p>A Academia Araxaense de Letras (AALetras) se prepara para uma participa\u00e7\u00e3o recorde no Festival Liter\u00e1rio de Arax\u00e1 (Fliarax\u00e1), que ocorre entre os dias 11 e 15 de maio no Grande Hotel. Segundo o presidente da entidade, Luiz Humberto Fran\u00e7a, 18 imortais que hoje ocupam cadeiras na AALetras constam na programa\u00e7\u00e3o oficial do evento. &#8220;\u00c9 um novo momento e representa a proximidade da Academia com o Fliarax\u00e1, agora parceiros oficiais. Teremos participa\u00e7\u00e3o todos os dias, garantido mais visibilidade e envolvimento de nossos membros&#8221;, diz.<\/p>\n\n\n\n<p>Al\u00e9m da presen\u00e7a dos acad\u00eamicos nas mesas de debate, ser\u00e1 lan\u00e7ada durante o Fliarax\u00e1 a Terceira Antologia da Academia Araxaense de Letras. &#8220;O volume re\u00fane preciosos textos dos distintos membros da Academia, formando um conjunto de vis\u00f5es de mundo e de op\u00e7\u00f5es est\u00e9ticas que merece ser conhecido&#8221;, ressalta o presidente da Academia Mineira de Letras, Rog\u00e9rio Faria Tavares.<\/p>\n\n\n\n<p><strong>Lan\u00e7amentos<\/strong><\/p>\n\n\n\n<p>Outros tr\u00eas lan\u00e7amentos de escritores membros da Academia est\u00e3o previstos para ocorrerem durante o Fliarax\u00e1. O presidente da entidade, Luiz Humberto Fran\u00e7a, lan\u00e7a &#8220;A ca\u00e7ada&#8221;, romance policial baseado em fatos reais. O acad\u00eamico, M\u00e1rcio Ant\u00f4nio de Paula Duarte, lan\u00e7a o livro \u201cImagin\u00e1rio\u201d; Maria de Lourdes Bittencourt de Vasconcellos lan\u00e7a &#8220;Advogados de Defesa&#8221; e Jos\u00e9 Ot\u00e1vio Lemos, o livro &#8220;Joram&#8221;.<\/p>\n\n\n\n<p><strong>Homenagem<\/strong><\/p>\n\n\n\n<p>Nesta d\u00e9cima edi\u00e7\u00e3o, o Fliarax\u00e1 traz como Autora Homenageada local, Vilma Cunha Duarte, da Academia Araxaense de Letras, em refer\u00eancia aos seus 40 anos de carreira liter\u00e1ria.&nbsp; Ela \u00e9 poetisa, repentista e cronista, com seis livros publicados, al\u00e9m de ebooks e participa\u00e7\u00f5es em diversas antologias.<\/p>\n\n\n\n<p><strong>Programa\u00e7\u00e3o dos acad\u00eamicos no Fliarax\u00e1<\/strong><\/p>\n\n\n\n<p><strong><em>Quarta-feira, 11 de maio<\/em><\/strong><\/p>\n\n\n\n<p>18h30 \u2013 Abertura presencial \u2013 Homenagem a Vilma Cunha Duarte<\/p>\n\n\n\n<p>&nbsp;\u2013 Palco Itamar Vieira Junior<\/p>\n\n\n\n<p><strong><em>Quinta-feira, 12 de maio<\/em><\/strong><\/p>\n\n\n\n<p>16h \u2013 A Arte de Escrever Cr\u00f4nicas \u2013 Vilma Cunha Duarte<\/p>\n\n\n\n<p>Media\u00e7\u00e3o: Rafael Nolli&nbsp;<\/p>\n\n\n\n<p>\u2013 Palco Itamar Vieira Junior<\/p>\n\n\n\n<p><strong><em>Sexta-feira, 13 de maio<\/em><\/strong><\/p>\n\n\n\n<p>14h \u2013 Literatura e arte \u2013 C\u00e9sar Campos e Evacira Coraspe<\/p>\n\n\n\n<p>Media\u00e7\u00e3o: Bruno Barbosa Borges<\/p>\n\n\n\n<p>\u2013 Palco Itamar Vieira Junior<\/p>\n\n\n\n<p>15h \u2013 Lan\u00e7amento da nova Antologia da Academia Araxaense de Letras &#8211; Ana Paula Machado Kikuchi, Dr. Renato Zupo, Dr. Jos\u00e9 Aparecido Fausto de Oliveira, Glaura Teixeira Nogueira Lima, Olavinho Drummond.<\/p>\n\n\n\n<p>Media\u00e7\u00e3o: Cesar Campos<\/p>\n\n\n\n<p>\u2013 Palco Itamar Vieira Junior<\/p>\n\n\n\n<p>16h30 \u2013 Exibi\u00e7\u00e3o Document\u00e1rio Cultura de Arax\u00e1 &#8211; Cynthia Ver\u00e7osa, Jander Lucio e Carolina Soares<\/p>\n\n\n\n<p>Media\u00e7\u00e3o: Fran\u00e7a<\/p>\n\n\n\n<p>Palco Jeferson Ten\u00f3rio<\/p>\n\n\n\n<p><strong><em>S\u00e1bado, 14 de maio<\/em><\/strong><\/p>\n\n\n\n<p>15h \u2013 Fatos, Hist\u00f3rias e Fic\u00e7\u00e3o \u2013 lan\u00e7amento de livros dos acad\u00eamicos Jos\u00e9 Ot\u00e1vio Lemos, Luiz Humberto Fran\u00e7a, Marcio de Paula Duarte e Maria de Lourdes Bittencourt de Vasconcellos<\/p>\n\n\n\n<p>Media\u00e7\u00e3o: Estev\u00e3o Xavier<\/p>\n\n\n\n<p>\u2013 Palco Itamar Vieira Junior<\/p>\n\n\n\n<p>16h \u2013 Cinema e Literatura \u2013 Rodrigo Feres, Marco Ant\u00f4nio Maneira e Marcus Paulo Queiroz Mac\u00eado<\/p>\n\n\n\n<p>Media\u00e7\u00e3o: Professor Edilson Palhares<\/p>\n\n\n\n<p>\u2013 Palco Itamar Vieira Junior<\/p>\n\n\n\n<p>&nbsp;<strong><em>Domingo, 15 de maio<\/em><\/strong><\/p>\n\n\n\n<p>15h \u2013 Novos talentos liter\u00e1rios \u2013 Estev\u00e3o Xavier, Jessica Helena Alves Borges e La\u00eds Oliveira Rios<\/p>\n\n\n\n<p>Media\u00e7\u00e3o: Heleno Alvares<\/p>\n\n\n\n<p>&#8211; Espa\u00e7o entre \u00c1rvores<\/p>\n","protected":false},"excerpt":{"rendered":"<p>Acad\u00eamicaVilma Cunha Duarte \u00e9 uma das homenageadas do evento, que tamb\u00e9m marca lan\u00e7amento de Antologia A Academia Araxaense de Letras<\/p>\n","protected":false},"author":2,"featured_media":602,"comment_status":"open","ping_status":"open","sticky":false,"template":"","format":"standard","meta":{"footnotes":""},"categories":[9,5],"tags":[],"class_list":["post-601","post","type-post","status-publish","format-standard","has-post-thumbnail","hentry","category-araxa","category-arte-e-cultura"],"_links":{"self":[{"href":"http:\/\/blogdoarmindomaia.com.br\/index.php?rest_route=\/wp\/v2\/posts\/601","targetHints":{"allow":["GET"]}}],"collection":[{"href":"http:\/\/blogdoarmindomaia.com.br\/index.php?rest_route=\/wp\/v2\/posts"}],"about":[{"href":"http:\/\/blogdoarmindomaia.com.br\/index.php?rest_route=\/wp\/v2\/types\/post"}],"author":[{"embeddable":true,"href":"http:\/\/blogdoarmindomaia.com.br\/index.php?rest_route=\/wp\/v2\/users\/2"}],"replies":[{"embeddable":true,"href":"http:\/\/blogdoarmindomaia.com.br\/index.php?rest_route=%2Fwp%2Fv2%2Fcomments&post=601"}],"version-history":[{"count":1,"href":"http:\/\/blogdoarmindomaia.com.br\/index.php?rest_route=\/wp\/v2\/posts\/601\/revisions"}],"predecessor-version":[{"id":603,"href":"http:\/\/blogdoarmindomaia.com.br\/index.php?rest_route=\/wp\/v2\/posts\/601\/revisions\/603"}],"wp:featuredmedia":[{"embeddable":true,"href":"http:\/\/blogdoarmindomaia.com.br\/index.php?rest_route=\/wp\/v2\/media\/602"}],"wp:attachment":[{"href":"http:\/\/blogdoarmindomaia.com.br\/index.php?rest_route=%2Fwp%2Fv2%2Fmedia&parent=601"}],"wp:term":[{"taxonomy":"category","embeddable":true,"href":"http:\/\/blogdoarmindomaia.com.br\/index.php?rest_route=%2Fwp%2Fv2%2Fcategories&post=601"},{"taxonomy":"post_tag","embeddable":true,"href":"http:\/\/blogdoarmindomaia.com.br\/index.php?rest_route=%2Fwp%2Fv2%2Ftags&post=601"}],"curies":[{"name":"wp","href":"https:\/\/api.w.org\/{rel}","templated":true}]}}