{"id":6016,"date":"2023-08-10T14:49:45","date_gmt":"2023-08-10T17:49:45","guid":{"rendered":"http:\/\/blogdoarmindomaia.com.br\/?p=6016"},"modified":"2023-08-10T14:49:49","modified_gmt":"2023-08-10T17:49:49","slug":"prefeitura-de-araxa-vai-realizar-audiencia-publica-sobre-a-lei-orcamentaria-2024","status":"publish","type":"post","link":"http:\/\/blogdoarmindomaia.com.br\/?p=6016","title":{"rendered":"Prefeitura de Arax\u00e1 vai realizar audi\u00eancia p\u00fablica sobre a Lei Or\u00e7ament\u00e1ria 2024"},"content":{"rendered":"\n<figure class=\"wp-block-image size-large is-style-default\"><img loading=\"lazy\" decoding=\"async\" width=\"1024\" height=\"682\" src=\"http:\/\/blogdoarmindomaia.com.br\/wp-content\/uploads\/2023\/08\/Prefeitura-de-Araxa-vai-realizar-audiencia-publica-sobre-a-Lei-Orcamentaria-2024-pag-07-1024x682.jpeg\" alt=\"\" class=\"wp-image-6017\" srcset=\"http:\/\/blogdoarmindomaia.com.br\/wp-content\/uploads\/2023\/08\/Prefeitura-de-Araxa-vai-realizar-audiencia-publica-sobre-a-Lei-Orcamentaria-2024-pag-07-1024x682.jpeg 1024w, http:\/\/blogdoarmindomaia.com.br\/wp-content\/uploads\/2023\/08\/Prefeitura-de-Araxa-vai-realizar-audiencia-publica-sobre-a-Lei-Orcamentaria-2024-pag-07-300x200.jpeg 300w, http:\/\/blogdoarmindomaia.com.br\/wp-content\/uploads\/2023\/08\/Prefeitura-de-Araxa-vai-realizar-audiencia-publica-sobre-a-Lei-Orcamentaria-2024-pag-07-768x512.jpeg 768w, http:\/\/blogdoarmindomaia.com.br\/wp-content\/uploads\/2023\/08\/Prefeitura-de-Araxa-vai-realizar-audiencia-publica-sobre-a-Lei-Orcamentaria-2024-pag-07.jpeg 1280w\" sizes=\"auto, (max-width: 1024px) 100vw, 1024px\" \/><\/figure>\n\n\n\n<p>A Prefeitura de Arax\u00e1 convida a popula\u00e7\u00e3o para a audi\u00eancia p\u00fablica que vai tratar da proposta de Lei Or\u00e7ament\u00e1ria Anual (LOA) &#8211; Exerc\u00edcio 2024 no pr\u00f3ximo dia 16 de agosto, \u00e0s 10h, no Audit\u00f3rio da sede da Administra\u00e7\u00e3o Municipal &#8211; avenida Ros\u00e1lia Isaura de Ara\u00fajo, n\u00ba 275, Centro Administrativo.<br><br>De acordo com o prefeito Robson Magela, o objetivo da audi\u00eancia \u00e9 fazer com que o Or\u00e7amento do Munic\u00edpio seja elaborado de forma participativa e transparente.<br><br>\u201cPela primeira vez abrimos as portas da Prefeitura de Arax\u00e1 no ano passado para realizar essa audi\u00eancia, e continuamos proporcionando essa oportunidade para que a popula\u00e7\u00e3o apresente suas demandas quanto aos investimentos dos recursos p\u00fablicos em diversas \u00e1reas, construindo um futuro melhor para todos\u201d, refor\u00e7a o prefeito.<br><br>O Or\u00e7amento Municipal \u00e9 o principal instrumento de planejamento da prefeitura onde constam as receitas e despesas para cada exerc\u00edcio. \u00c9 a forma como a Lei de Responsabilidade Fiscal garante a transpar\u00eancia e a participa\u00e7\u00e3o popular nos processos de elabora\u00e7\u00e3o dos or\u00e7amentos. J\u00e1 a Lei Or\u00e7ament\u00e1ria Anual \u00e9 a ferramenta legal onde se estima as receitas e fixa as despesas do Poder P\u00fablico para um determinado exerc\u00edcio.<br><br>Sugest\u00f5es tamb\u00e9m podem ser enviadas at\u00e9 a data da audi\u00eancia pelo e-mail (&nbsp;<a href=\"mailto:sec.governo@araxa.mg.gov.br\" target=\"_blank\" rel=\"noreferrer noopener\">sec.governo@araxa.mg.gov.br<\/a>&nbsp;).<\/p>\n","protected":false},"excerpt":{"rendered":"<p>A Prefeitura de Arax\u00e1 convida a popula\u00e7\u00e3o para a audi\u00eancia p\u00fablica que vai tratar da proposta de Lei Or\u00e7ament\u00e1ria Anual<\/p>\n","protected":false},"author":2,"featured_media":6017,"comment_status":"open","ping_status":"open","sticky":false,"template":"","format":"standard","meta":{"footnotes":""},"categories":[9,11],"tags":[],"class_list":["post-6016","post","type-post","status-publish","format-standard","has-post-thumbnail","hentry","category-araxa","category-destaques"],"_links":{"self":[{"href":"http:\/\/blogdoarmindomaia.com.br\/index.php?rest_route=\/wp\/v2\/posts\/6016","targetHints":{"allow":["GET"]}}],"collection":[{"href":"http:\/\/blogdoarmindomaia.com.br\/index.php?rest_route=\/wp\/v2\/posts"}],"about":[{"href":"http:\/\/blogdoarmindomaia.com.br\/index.php?rest_route=\/wp\/v2\/types\/post"}],"author":[{"embeddable":true,"href":"http:\/\/blogdoarmindomaia.com.br\/index.php?rest_route=\/wp\/v2\/users\/2"}],"replies":[{"embeddable":true,"href":"http:\/\/blogdoarmindomaia.com.br\/index.php?rest_route=%2Fwp%2Fv2%2Fcomments&post=6016"}],"version-history":[{"count":1,"href":"http:\/\/blogdoarmindomaia.com.br\/index.php?rest_route=\/wp\/v2\/posts\/6016\/revisions"}],"predecessor-version":[{"id":6018,"href":"http:\/\/blogdoarmindomaia.com.br\/index.php?rest_route=\/wp\/v2\/posts\/6016\/revisions\/6018"}],"wp:featuredmedia":[{"embeddable":true,"href":"http:\/\/blogdoarmindomaia.com.br\/index.php?rest_route=\/wp\/v2\/media\/6017"}],"wp:attachment":[{"href":"http:\/\/blogdoarmindomaia.com.br\/index.php?rest_route=%2Fwp%2Fv2%2Fmedia&parent=6016"}],"wp:term":[{"taxonomy":"category","embeddable":true,"href":"http:\/\/blogdoarmindomaia.com.br\/index.php?rest_route=%2Fwp%2Fv2%2Fcategories&post=6016"},{"taxonomy":"post_tag","embeddable":true,"href":"http:\/\/blogdoarmindomaia.com.br\/index.php?rest_route=%2Fwp%2Fv2%2Ftags&post=6016"}],"curies":[{"name":"wp","href":"https:\/\/api.w.org\/{rel}","templated":true}]}}