{"id":6035,"date":"2023-08-14T11:15:39","date_gmt":"2023-08-14T14:15:39","guid":{"rendered":"http:\/\/blogdoarmindomaia.com.br\/?p=6035"},"modified":"2023-08-14T11:15:42","modified_gmt":"2023-08-14T14:15:42","slug":"reitora-da-uftm-destaca-espacos-oferecidos-pela-prefeitura-para-implantacao-do-campus-em-araxa","status":"publish","type":"post","link":"http:\/\/blogdoarmindomaia.com.br\/?p=6035","title":{"rendered":"Reitora da UFTM destaca espa\u00e7os oferecidos pela Prefeitura para implanta\u00e7\u00e3o do campus em Arax\u00e1"},"content":{"rendered":"\n<figure class=\"wp-block-image size-full is-style-default\"><img loading=\"lazy\" decoding=\"async\" width=\"1024\" height=\"683\" src=\"http:\/\/blogdoarmindomaia.com.br\/wp-content\/uploads\/2023\/08\/Visita-UFTM-5.jpeg\" alt=\"\" class=\"wp-image-6036\" srcset=\"http:\/\/blogdoarmindomaia.com.br\/wp-content\/uploads\/2023\/08\/Visita-UFTM-5.jpeg 1024w, http:\/\/blogdoarmindomaia.com.br\/wp-content\/uploads\/2023\/08\/Visita-UFTM-5-300x200.jpeg 300w, http:\/\/blogdoarmindomaia.com.br\/wp-content\/uploads\/2023\/08\/Visita-UFTM-5-768x512.jpeg 768w\" sizes=\"auto, (max-width: 1024px) 100vw, 1024px\" \/><\/figure>\n\n\n\n<figure class=\"wp-block-image size-full is-style-default\"><img loading=\"lazy\" decoding=\"async\" width=\"1024\" height=\"683\" src=\"http:\/\/blogdoarmindomaia.com.br\/wp-content\/uploads\/2023\/08\/Reitora-da-UFTM-destaca-espacos-oferecidos-pela-Prefeitura-pag-07.jpeg\" alt=\"\" class=\"wp-image-6037\" srcset=\"http:\/\/blogdoarmindomaia.com.br\/wp-content\/uploads\/2023\/08\/Reitora-da-UFTM-destaca-espacos-oferecidos-pela-Prefeitura-pag-07.jpeg 1024w, http:\/\/blogdoarmindomaia.com.br\/wp-content\/uploads\/2023\/08\/Reitora-da-UFTM-destaca-espacos-oferecidos-pela-Prefeitura-pag-07-300x200.jpeg 300w, http:\/\/blogdoarmindomaia.com.br\/wp-content\/uploads\/2023\/08\/Reitora-da-UFTM-destaca-espacos-oferecidos-pela-Prefeitura-pag-07-768x512.jpeg 768w\" sizes=\"auto, (max-width: 1024px) 100vw, 1024px\" \/><\/figure>\n\n\n\n<p>Uma comitiva composta pela reitora e especialistas da Universidade Federal do Tri\u00e2ngulo Mineiro (UFTM) realizou uma visita t\u00e9cnica em Arax\u00e1 com o objetivo de avaliar op\u00e7\u00f5es de im\u00f3veis e terrenos para a implanta\u00e7\u00e3o de uma extens\u00e3o da universidade no munic\u00edpio. A Prefeitura de Arax\u00e1 apresentou pr\u00e9dios que podem abrigar provisoriamente as instala\u00e7\u00f5es da UFTM, e tamb\u00e9m \u00e1reas para a constru\u00e7\u00e3o da sede definitiva do campus universit\u00e1rio.<br><br>Os locais indicados est\u00e3o estrategicamente distribu\u00eddos em diferentes pontos da cidade, levando em considera\u00e7\u00e3o a viabilidade log\u00edstica e a conex\u00e3o com a comunidade. Na ocasi\u00e3o, foram discutidos detalhes sobre a infraestrutura, acessibilidade, potencial de expans\u00e3o e proximidade com centros de pesquisa e inova\u00e7\u00e3o.<br><br>Ap\u00f3s inspecionar cada local, a reitora da UFTM, Marinalva Vieira Barbosa, destacou a diversidade de op\u00e7\u00f5es, o comprometimento da Administra\u00e7\u00e3o Municipal em apoiar a cria\u00e7\u00e3o do futuro campus e ressaltou que a defini\u00e7\u00e3o dos cursos a serem ofertados depender\u00e1 diretamente da estrutura do local escolhido.<br><br>\u201cSa\u00edmos daqui muito animados, tanto com a recep\u00e7\u00e3o, disposi\u00e7\u00e3o e abertura da Prefeitura de Arax\u00e1 para construir esse di\u00e1logo com a universidade, como tamb\u00e9m pelo conjunto de espa\u00e7os que nos foi apresentado. N\u00f3s temos, de fato, boas alternativas para essa implanta\u00e7\u00e3o em Arax\u00e1. A UFTM j\u00e1 \u00e9 uma realidade, vai, sim, sair do papel, acredito que hoje demos um passo extremamente importante para esse movimento. Desejamos dar esse retorno para o munic\u00edpio o mais breve poss\u00edvel\u201d, refor\u00e7a.<br><br>De acordo com o prefeito Robson Magela, a implanta\u00e7\u00e3o do campus enriquecer\u00e1 a oferta educacional na cidade e promover\u00e1 um ambiente prop\u00edcio \u00e0 pesquisa, inova\u00e7\u00e3o e interc\u00e2mbio de conhecimentos.<br><br>\u201cHoje demos um importante passo rumo ao futuro da Educa\u00e7\u00e3o de Arax\u00e1. Esse \u00e9 um sonho antigo de toda comunidade e estamos fazendo a nossa parte enquanto Administra\u00e7\u00e3o Municipal, apresentando possibilidades de pr\u00e9dios e \u00e1reas para constru\u00e7\u00e3o. Agora, aguardamos com expectativa a defini\u00e7\u00e3o da reitora. Uma decis\u00e3o que certamente moldar\u00e1 o futuro educacional da regi\u00e3o e estabelecer\u00e1 uma parceria duradoura entre a institui\u00e7\u00e3o de ensino superior e a comunidade local\u201d, refor\u00e7a.<br><\/p>\n","protected":false},"excerpt":{"rendered":"<p>Uma comitiva composta pela reitora e especialistas da Universidade Federal do Tri\u00e2ngulo Mineiro (UFTM) realizou uma visita t\u00e9cnica em Arax\u00e1<\/p>\n","protected":false},"author":2,"featured_media":6037,"comment_status":"open","ping_status":"open","sticky":false,"template":"","format":"standard","meta":{"footnotes":""},"categories":[9,11,13],"tags":[],"class_list":["post-6035","post","type-post","status-publish","format-standard","has-post-thumbnail","hentry","category-araxa","category-destaques","category-educacao"],"_links":{"self":[{"href":"http:\/\/blogdoarmindomaia.com.br\/index.php?rest_route=\/wp\/v2\/posts\/6035","targetHints":{"allow":["GET"]}}],"collection":[{"href":"http:\/\/blogdoarmindomaia.com.br\/index.php?rest_route=\/wp\/v2\/posts"}],"about":[{"href":"http:\/\/blogdoarmindomaia.com.br\/index.php?rest_route=\/wp\/v2\/types\/post"}],"author":[{"embeddable":true,"href":"http:\/\/blogdoarmindomaia.com.br\/index.php?rest_route=\/wp\/v2\/users\/2"}],"replies":[{"embeddable":true,"href":"http:\/\/blogdoarmindomaia.com.br\/index.php?rest_route=%2Fwp%2Fv2%2Fcomments&post=6035"}],"version-history":[{"count":1,"href":"http:\/\/blogdoarmindomaia.com.br\/index.php?rest_route=\/wp\/v2\/posts\/6035\/revisions"}],"predecessor-version":[{"id":6038,"href":"http:\/\/blogdoarmindomaia.com.br\/index.php?rest_route=\/wp\/v2\/posts\/6035\/revisions\/6038"}],"wp:featuredmedia":[{"embeddable":true,"href":"http:\/\/blogdoarmindomaia.com.br\/index.php?rest_route=\/wp\/v2\/media\/6037"}],"wp:attachment":[{"href":"http:\/\/blogdoarmindomaia.com.br\/index.php?rest_route=%2Fwp%2Fv2%2Fmedia&parent=6035"}],"wp:term":[{"taxonomy":"category","embeddable":true,"href":"http:\/\/blogdoarmindomaia.com.br\/index.php?rest_route=%2Fwp%2Fv2%2Fcategories&post=6035"},{"taxonomy":"post_tag","embeddable":true,"href":"http:\/\/blogdoarmindomaia.com.br\/index.php?rest_route=%2Fwp%2Fv2%2Ftags&post=6035"}],"curies":[{"name":"wp","href":"https:\/\/api.w.org\/{rel}","templated":true}]}}