{"id":6041,"date":"2023-08-16T16:04:39","date_gmt":"2023-08-16T19:04:39","guid":{"rendered":"http:\/\/blogdoarmindomaia.com.br\/?p=6041"},"modified":"2023-08-16T16:04:43","modified_gmt":"2023-08-16T19:04:43","slug":"comecou-em-araxa-a-campanha-de-vacinacao-antirrabica-animal","status":"publish","type":"post","link":"http:\/\/blogdoarmindomaia.com.br\/?p=6041","title":{"rendered":"Come\u00e7ou em Arax\u00e1 a Campanha de Vacina\u00e7\u00e3o Antirr\u00e1bica Animal"},"content":{"rendered":"\n<figure class=\"wp-block-image size-large is-style-default\"><img loading=\"lazy\" decoding=\"async\" width=\"1024\" height=\"576\" src=\"http:\/\/blogdoarmindomaia.com.br\/wp-content\/uploads\/2023\/08\/Comecou-em-Araxa-a-Campanha-de-Vacinacao-Antirrabica-Animal-pasg-03-1024x576.jpeg\" alt=\"\" class=\"wp-image-6042\" srcset=\"http:\/\/blogdoarmindomaia.com.br\/wp-content\/uploads\/2023\/08\/Comecou-em-Araxa-a-Campanha-de-Vacinacao-Antirrabica-Animal-pasg-03-1024x576.jpeg 1024w, http:\/\/blogdoarmindomaia.com.br\/wp-content\/uploads\/2023\/08\/Comecou-em-Araxa-a-Campanha-de-Vacinacao-Antirrabica-Animal-pasg-03-300x169.jpeg 300w, http:\/\/blogdoarmindomaia.com.br\/wp-content\/uploads\/2023\/08\/Comecou-em-Araxa-a-Campanha-de-Vacinacao-Antirrabica-Animal-pasg-03-768x432.jpeg 768w, http:\/\/blogdoarmindomaia.com.br\/wp-content\/uploads\/2023\/08\/Comecou-em-Araxa-a-Campanha-de-Vacinacao-Antirrabica-Animal-pasg-03-1536x864.jpeg 1536w, http:\/\/blogdoarmindomaia.com.br\/wp-content\/uploads\/2023\/08\/Comecou-em-Araxa-a-Campanha-de-Vacinacao-Antirrabica-Animal-pasg-03.jpeg 1600w\" sizes=\"auto, (max-width: 1024px) 100vw, 1024px\" \/><\/figure>\n\n\n\n<p>A Vigil\u00e2ncia Ambiental da Secretaria Municipal de Sa\u00fade promove a Campanha de Vacina\u00e7\u00e3o Antirr\u00e1bica Animal, na Zona Rural, entre os dias 16 de agosto a 1\u00ba de setembro. J\u00e1 a etapa da campanha no Per\u00edmetro Urbano acontece entre os dias 11 e 18 de setembro. A meta \u00e9 vacinar mais de 16 mil animais entre c\u00e3es e gatos.\u00a0 O agente Fabr\u00edcio de \u00c1vila explica que para receber o imunizante o animal deve ter mais de 3 meses de vida e estar em boas condi\u00e7\u00f5es de sa\u00fade. \u201cN\u00e3o h\u00e1 contraindica\u00e7\u00f5es para a vacina\u00e7\u00e3o de animais lactantes, pu\u00e9rperas ou gestantes. Os animais que v\u00e3o receber dose no primeiro ano de vida devem tomar a dose de refor\u00e7o ap\u00f3s 30 dias da aplica\u00e7\u00e3o da primeira dose\u201d, completa. \u201c\u00c9 muito importante a colabora\u00e7\u00e3o da popula\u00e7\u00e3o para que possamos vacinar todos os animais da zona rural. Pedimos sempre para o pessoal deixar as porteiras abertas para facilitar a entrada dos agentes da Vigil\u00e2ncia Ambiental. Nosso objetivo \u00e9 vacinar o maior n\u00famero de c\u00e3es e gatos durante toda a campanha\u201d, refor\u00e7a a coordenadora da Vigil\u00e2ncia em Sa\u00fade, Leninha Severo. A raiva \u00e9 uma doen\u00e7a que mata, tanto o animal quanto o ser humano, e n\u00e3o tem cura. A melhor maneira de prevenir \u00e9 a vacina. A doen\u00e7a \u00e9 transmitida principalmente por mordidas, al\u00e9m de arranh\u00f5es, unhadas ou lambidas de animais doentes. A vacina\u00e7\u00e3o do c\u00e3o e gato ocorre anualmente e \u00e9 de suma import\u00e2ncia para que o animal n\u00e3o contraia a doen\u00e7a.<br><br><br><\/p>\n","protected":false},"excerpt":{"rendered":"<p>A Vigil\u00e2ncia Ambiental da Secretaria Municipal de Sa\u00fade promove a Campanha de Vacina\u00e7\u00e3o Antirr\u00e1bica Animal, na Zona Rural, entre os<\/p>\n","protected":false},"author":2,"featured_media":6042,"comment_status":"open","ping_status":"open","sticky":false,"template":"","format":"standard","meta":{"footnotes":""},"categories":[9,11],"tags":[],"class_list":["post-6041","post","type-post","status-publish","format-standard","has-post-thumbnail","hentry","category-araxa","category-destaques"],"_links":{"self":[{"href":"http:\/\/blogdoarmindomaia.com.br\/index.php?rest_route=\/wp\/v2\/posts\/6041","targetHints":{"allow":["GET"]}}],"collection":[{"href":"http:\/\/blogdoarmindomaia.com.br\/index.php?rest_route=\/wp\/v2\/posts"}],"about":[{"href":"http:\/\/blogdoarmindomaia.com.br\/index.php?rest_route=\/wp\/v2\/types\/post"}],"author":[{"embeddable":true,"href":"http:\/\/blogdoarmindomaia.com.br\/index.php?rest_route=\/wp\/v2\/users\/2"}],"replies":[{"embeddable":true,"href":"http:\/\/blogdoarmindomaia.com.br\/index.php?rest_route=%2Fwp%2Fv2%2Fcomments&post=6041"}],"version-history":[{"count":1,"href":"http:\/\/blogdoarmindomaia.com.br\/index.php?rest_route=\/wp\/v2\/posts\/6041\/revisions"}],"predecessor-version":[{"id":6043,"href":"http:\/\/blogdoarmindomaia.com.br\/index.php?rest_route=\/wp\/v2\/posts\/6041\/revisions\/6043"}],"wp:featuredmedia":[{"embeddable":true,"href":"http:\/\/blogdoarmindomaia.com.br\/index.php?rest_route=\/wp\/v2\/media\/6042"}],"wp:attachment":[{"href":"http:\/\/blogdoarmindomaia.com.br\/index.php?rest_route=%2Fwp%2Fv2%2Fmedia&parent=6041"}],"wp:term":[{"taxonomy":"category","embeddable":true,"href":"http:\/\/blogdoarmindomaia.com.br\/index.php?rest_route=%2Fwp%2Fv2%2Fcategories&post=6041"},{"taxonomy":"post_tag","embeddable":true,"href":"http:\/\/blogdoarmindomaia.com.br\/index.php?rest_route=%2Fwp%2Fv2%2Ftags&post=6041"}],"curies":[{"name":"wp","href":"https:\/\/api.w.org\/{rel}","templated":true}]}}