{"id":6044,"date":"2023-08-16T16:06:51","date_gmt":"2023-08-16T19:06:51","guid":{"rendered":"http:\/\/blogdoarmindomaia.com.br\/?p=6044"},"modified":"2023-08-16T16:06:54","modified_gmt":"2023-08-16T19:06:54","slug":"espetaculo-de-danca-minas-e-do-tamanho-do-mundo-sera-realizado-pelo-projeto-incluir","status":"publish","type":"post","link":"http:\/\/blogdoarmindomaia.com.br\/?p=6044","title":{"rendered":"Espet\u00e1culo de Dan\u00e7a \u201cMinas \u00e9 do Tamanho do Mundo\u201d ser\u00e1 realizado pelo Projeto Incluir"},"content":{"rendered":"\n<figure class=\"wp-block-image size-large is-style-default\"><img loading=\"lazy\" decoding=\"async\" width=\"1024\" height=\"683\" src=\"http:\/\/blogdoarmindomaia.com.br\/wp-content\/uploads\/2023\/08\/Espetaculo-de-Danca-Minas-e-doTamanho-do-Mundo-pag-09-1024x683.jpeg\" alt=\"\" class=\"wp-image-6045\" srcset=\"http:\/\/blogdoarmindomaia.com.br\/wp-content\/uploads\/2023\/08\/Espetaculo-de-Danca-Minas-e-doTamanho-do-Mundo-pag-09-1024x683.jpeg 1024w, http:\/\/blogdoarmindomaia.com.br\/wp-content\/uploads\/2023\/08\/Espetaculo-de-Danca-Minas-e-doTamanho-do-Mundo-pag-09-300x200.jpeg 300w, http:\/\/blogdoarmindomaia.com.br\/wp-content\/uploads\/2023\/08\/Espetaculo-de-Danca-Minas-e-doTamanho-do-Mundo-pag-09-768x512.jpeg 768w, http:\/\/blogdoarmindomaia.com.br\/wp-content\/uploads\/2023\/08\/Espetaculo-de-Danca-Minas-e-doTamanho-do-Mundo-pag-09.jpeg 1080w\" sizes=\"auto, (max-width: 1024px) 100vw, 1024px\" \/><\/figure>\n\n\n\n<figure class=\"wp-block-image size-large is-style-default\"><img loading=\"lazy\" decoding=\"async\" width=\"1024\" height=\"697\" src=\"http:\/\/blogdoarmindomaia.com.br\/wp-content\/uploads\/2023\/08\/Incluir-1-1024x697.jpeg\" alt=\"\" class=\"wp-image-6046\" srcset=\"http:\/\/blogdoarmindomaia.com.br\/wp-content\/uploads\/2023\/08\/Incluir-1-1024x697.jpeg 1024w, http:\/\/blogdoarmindomaia.com.br\/wp-content\/uploads\/2023\/08\/Incluir-1-300x204.jpeg 300w, http:\/\/blogdoarmindomaia.com.br\/wp-content\/uploads\/2023\/08\/Incluir-1-768x523.jpeg 768w, http:\/\/blogdoarmindomaia.com.br\/wp-content\/uploads\/2023\/08\/Incluir-1.jpeg 1080w\" sizes=\"auto, (max-width: 1024px) 100vw, 1024px\" \/><\/figure>\n\n\n\n<p>O Projeto Cultural \u201cIncluir \u2013 Dan\u00e7ando Com Arte\u201d foi lan\u00e7ado com a miss\u00e3o de promover a inclus\u00e3o de indiv\u00edduos com diversas defici\u00eancias por meio da dan\u00e7a. O projeto foi idealizado pela Coordenadora, Educadora F\u00edsica e Especialista em Dan\u00e7a em Cadeira de Rodas, Yasmim Ara\u00fajo, e se concentra em oferecer oportunidades de express\u00e3o e desenvolvimento pessoal, independente das limita\u00e7\u00f5es f\u00edsicas ou cognitivas.<\/p>\n\n\n\n<p>A abordagem diversificada do projeto abrange uma ampla gama de estilos de dan\u00e7a, desde tradi\u00e7\u00f5es folcl\u00f3ricas at\u00e9 modalidades art\u00edsticas e esportivas. Instrutores especializados em dan\u00e7a inclusiva adaptam suas pr\u00e1ticas para atender \u00e0s necessidades espec\u00edficas de cada participante, garantindo uma experi\u00eancia significativa.<\/p>\n\n\n\n<p>A iniciativa acredita no potencial transformador da dan\u00e7a como ferramenta de inclus\u00e3o, almejando desafiar preconceitos e superar barreiras. O objetivo \u00e9 inspirar vidas e contribuir para uma sociedade mais consciente e inclusiva.<\/p>\n\n\n\n<p>As aulas que foram realizadas ao longo deste ano culminar\u00e3o em um grande espet\u00e1culo de dan\u00e7a, livre e gratuito, intitulado &#8220;Minas \u00e9 do Tamanho do Mundo&#8221;, que contar\u00e1 com duas apresenta\u00e7\u00f5es emocionantes dos alunos formados por meio deste projeto inspirador. A primeira apresenta\u00e7\u00e3o acontece no pr\u00f3ximo s\u00e1bado (26\/08), \u00e0s 19 horas, no Teatro CBMM do Centro Cultural Uniarax\u00e1; e tamb\u00e9m no domingo (03\/09), \u00e0s 09 horas, no Parque do Cristo.<\/p>\n\n\n\n<p>O Projeto Cultural \u201cIncluir \u2013 Dan\u00e7ando Com Arte\u201d \u00e9 realizado por meio da Lei de Incentivo \u00e0 Cultura, do Minist\u00e9rio da Cultura e Governo Federal, conta com o patroc\u00ednio da CBMM e o apoio de outras institui\u00e7\u00f5es que compartilham a vis\u00e3o de igualdade de oportunidades para pessoas com defici\u00eancia.<\/p>\n","protected":false},"excerpt":{"rendered":"<p>O Projeto Cultural \u201cIncluir \u2013 Dan\u00e7ando Com Arte\u201d foi lan\u00e7ado com a miss\u00e3o de promover a inclus\u00e3o de indiv\u00edduos com<\/p>\n","protected":false},"author":2,"featured_media":6045,"comment_status":"open","ping_status":"open","sticky":false,"template":"","format":"standard","meta":{"footnotes":""},"categories":[9,5,11],"tags":[],"class_list":["post-6044","post","type-post","status-publish","format-standard","has-post-thumbnail","hentry","category-araxa","category-arte-e-cultura","category-destaques"],"_links":{"self":[{"href":"http:\/\/blogdoarmindomaia.com.br\/index.php?rest_route=\/wp\/v2\/posts\/6044","targetHints":{"allow":["GET"]}}],"collection":[{"href":"http:\/\/blogdoarmindomaia.com.br\/index.php?rest_route=\/wp\/v2\/posts"}],"about":[{"href":"http:\/\/blogdoarmindomaia.com.br\/index.php?rest_route=\/wp\/v2\/types\/post"}],"author":[{"embeddable":true,"href":"http:\/\/blogdoarmindomaia.com.br\/index.php?rest_route=\/wp\/v2\/users\/2"}],"replies":[{"embeddable":true,"href":"http:\/\/blogdoarmindomaia.com.br\/index.php?rest_route=%2Fwp%2Fv2%2Fcomments&post=6044"}],"version-history":[{"count":1,"href":"http:\/\/blogdoarmindomaia.com.br\/index.php?rest_route=\/wp\/v2\/posts\/6044\/revisions"}],"predecessor-version":[{"id":6047,"href":"http:\/\/blogdoarmindomaia.com.br\/index.php?rest_route=\/wp\/v2\/posts\/6044\/revisions\/6047"}],"wp:featuredmedia":[{"embeddable":true,"href":"http:\/\/blogdoarmindomaia.com.br\/index.php?rest_route=\/wp\/v2\/media\/6045"}],"wp:attachment":[{"href":"http:\/\/blogdoarmindomaia.com.br\/index.php?rest_route=%2Fwp%2Fv2%2Fmedia&parent=6044"}],"wp:term":[{"taxonomy":"category","embeddable":true,"href":"http:\/\/blogdoarmindomaia.com.br\/index.php?rest_route=%2Fwp%2Fv2%2Fcategories&post=6044"},{"taxonomy":"post_tag","embeddable":true,"href":"http:\/\/blogdoarmindomaia.com.br\/index.php?rest_route=%2Fwp%2Fv2%2Ftags&post=6044"}],"curies":[{"name":"wp","href":"https:\/\/api.w.org\/{rel}","templated":true}]}}