{"id":6048,"date":"2023-08-16T16:12:24","date_gmt":"2023-08-16T19:12:24","guid":{"rendered":"http:\/\/blogdoarmindomaia.com.br\/?p=6048"},"modified":"2023-08-16T16:12:26","modified_gmt":"2023-08-16T19:12:26","slug":"prefeitura-repassa-mais-de-r-35-milhoes-do-fundo-do-idoso-de-araxa","status":"publish","type":"post","link":"http:\/\/blogdoarmindomaia.com.br\/?p=6048","title":{"rendered":"Prefeitura repassa mais de R$ 3,5 milh\u00f5es do Fundo do Idoso de Arax\u00e1"},"content":{"rendered":"\n<figure class=\"wp-block-image size-full is-style-default\"><img loading=\"lazy\" decoding=\"async\" width=\"1024\" height=\"683\" src=\"http:\/\/blogdoarmindomaia.com.br\/wp-content\/uploads\/2023\/08\/Repasse-Fundo-Municipal-do-Idoso-8.jpeg\" alt=\"\" class=\"wp-image-6049\" srcset=\"http:\/\/blogdoarmindomaia.com.br\/wp-content\/uploads\/2023\/08\/Repasse-Fundo-Municipal-do-Idoso-8.jpeg 1024w, http:\/\/blogdoarmindomaia.com.br\/wp-content\/uploads\/2023\/08\/Repasse-Fundo-Municipal-do-Idoso-8-300x200.jpeg 300w, http:\/\/blogdoarmindomaia.com.br\/wp-content\/uploads\/2023\/08\/Repasse-Fundo-Municipal-do-Idoso-8-768x512.jpeg 768w\" sizes=\"auto, (max-width: 1024px) 100vw, 1024px\" \/><\/figure>\n\n\n\n<p>A Prefeitura de Arax\u00e1 realizou o repasse de recursos do Fundo Municipal do Idoso para tr\u00eas entidades, na \u00faltima sexta-feira (11).&nbsp; As institui\u00e7\u00f5es contempladas foram o Lar Eben\u00e9zer, o Recanto do Idoso S\u00e3o Vicente de Paulo e as Obras Assistenciais Eur\u00edpedes Barsanulfo.<br><br>O ato contou com as presen\u00e7as do prefeito Robson Magela; do secret\u00e1rio municipal de A\u00e7\u00e3o Social, Wagner Cruz; do representante da CBMM, \u00c1lvaro Rezende; dos vereadores Evaldo do Ferrocarril, Jo\u00e3o Veras, Raphael Rios e Valtinho da Farm\u00e1cia; dos representantes das entidades beneficiadas &#8211; Marisete Aparecida Augusto (Lar Eben\u00e9zer), Maria Auxiliadora Ara\u00fajo de Resende e Hermes Borges (Recanto do Idoso S\u00e3o Vicente de Paulo) e Nilza Contato Balieiro (Obras Assistenciais Eur\u00edpedes Barsanulfo) &#8211; e imprensa.<br><br>O recurso \u00e9 oriundo de incentivo fiscal de empresas privadas para o Fundo Municipal dos Direitos e Prote\u00e7\u00e3o do Idoso, um instrumento de capta\u00e7\u00e3o, repasse e aplica\u00e7\u00e3o de recursos destinados a propiciar suporte financeiro para a implanta\u00e7\u00e3o, manuten\u00e7\u00e3o e desenvolvimento de planos, programas, projetos e a\u00e7\u00f5es voltados \u00e0s pessoas idosas, com vistas a assegurar os seus direitos sociais. Esses repasses v\u00e3o atender diretamente 130 idosos.<br><br>Segundo a presidente do Recanto do Idoso S\u00e3o Vicente de Paulo, Maria Auxiliadora Ara\u00fajo de Resende, o momento \u00e9 de agradecimento.<br><br>\u201cN\u00f3s, como parte da equipe do Recanto do Idoso, temos somente que agradecer por esse repasse que \u00e9 de fundamental import\u00e2ncia para a sobreviv\u00eancia da entidade e, consequentemente, para a vida de nossos idosos\u201d, afirma.<br><br>O secret\u00e1rio Wagner Cruz afirma que o principal objetivo do repasse \u00e9 assegurar n\u00e3o apenas a longevidade, mas a qualidade de vida e a satisfa\u00e7\u00e3o pessoal em envelhecer, direito de todo idoso.<br><br>\u201c\u00c9 um dia muito feliz n\u00e3o somente para a Administra\u00e7\u00e3o Municipal, mas tamb\u00e9m para as entidades beneficiadas e para in\u00fameros idosos. Essa contribui\u00e7\u00e3o \u00e9 de grande import\u00e2ncia, e neste momento temos a certeza de que a uni\u00e3o entre a Gest\u00e3o Municipal, empresas privadas, Conselho do Idoso e entidades faz toda a diferen\u00e7a\u201d, diz o secret\u00e1rio.<br><br>De acordo com o prefeito Robson Magela, o repasse reafirma a aten\u00e7\u00e3o da Prefeitura de Arax\u00e1 em rela\u00e7\u00e3o \u00e0 Melhor Idade.<br><br>\u201cEstamos muito felizes por poder proporcionar um momento como este e poder contar a parceria de tantas pessoas em prol da qualidade de vida do idoso. N\u00f3s vamos continuar trabalhando e buscando a realiza\u00e7\u00e3o de a\u00e7\u00f5es que cuidem e proporcionem o acolhimento, a aten\u00e7\u00e3o e o carinho que este p\u00fablico tanto merece \u201d, completa.<br><br>Entidades beneficiadas<br><br>&nbsp;Lar Eben\u00e9zer<br><br>&#8211; R$ 1.712.934,33: Implementa\u00e7\u00e3o do Projeto Alegria do Lar.<br><br>Recanto do Idoso S\u00e3o Vicente de Paulo<br><br>&#8211; R$ 1.253.600,66: Implementa\u00e7\u00e3o do Projeto Viver com Dignidade.<br><br>Obras Assistenciais Eur\u00edpedes Barsanulfo<br><br>&#8211; R$ 599.720,53: Implementa\u00e7\u00e3o do Projeto de manuten\u00e7\u00e3o dos tr\u00eas lares de moradia dos idosos.<br><br>Valor total do repasse: R$ 3.566.255,52.<\/p>\n","protected":false},"excerpt":{"rendered":"<p>A Prefeitura de Arax\u00e1 realizou o repasse de recursos do Fundo Municipal do Idoso para tr\u00eas entidades, na \u00faltima sexta-feira<\/p>\n","protected":false},"author":2,"featured_media":0,"comment_status":"open","ping_status":"open","sticky":false,"template":"","format":"standard","meta":{"footnotes":""},"categories":[9,11],"tags":[],"class_list":["post-6048","post","type-post","status-publish","format-standard","hentry","category-araxa","category-destaques"],"_links":{"self":[{"href":"http:\/\/blogdoarmindomaia.com.br\/index.php?rest_route=\/wp\/v2\/posts\/6048","targetHints":{"allow":["GET"]}}],"collection":[{"href":"http:\/\/blogdoarmindomaia.com.br\/index.php?rest_route=\/wp\/v2\/posts"}],"about":[{"href":"http:\/\/blogdoarmindomaia.com.br\/index.php?rest_route=\/wp\/v2\/types\/post"}],"author":[{"embeddable":true,"href":"http:\/\/blogdoarmindomaia.com.br\/index.php?rest_route=\/wp\/v2\/users\/2"}],"replies":[{"embeddable":true,"href":"http:\/\/blogdoarmindomaia.com.br\/index.php?rest_route=%2Fwp%2Fv2%2Fcomments&post=6048"}],"version-history":[{"count":1,"href":"http:\/\/blogdoarmindomaia.com.br\/index.php?rest_route=\/wp\/v2\/posts\/6048\/revisions"}],"predecessor-version":[{"id":6050,"href":"http:\/\/blogdoarmindomaia.com.br\/index.php?rest_route=\/wp\/v2\/posts\/6048\/revisions\/6050"}],"wp:attachment":[{"href":"http:\/\/blogdoarmindomaia.com.br\/index.php?rest_route=%2Fwp%2Fv2%2Fmedia&parent=6048"}],"wp:term":[{"taxonomy":"category","embeddable":true,"href":"http:\/\/blogdoarmindomaia.com.br\/index.php?rest_route=%2Fwp%2Fv2%2Fcategories&post=6048"},{"taxonomy":"post_tag","embeddable":true,"href":"http:\/\/blogdoarmindomaia.com.br\/index.php?rest_route=%2Fwp%2Fv2%2Ftags&post=6048"}],"curies":[{"name":"wp","href":"https:\/\/api.w.org\/{rel}","templated":true}]}}