{"id":6056,"date":"2023-08-17T14:26:08","date_gmt":"2023-08-17T17:26:08","guid":{"rendered":"http:\/\/blogdoarmindomaia.com.br\/?p=6056"},"modified":"2023-08-17T14:26:10","modified_gmt":"2023-08-17T17:26:10","slug":"em-sessao-especial-camara-presta-homenagem-aos-100-do-grupo-zema","status":"publish","type":"post","link":"http:\/\/blogdoarmindomaia.com.br\/?p=6056","title":{"rendered":"Em sess\u00e3o especial C\u00e2mara presta homenagem aos 100 do Grupo Zema"},"content":{"rendered":"\n<figure class=\"wp-block-image size-full is-style-default\"><img loading=\"lazy\" decoding=\"async\" width=\"1000\" height=\"667\" src=\"http:\/\/blogdoarmindomaia.com.br\/wp-content\/uploads\/2023\/08\/Em-sessao-especial-Camara-presta-homenagem-aos-100-do-Grupo-Zema-pag-07.jpeg\" alt=\"\" class=\"wp-image-6057\" srcset=\"http:\/\/blogdoarmindomaia.com.br\/wp-content\/uploads\/2023\/08\/Em-sessao-especial-Camara-presta-homenagem-aos-100-do-Grupo-Zema-pag-07.jpeg 1000w, http:\/\/blogdoarmindomaia.com.br\/wp-content\/uploads\/2023\/08\/Em-sessao-especial-Camara-presta-homenagem-aos-100-do-Grupo-Zema-pag-07-300x200.jpeg 300w, http:\/\/blogdoarmindomaia.com.br\/wp-content\/uploads\/2023\/08\/Em-sessao-especial-Camara-presta-homenagem-aos-100-do-Grupo-Zema-pag-07-768x512.jpeg 768w\" sizes=\"auto, (max-width: 1000px) 100vw, 1000px\" \/><\/figure>\n\n\n\n<p>Foi uma cerim\u00f4nia cercada de homenagens e gratid\u00e3o. O Plen\u00e1rio da C\u00e2mara Municipal de Arax\u00e1, foi o palco na tarde da \u00faltima sexta-feira, dia 11 de agosto, para uma justa rever\u00eancia aos 100 anos do Grupo Zema de Arax\u00e1, completados, no dia 12 de maio. A mo\u00e7\u00e3o de congratula\u00e7\u00e3o \u00a0foi de autoria do vereador Wellington da Bit. Diretores da empresa, familiares,\u00a0 colaboradores e ex-colaboradores do Grupo Zema estiveram presentes \u00e0 solenidade, que tamb\u00e9m contou com as presen\u00e7as do prefeito de Arax\u00e1 Robson Magela, o vereador \u00a0Wellington , autor da homenagem, demais vereadores, assessores municipais, do diretor do F\u00f3rum da Comarca de Arax\u00e1 Jos\u00e9 Aparecido Fausto, e o do presidente do Grupo Zema, Romero Zema. Durante a sess\u00e3o foi apresentado um document\u00e1rio com depoimentos, fotos, documentos e imagens reais, retratando a saga do Grupo Zema em cem anos de atua\u00e7\u00e3o no mercado. Hoje, o Grupo Zema\u00a0 realiza atividades e a\u00e7\u00f5es empresariais e de servi\u00e7o empregando mais de 5 mil funcion\u00e1rios em 16 Estados. Durante o evento o prefeito de Arax\u00e1 fez quest\u00e3o de se referir ao Grupo Zema, como um dos mais importantes de Arax\u00e1 em todos os tempos. \u201cO Grupo Zema \u00e9 sem d\u00favida o maior de nossa hist\u00f3ria, gerando emprego, renda, movimentando a nossa economia e sendo uma grande fonte de desenvolvimento em todos os setores da cidade\u201d.\u00a0\u00a0 J\u00e1 o presidente do Grupo Zema, Romero Zema, agradeceu a todos pelas homenagens, carinho e reconhecimento. Ele tamb\u00e9m citou o seu pai Ricardo Zema, destacando a disciplina, forma leal e correta de trabalhar e agradeceu tamb\u00e9m a todos os colaboradores que ao longo desses cem anos, ajudaram a dignificar a marca Zema. Terminando suas palavras, Romero lembrou de novo do seu pai, Ricardo Zema. \u00a0\u201cSe o meu pai, senhor Ricardo Zema, estivesse aqui presente nesta homenagem, ele iria ler os 10 mandamentos da empresa: Seja otimista; Fuja dos pessimistas; N\u00e3o se preocupe com a vida dos outros, n\u00e3o fale mal de ningu\u00e9m; Gaste menos do que ganha; Acredite em voc\u00ea; Seja decisivo e objetivo; N\u00e3o seja invejoso; Seja honesto; Seja organizado e Trabalhe, trabalhe, trabalhe\u201d.<\/p>\n","protected":false},"excerpt":{"rendered":"<p>Foi uma cerim\u00f4nia cercada de homenagens e gratid\u00e3o. O Plen\u00e1rio da C\u00e2mara Municipal de Arax\u00e1, foi o palco na tarde<\/p>\n","protected":false},"author":2,"featured_media":6057,"comment_status":"open","ping_status":"open","sticky":false,"template":"","format":"standard","meta":{"footnotes":""},"categories":[9,11],"tags":[],"class_list":["post-6056","post","type-post","status-publish","format-standard","has-post-thumbnail","hentry","category-araxa","category-destaques"],"_links":{"self":[{"href":"http:\/\/blogdoarmindomaia.com.br\/index.php?rest_route=\/wp\/v2\/posts\/6056","targetHints":{"allow":["GET"]}}],"collection":[{"href":"http:\/\/blogdoarmindomaia.com.br\/index.php?rest_route=\/wp\/v2\/posts"}],"about":[{"href":"http:\/\/blogdoarmindomaia.com.br\/index.php?rest_route=\/wp\/v2\/types\/post"}],"author":[{"embeddable":true,"href":"http:\/\/blogdoarmindomaia.com.br\/index.php?rest_route=\/wp\/v2\/users\/2"}],"replies":[{"embeddable":true,"href":"http:\/\/blogdoarmindomaia.com.br\/index.php?rest_route=%2Fwp%2Fv2%2Fcomments&post=6056"}],"version-history":[{"count":1,"href":"http:\/\/blogdoarmindomaia.com.br\/index.php?rest_route=\/wp\/v2\/posts\/6056\/revisions"}],"predecessor-version":[{"id":6058,"href":"http:\/\/blogdoarmindomaia.com.br\/index.php?rest_route=\/wp\/v2\/posts\/6056\/revisions\/6058"}],"wp:featuredmedia":[{"embeddable":true,"href":"http:\/\/blogdoarmindomaia.com.br\/index.php?rest_route=\/wp\/v2\/media\/6057"}],"wp:attachment":[{"href":"http:\/\/blogdoarmindomaia.com.br\/index.php?rest_route=%2Fwp%2Fv2%2Fmedia&parent=6056"}],"wp:term":[{"taxonomy":"category","embeddable":true,"href":"http:\/\/blogdoarmindomaia.com.br\/index.php?rest_route=%2Fwp%2Fv2%2Fcategories&post=6056"},{"taxonomy":"post_tag","embeddable":true,"href":"http:\/\/blogdoarmindomaia.com.br\/index.php?rest_route=%2Fwp%2Fv2%2Ftags&post=6056"}],"curies":[{"name":"wp","href":"https:\/\/api.w.org\/{rel}","templated":true}]}}