{"id":6059,"date":"2023-08-17T14:31:42","date_gmt":"2023-08-17T17:31:42","guid":{"rendered":"http:\/\/blogdoarmindomaia.com.br\/?p=6059"},"modified":"2023-08-17T14:31:45","modified_gmt":"2023-08-17T17:31:45","slug":"expoqueijo-divulga-programacao-musical-da-vila-gastronomica-e-cultural","status":"publish","type":"post","link":"http:\/\/blogdoarmindomaia.com.br\/?p=6059","title":{"rendered":"Expoqueijo divulga programa\u00e7\u00e3o musical da Vila Gastron\u00f4mica e Cultural"},"content":{"rendered":"\n<figure class=\"wp-block-image size-large is-style-default\"><img loading=\"lazy\" decoding=\"async\" width=\"586\" height=\"1024\" src=\"http:\/\/blogdoarmindomaia.com.br\/wp-content\/uploads\/2023\/08\/unnamed-2-1-586x1024.jpg\" alt=\"\" class=\"wp-image-6060\" srcset=\"http:\/\/blogdoarmindomaia.com.br\/wp-content\/uploads\/2023\/08\/unnamed-2-1-586x1024.jpg 586w, http:\/\/blogdoarmindomaia.com.br\/wp-content\/uploads\/2023\/08\/unnamed-2-1-172x300.jpg 172w, http:\/\/blogdoarmindomaia.com.br\/wp-content\/uploads\/2023\/08\/unnamed-2-1-768x1342.jpg 768w, http:\/\/blogdoarmindomaia.com.br\/wp-content\/uploads\/2023\/08\/unnamed-2-1-879x1536.jpg 879w, http:\/\/blogdoarmindomaia.com.br\/wp-content\/uploads\/2023\/08\/unnamed-2-1.jpg 1125w\" sizes=\"auto, (max-width: 586px) 100vw, 586px\" \/><\/figure>\n\n\n\n<figure class=\"wp-block-image size-full is-style-default\"><img loading=\"lazy\" decoding=\"async\" width=\"1000\" height=\"497\" src=\"http:\/\/blogdoarmindomaia.com.br\/wp-content\/uploads\/2023\/08\/unnamed-8.jpg\" alt=\"\" class=\"wp-image-6061\" srcset=\"http:\/\/blogdoarmindomaia.com.br\/wp-content\/uploads\/2023\/08\/unnamed-8.jpg 1000w, http:\/\/blogdoarmindomaia.com.br\/wp-content\/uploads\/2023\/08\/unnamed-8-300x149.jpg 300w, http:\/\/blogdoarmindomaia.com.br\/wp-content\/uploads\/2023\/08\/unnamed-8-768x382.jpg 768w\" sizes=\"auto, (max-width: 1000px) 100vw, 1000px\" \/><\/figure>\n\n\n\n\n\n<p><em>Entre as atra\u00e7\u00f5es est\u00e3o Maria Bragan\u00e7a, Marcus Biancardini e a banda Peixe Piloto<\/em><\/p>\n\n\n\n<p>Um dos principais eventos do setor queijeiro nas Am\u00e9ricas, a ExpoQueijo Brasil \u2013 Arax\u00e1 International Cheese Awards &#8211; tamb\u00e9m \u00e9 tradicionalmente um espa\u00e7o de celebra\u00e7\u00e3o da cultura. Durante os quatro dias de evento, a Vila Gastron\u00f4mica e Cultural vai receber grandes nomes da m\u00fasica regional e brasileira em espet\u00e1culos sempre abertos ao p\u00fablico. \u201cA cultura sempre est\u00e1 interligada ao queijo. Fazemos desse momento de conhecimento e valoriza\u00e7\u00e3o tamb\u00e9m um espa\u00e7o de encontros e de celebra\u00e7\u00e3o da arte em suas v\u00e1rias formas\u201d, ressalta a organizadora, Maricell Hussein.<\/p>\n\n\n\n<p>O palco montado na \u00e1rea externa do Grande Hotel e Termas de Arax\u00e1 abre suas atividades na quinta-feira (24). Na programa\u00e7\u00e3o destaque para a&nbsp;saxofonista e compositora mineira, Maria Bragan\u00e7a, para o renomado violeiro&nbsp;Marcus Biancardini e para a primeira apresenta\u00e7\u00e3o aberta ao p\u00fablico na nova fase da banda Peixe Piloto. Tamb\u00e9m se apresentam nesta edi\u00e7\u00e3o Moura Blues, Vi-Voz &amp; Banda, Quinto Sol, Manga Rosa, Latitude 19, Jhonny Go, B\u00eajazz Street Band, Piano Rock e Banda Vinith.<\/p>\n\n\n\n<p>Durante o evento, al\u00e9m de boa m\u00fasica, o p\u00fablico \u00e9 presenteado com a possibilidade de provar nos estantes os melhores queijos do mundo e harmoniza\u00e7\u00f5es com pratos da culin\u00e1ria mineira e internacional, al\u00e9m de uma s\u00e9rie de op\u00e7\u00f5es de bebidas.<\/p>\n\n\n\n<p><strong>Programa\u00e7\u00e3o<\/strong><\/p>\n\n\n\n<p><em>24\/08 &#8211; Quinta-feira<\/em><\/p>\n\n\n\n<p>19h30 &#8211; Maria Bragan\u00e7a<\/p>\n\n\n\n<p>21h &#8211; Marcus Biancardini<\/p>\n\n\n\n<p>22h15 &#8211; Moura Blues<\/p>\n\n\n\n<p><em>25\/08 &#8211; Sexta-feira<\/em><\/p>\n\n\n\n<p>19h30 &#8211; Vi-Voz &amp; Banda<\/p>\n\n\n\n<p>20h30 &#8211; Quinto Sol<\/p>\n\n\n\n<p>22h &#8211; Banda Peixe Piloto<\/p>\n\n\n\n<p><em>26\/08 &#8211; S\u00e1bado<\/em><\/p>\n\n\n\n<p>19h30 &#8211; Manga Rosa<\/p>\n\n\n\n<p>20h30 &#8211; Banda Latitude 19<\/p>\n\n\n\n<p>22h &#8211; Palco Jhonny Go<\/p>\n\n\n\n<p><em>27\/08 &#8211; Domingo<\/em><\/p>\n\n\n\n<p>12h &#8211; B\u00eajazz Street Band<\/p>\n\n\n\n<p>13h30 &#8211; Piano Rock<\/p>\n\n\n\n<p>15h &#8211; Banda Vinith<\/p>\n\n\n\n<p><strong>Grandes atra\u00e7\u00f5es<\/strong><\/p>\n\n\n\n<p><em>Maria Bragan\u00e7a<\/em><\/p>\n\n\n\n<p>Maria Bragan\u00e7a \u00e9 uma saxofonista e compositora mineira reconhecida internacionalmente por sua atua\u00e7\u00e3o nas \u00e1reas de m\u00fasica cl\u00e1ssica e contempor\u00e2nea. Ela \u00e9 Mestre em M\u00fasica pela Escola de M\u00fasica Superior Robert Schumann de D\u00fcsseldorf, na Alemanha, e tem forma\u00e7\u00e3o em saxofone e violino. Maria Bragan\u00e7a j\u00e1 atuou em orquestras e conservat\u00f3rios renomados no Brasil e participou de concertos e festivais representando diversos g\u00eaneros musicais. Ela j\u00e1 realizou s\u00e9ries de concertos internacionais ao lado de m\u00fasicos como o pianista Roberto Szidon, na Su\u00ed\u00e7a e na Alemanha; o cravista e organista Nicolau de Figueiredo, na Fran\u00e7a; e o regente e pianista Michell Collins. No jazz, Maria Bragan\u00e7a j\u00e1 se apresentou ao lado de nomes como Djalma Correa, Toninho Horta, Eberhard Weber, Mustapha Teddey Adyr e Nana&nbsp;Vasconcelos em pa\u00edses como Brasil, Alemanha, \u00c1ustria, Fran\u00e7a, It\u00e1lia e \u00c1frica.<\/p>\n\n\n\n<p><em>Marcus Biancardini<\/em><\/p>\n\n\n\n<p>Nas m\u00e3os de Marcus Biancardini, a viola passeia pelo mundo, revivendo melodias inesquec\u00edveis, manifesta\u00e7\u00f5es universais da arte de povos e pa\u00edses conhecidos, admirados. Marcus Biancardini demonstra que, na viola, h\u00e1 uma \u201cgrande orquestra\u201d, extraindo dela os sons da Harpa de Concerto, da Harpa Paraguaia,da Guitarra Portuguesa, do Cravo, da Balalaica, do Bandolim, da Calimba, da caixinha de m\u00fasica e at\u00e9 do canto da seriema. Trilhando os sons eternos dos interiores do Brasil, Marcus revive em seus shows obras da grande mestra Chiquinha Gonzaga, os Cl\u00e1ssicos Sertanejos: Luar do Sert\u00e3o, Casinha Pequenina, Tristeza do Jeca, Menino da Porteira, Chalana, entre outros. Do mundo da M\u00fasica Popular Brasileira, Biancardini arranca sons inesperados, surpreendentes, da arte de Chico Buarque, Roberto Carlos, Raul Seixas, Tom Jobim, Vin\u00edcius de Morais e de tantos outros. E sai pelo Planeta Musical, reencontrando e revivendo, com um toque que lembra estrada de terra, casinha de sap\u00e9, fog\u00e3o de lenha e bolo de milho e, mostrando-se ecl\u00e9tico, navega em outros universos, interpretando Julio Iglesias, Elvis Presley, Beatles, Michael Jackson, Beethoven, Mozart, Bach&#8230;<\/p>\n\n\n\n<p><em>Peixe Piloto<\/em><\/p>\n\n\n\n<p>A m\u00fasica mineira celebrou muito recentemente um retorno emocionante. A banda Peixe Piloto, que conquistou f\u00e3s e dominou a cena musical em Arax\u00e1 e regi\u00e3o no final dos anos 90 e in\u00edcio dos 2000, est\u00e1 de volta e promete muita anima\u00e7\u00e3o no primeiro show aberto ao p\u00fablico, na Expoqueijo. Somada \u00e0 forma\u00e7\u00e3o original, com Claudinho na guitarra, Baltazar no baixo e Luciana nos vocais, eles agora recebem Felipe, filho de Claudinho, na bateria. Inspirado por Alessandro, o baterista original da banda que infelizmente faleceu em 2011, Felipe honra o legado e segue os passos do \u00eddolo, dando um novo ritmo \u00e0 Peixe Piloto.<\/p>\n\n\n\n<p><strong>ExpoQueijo Brasil<\/strong><\/p>\n\n\n\n<p>Principal evento do segmento no pa\u00eds, a<strong>&nbsp;<\/strong>ExpoQueijo Brasil 2023 \u2013 Arax\u00e1 International Cheese Awards tem reconhecimento e participa\u00e7\u00e3o dos principais pa\u00edses produtores, atraindo a aten\u00e7\u00e3o da comunidade internacional, de especialistas e da imprensa. O encontro conta com uma grande estrutura montada no p\u00e1tio principal e nos luxuosos sal\u00f5es do Grande Hotel e Termas de Arax\u00e1, patrim\u00f4nio cultural e hist\u00f3rico de Minas Gerais.<\/p>\n\n\n\n<p>Neste ano, a ExpoQueijo ser\u00e1 realizada entre os dias 24 e 27 de agosto com impacto nas \u00e1reas de turismo, varejo, agropecu\u00e1ria, log\u00edstica, ind\u00fastria aliment\u00edcia e de suprimentos e rela\u00e7\u00f5es internacionais.<\/p>\n\n\n\n<p>O evento \u00e9 realizado pela Bonare Eventos, com o patroc\u00ednio do Servi\u00e7o Brasileiro de Apoio \u00e0s Micro e Pequenas Empresas (Sebrae), Minist\u00e9rio da Agricultura, Pecu\u00e1ria e Abastecimento, por meio da Superintend\u00eancia Federal de Agricultura MG, Sistema Ocemg, Faemg Senar, ITA &#8211; Italian Trade Agency, Sicoob Crediara e McCain. S\u00e3o parceiros da ExpoQueijo, o Governo de Minas, por meio da Seapa e de suas vinculadas, a Empresa de Assist\u00eancia T\u00e9cnica e Extens\u00e3o Rural de Minas Gerais (Emater-MG) e o Instituto Mineiro de Agropecu\u00e1ria (IMA), Prefeitura de Arax\u00e1, Aqmara e Amiqueijo. A curadoria \u00e9 do Instituto de Latic\u00ednios C\u00e2ndido Tostes (ILCT), \u00f3rg\u00e3o ligado \u00e0 Empresa de Pesquisa Agropecu\u00e1ria de Minas&nbsp;Gerais&nbsp;(Epamig).<\/p>\n","protected":false},"excerpt":{"rendered":"<p>Entre as atra\u00e7\u00f5es est\u00e3o Maria Bragan\u00e7a, Marcus Biancardini e a banda Peixe Piloto Um dos principais eventos do setor queijeiro<\/p>\n","protected":false},"author":2,"featured_media":6061,"comment_status":"open","ping_status":"open","sticky":false,"template":"","format":"standard","meta":{"footnotes":""},"categories":[9,11],"tags":[],"class_list":["post-6059","post","type-post","status-publish","format-standard","has-post-thumbnail","hentry","category-araxa","category-destaques"],"_links":{"self":[{"href":"http:\/\/blogdoarmindomaia.com.br\/index.php?rest_route=\/wp\/v2\/posts\/6059","targetHints":{"allow":["GET"]}}],"collection":[{"href":"http:\/\/blogdoarmindomaia.com.br\/index.php?rest_route=\/wp\/v2\/posts"}],"about":[{"href":"http:\/\/blogdoarmindomaia.com.br\/index.php?rest_route=\/wp\/v2\/types\/post"}],"author":[{"embeddable":true,"href":"http:\/\/blogdoarmindomaia.com.br\/index.php?rest_route=\/wp\/v2\/users\/2"}],"replies":[{"embeddable":true,"href":"http:\/\/blogdoarmindomaia.com.br\/index.php?rest_route=%2Fwp%2Fv2%2Fcomments&post=6059"}],"version-history":[{"count":2,"href":"http:\/\/blogdoarmindomaia.com.br\/index.php?rest_route=\/wp\/v2\/posts\/6059\/revisions"}],"predecessor-version":[{"id":6064,"href":"http:\/\/blogdoarmindomaia.com.br\/index.php?rest_route=\/wp\/v2\/posts\/6059\/revisions\/6064"}],"wp:featuredmedia":[{"embeddable":true,"href":"http:\/\/blogdoarmindomaia.com.br\/index.php?rest_route=\/wp\/v2\/media\/6061"}],"wp:attachment":[{"href":"http:\/\/blogdoarmindomaia.com.br\/index.php?rest_route=%2Fwp%2Fv2%2Fmedia&parent=6059"}],"wp:term":[{"taxonomy":"category","embeddable":true,"href":"http:\/\/blogdoarmindomaia.com.br\/index.php?rest_route=%2Fwp%2Fv2%2Fcategories&post=6059"},{"taxonomy":"post_tag","embeddable":true,"href":"http:\/\/blogdoarmindomaia.com.br\/index.php?rest_route=%2Fwp%2Fv2%2Ftags&post=6059"}],"curies":[{"name":"wp","href":"https:\/\/api.w.org\/{rel}","templated":true}]}}