{"id":607,"date":"2022-05-04T20:22:45","date_gmt":"2022-05-04T23:22:45","guid":{"rendered":"http:\/\/blogdoarmindomaia.com.br\/?p=607"},"modified":"2022-05-04T20:22:47","modified_gmt":"2022-05-04T23:22:47","slug":"processo-seletivo-agentes-de-combate-as-endemias%ef%bf%bc","status":"publish","type":"post","link":"http:\/\/blogdoarmindomaia.com.br\/?p=607","title":{"rendered":"Processo Seletivo &#8211; Agentes de Combate \u00e0s Endemias\ufffc"},"content":{"rendered":"\n<figure class=\"wp-block-image size-full is-style-default\"><img loading=\"lazy\" decoding=\"async\" width=\"1024\" height=\"683\" src=\"http:\/\/blogdoarmindomaia.com.br\/wp-content\/uploads\/2022\/05\/MG_4755.jpg\" alt=\"\" class=\"wp-image-608\" srcset=\"http:\/\/blogdoarmindomaia.com.br\/wp-content\/uploads\/2022\/05\/MG_4755.jpg 1024w, http:\/\/blogdoarmindomaia.com.br\/wp-content\/uploads\/2022\/05\/MG_4755-300x200.jpg 300w, http:\/\/blogdoarmindomaia.com.br\/wp-content\/uploads\/2022\/05\/MG_4755-768x512.jpg 768w\" sizes=\"auto, (max-width: 1024px) 100vw, 1024px\" \/><\/figure>\n\n\n\n<p>Prefeitura de Arax\u00e1 abre processo seletivo para contrata\u00e7\u00e3o de agentes de combate \u00e0s endemias; inscri\u00e7\u00f5es acontecem entre 5 e 6 de maio<\/p>\n\n\n\n<p>A Secretaria Municipal de Sa\u00fade lan\u00e7ou edital de processo seletivo para contrata\u00e7\u00e3o e cadastro reserva para agentes de combate \u00e0s endemias (ACEs). S\u00e3o 20 vagas ofertadas, sendo 18 para ampla concorr\u00eancia e duas para pessoas com defici\u00eancia.<\/p>\n\n\n\n<p>As inscri\u00e7\u00f5es acontecem entre os dias 5 e 6 de maio (quinta e sexta), das 8h \u00e0s 17h, exclusivamente na sede da Secretaria Municipal de Sa\u00fade, no Centro Administrativo &#8211; avenida Ros\u00e1lia Isaura de Ara\u00fajo, n\u00ba 275. No momento da inscri\u00e7\u00e3o, o candidato dever\u00e1 apresentar um documento de identifica\u00e7\u00e3o com foto. A ficha de inscri\u00e7\u00e3o est\u00e1 anexa ao edital.<\/p>\n\n\n\n<p>Entre os requisitos, o candidato deve ter ensino m\u00e9dio completo e o processo seletivo ser\u00e1 por meio de prova objetiva de car\u00e1ter eliminat\u00f3rio e classificat\u00f3rio. O sal\u00e1rio-base para agentes de combate \u00e0s endemias \u00e9 de R$ 1.750,00 &#8211; jornada semanal de 40 horas.<\/p>\n\n\n\n<p>O edital com as informa\u00e7\u00f5es completas pode ser acessado pelo site oficial da Prefeitura de Arax\u00e1 (&nbsp;<a href=\"http:\/\/www.araxa.mg.gov.br\/\" target=\"_blank\" rel=\"noreferrer noopener\">www.araxa.mg.gov.br<\/a>) ; link Editais e Processos; Secretaria Municipal de Sa\u00fade; Processo Seletivo &#8211; Agentes de Combate \u00e0s Endemias 2022.<\/p>\n\n\n\n<p>Link direto do edital: (&nbsp;<a href=\"https:\/\/www.araxa.mg.gov.br\/publicacao-listar\/3\/70\/processo-seletivo-agentes-de-combate-s-endemias-2022\" target=\"_blank\" rel=\"noreferrer noopener\">https:\/\/www.araxa.mg.gov.br\/publicacao-listar\/3\/70\/processo-seletivo-agentes-de-combate-s-endemias-2022<\/a>&nbsp;)<\/p>\n","protected":false},"excerpt":{"rendered":"<p>Prefeitura de Arax\u00e1 abre processo seletivo para contrata\u00e7\u00e3o de agentes de combate \u00e0s endemias; inscri\u00e7\u00f5es acontecem entre 5 e 6<\/p>\n","protected":false},"author":2,"featured_media":608,"comment_status":"open","ping_status":"open","sticky":false,"template":"","format":"standard","meta":{"footnotes":""},"categories":[9,29],"tags":[],"class_list":["post-607","post","type-post","status-publish","format-standard","has-post-thumbnail","hentry","category-araxa","category-saude"],"_links":{"self":[{"href":"http:\/\/blogdoarmindomaia.com.br\/index.php?rest_route=\/wp\/v2\/posts\/607","targetHints":{"allow":["GET"]}}],"collection":[{"href":"http:\/\/blogdoarmindomaia.com.br\/index.php?rest_route=\/wp\/v2\/posts"}],"about":[{"href":"http:\/\/blogdoarmindomaia.com.br\/index.php?rest_route=\/wp\/v2\/types\/post"}],"author":[{"embeddable":true,"href":"http:\/\/blogdoarmindomaia.com.br\/index.php?rest_route=\/wp\/v2\/users\/2"}],"replies":[{"embeddable":true,"href":"http:\/\/blogdoarmindomaia.com.br\/index.php?rest_route=%2Fwp%2Fv2%2Fcomments&post=607"}],"version-history":[{"count":1,"href":"http:\/\/blogdoarmindomaia.com.br\/index.php?rest_route=\/wp\/v2\/posts\/607\/revisions"}],"predecessor-version":[{"id":609,"href":"http:\/\/blogdoarmindomaia.com.br\/index.php?rest_route=\/wp\/v2\/posts\/607\/revisions\/609"}],"wp:featuredmedia":[{"embeddable":true,"href":"http:\/\/blogdoarmindomaia.com.br\/index.php?rest_route=\/wp\/v2\/media\/608"}],"wp:attachment":[{"href":"http:\/\/blogdoarmindomaia.com.br\/index.php?rest_route=%2Fwp%2Fv2%2Fmedia&parent=607"}],"wp:term":[{"taxonomy":"category","embeddable":true,"href":"http:\/\/blogdoarmindomaia.com.br\/index.php?rest_route=%2Fwp%2Fv2%2Fcategories&post=607"},{"taxonomy":"post_tag","embeddable":true,"href":"http:\/\/blogdoarmindomaia.com.br\/index.php?rest_route=%2Fwp%2Fv2%2Ftags&post=607"}],"curies":[{"name":"wp","href":"https:\/\/api.w.org\/{rel}","templated":true}]}}