{"id":6071,"date":"2023-08-21T14:36:52","date_gmt":"2023-08-21T17:36:52","guid":{"rendered":"http:\/\/blogdoarmindomaia.com.br\/?p=6071"},"modified":"2023-08-21T14:36:54","modified_gmt":"2023-08-21T17:36:54","slug":"governo-de-minas-consegue-atendimento-a-demandas-historicas-para-obras-de-infraestrutura","status":"publish","type":"post","link":"http:\/\/blogdoarmindomaia.com.br\/?p=6071","title":{"rendered":"Governo de Minas consegue atendimento a demandas hist\u00f3ricas para obras de infraestrutura"},"content":{"rendered":"\n<figure class=\"wp-block-image size-large is-style-default\"><img loading=\"lazy\" decoding=\"async\" width=\"1024\" height=\"730\" src=\"http:\/\/blogdoarmindomaia.com.br\/wp-content\/uploads\/2023\/08\/Governo-de-Minas-consegue-atendimento-a-demandas-historicas-pag-07-1024x730.jpg\" alt=\"\" class=\"wp-image-6072\" srcset=\"http:\/\/blogdoarmindomaia.com.br\/wp-content\/uploads\/2023\/08\/Governo-de-Minas-consegue-atendimento-a-demandas-historicas-pag-07-1024x730.jpg 1024w, http:\/\/blogdoarmindomaia.com.br\/wp-content\/uploads\/2023\/08\/Governo-de-Minas-consegue-atendimento-a-demandas-historicas-pag-07-300x214.jpg 300w, http:\/\/blogdoarmindomaia.com.br\/wp-content\/uploads\/2023\/08\/Governo-de-Minas-consegue-atendimento-a-demandas-historicas-pag-07-768x547.jpg 768w, http:\/\/blogdoarmindomaia.com.br\/wp-content\/uploads\/2023\/08\/Governo-de-Minas-consegue-atendimento-a-demandas-historicas-pag-07-1536x1094.jpg 1536w, http:\/\/blogdoarmindomaia.com.br\/wp-content\/uploads\/2023\/08\/Governo-de-Minas-consegue-atendimento-a-demandas-historicas-pag-07-2048x1459.jpg 2048w\" sizes=\"auto, (max-width: 1024px) 100vw, 1024px\" \/><\/figure>\n\n\n\n<p>Ap\u00f3s meses de reuni\u00f5es entre representantes do Executivo Estadual e da Uni\u00e3o, 11 obras de infraestrutura consideradas priorit\u00e1rias para Minas Gerais foram contempladas no Programa de Acelera\u00e7\u00e3o do Crescimento divulgado na \u00faltima sexta-feira (11\/8), pelo Governo Federal. Tamb\u00e9m foi garantida a manuten\u00e7\u00e3o da concess\u00e3o do metr\u00f4 de BH. As interven\u00e7\u00f5es foram solicitadas diretamente pelo governador Romeu Zema e pelo vice-governador Professor Mateus em diferentes ocasi\u00f5es, com o respaldo das Secretarias de Estado de Casa Civil, de&nbsp;<a href=\"http:\/\/www.infraestrutura.mg.gov.br\/\" target=\"_blank\" rel=\"noreferrer noopener\">Infraestrutura, Mobilidade e Parcerias<\/a>&nbsp;e de&nbsp;<a href=\"http:\/\/www.social.mg.gov.br\/\" target=\"_blank\" rel=\"noreferrer noopener\">Desenvolvimento Social<\/a>&nbsp;de Minas Gerais, visando contemplar demandas hist\u00f3ricas que beneficiar\u00e3o todos os mineiros.&nbsp;\u201cA expectativa \u00e9 grande e, assim como lutamos para conseguir o an\u00fancio desses recursos, continuaremos acompanhando para que as obras de fato comecem e sejam conclu\u00eddas. Estaremos atentos para cobrar que as promessas para Minas se transformem em realidade. Contem comigo sempre para defender os interesses dos mineiros\u201d, diz o governador Romeu Zema. Os investimentos anunciados pela Uni\u00e3o incluem R$ 33 bilh\u00f5es solicitados pelo Estado para rodovias e barragens. Eles ser\u00e3o utilizados em obras como a pavimenta\u00e7\u00e3o da BR-367, de Salto da Divisa a Almenara e de Virgem da Lapa at\u00e9 Berilo. A rodovia \u00e9 a principal liga\u00e7\u00e3o entre Minas e o Sul da Bahia j\u00e1 teve cinco trechos sob responsabilidade do&nbsp;<a href=\"http:\/\/www.der.mg.gov.br\/\" target=\"_blank\" rel=\"noreferrer noopener\">Departamento de Estradas de Rodagem de Minas Gerais (DER-MG)<\/a>&nbsp;recuperados por meio do Provias.<\/p>\n\n\n\n<p><br>Confira abaixo o detalhamento das obras solicitadas pelo Governo de&nbsp;Minas e contempladas:&nbsp;<\/p>\n\n\n\n<p>&#8211; Obras de amplia\u00e7\u00e3o e melhorias da BR-262 (trecho de Jo\u00e3o Monlevade aos Esp\u00edrito Santo);<\/p>\n\n\n\n<p>&#8211; Pavimenta\u00e7\u00e3o\/Implanta\u00e7\u00e3o da BR-367 (pavimenta\u00e7\u00e3o dos trechos Salto da Divisa a Almenara e Virgem da Lapa e Berilo);<\/p>\n\n\n\n<p>&#8211; Adequa\u00e7\u00e3o\/Restaura\u00e7\u00e3o e Melhoramentos da BR-135 (trecho de Manga a Itacarambi);<\/p>\n\n\n\n<p>&#8211; Relicita\u00e7\u00e3o da BR-262\/MG (trecho Betim a Uberaba);<\/p>\n\n\n\n<p>&#8211; Concess\u00e3o das rodovias BR-381\/MG entre Belo Horizonte e Governador Valadares;<\/p>\n\n\n\n<p>&#8211; Concess\u00e3o das rodovias BR-040\/495 Rio-BH;<\/p>\n\n\n\n<p>&#8211; Concess\u00e3o das rodovias BR-040 GO-MG &#8211; Rota dos Cristais;<\/p>\n\n\n\n<p>&#8211; Concess\u00e3o das BR-251\/MG e BR-116\/MG;<\/p>\n\n\n\n<p>&#8211; Projeto hidrogr\u00e1fico do Jequita\u00ed;<\/p>\n\n\n\n<p>&#8211; Projeto Barragem Rio Gravat\u00e1;<\/p>\n\n\n\n<p>&#8211; Projeto para pavimenta\u00e7\u00e3o da BR-352 (trechos n\u00e3o pavimentados de Patos de Minas a Goi\u00e2nia);<\/p>\n\n\n\n<p>&#8211; Manuten\u00e7\u00e3o da concess\u00e3o do Metr\u00f4 de BH.<\/p>\n","protected":false},"excerpt":{"rendered":"<p>Ap\u00f3s meses de reuni\u00f5es entre representantes do Executivo Estadual e da Uni\u00e3o, 11 obras de infraestrutura consideradas priorit\u00e1rias para Minas<\/p>\n","protected":false},"author":2,"featured_media":6072,"comment_status":"open","ping_status":"open","sticky":false,"template":"","format":"standard","meta":{"footnotes":""},"categories":[9,11],"tags":[],"class_list":["post-6071","post","type-post","status-publish","format-standard","has-post-thumbnail","hentry","category-araxa","category-destaques"],"_links":{"self":[{"href":"http:\/\/blogdoarmindomaia.com.br\/index.php?rest_route=\/wp\/v2\/posts\/6071","targetHints":{"allow":["GET"]}}],"collection":[{"href":"http:\/\/blogdoarmindomaia.com.br\/index.php?rest_route=\/wp\/v2\/posts"}],"about":[{"href":"http:\/\/blogdoarmindomaia.com.br\/index.php?rest_route=\/wp\/v2\/types\/post"}],"author":[{"embeddable":true,"href":"http:\/\/blogdoarmindomaia.com.br\/index.php?rest_route=\/wp\/v2\/users\/2"}],"replies":[{"embeddable":true,"href":"http:\/\/blogdoarmindomaia.com.br\/index.php?rest_route=%2Fwp%2Fv2%2Fcomments&post=6071"}],"version-history":[{"count":1,"href":"http:\/\/blogdoarmindomaia.com.br\/index.php?rest_route=\/wp\/v2\/posts\/6071\/revisions"}],"predecessor-version":[{"id":6073,"href":"http:\/\/blogdoarmindomaia.com.br\/index.php?rest_route=\/wp\/v2\/posts\/6071\/revisions\/6073"}],"wp:featuredmedia":[{"embeddable":true,"href":"http:\/\/blogdoarmindomaia.com.br\/index.php?rest_route=\/wp\/v2\/media\/6072"}],"wp:attachment":[{"href":"http:\/\/blogdoarmindomaia.com.br\/index.php?rest_route=%2Fwp%2Fv2%2Fmedia&parent=6071"}],"wp:term":[{"taxonomy":"category","embeddable":true,"href":"http:\/\/blogdoarmindomaia.com.br\/index.php?rest_route=%2Fwp%2Fv2%2Fcategories&post=6071"},{"taxonomy":"post_tag","embeddable":true,"href":"http:\/\/blogdoarmindomaia.com.br\/index.php?rest_route=%2Fwp%2Fv2%2Ftags&post=6071"}],"curies":[{"name":"wp","href":"https:\/\/api.w.org\/{rel}","templated":true}]}}