{"id":6077,"date":"2023-08-22T11:14:24","date_gmt":"2023-08-22T14:14:24","guid":{"rendered":"http:\/\/blogdoarmindomaia.com.br\/?p=6077"},"modified":"2023-08-22T11:14:27","modified_gmt":"2023-08-22T14:14:27","slug":"escolas-e-creches-da-prefeitura-de-araxa-recebem-novos-equipamentos-e-mobiliarios","status":"publish","type":"post","link":"http:\/\/blogdoarmindomaia.com.br\/?p=6077","title":{"rendered":"Escolas e creches da Prefeitura de Arax\u00e1 recebem novos equipamentos e mobili\u00e1rios"},"content":{"rendered":"\n<figure class=\"wp-block-image size-full is-style-default\"><img loading=\"lazy\" decoding=\"async\" width=\"1024\" height=\"683\" src=\"http:\/\/blogdoarmindomaia.com.br\/wp-content\/uploads\/2023\/08\/Novos-equipamentos-e-mobiliarios-Educacao-14.jpeg\" alt=\"\" class=\"wp-image-6080\" srcset=\"http:\/\/blogdoarmindomaia.com.br\/wp-content\/uploads\/2023\/08\/Novos-equipamentos-e-mobiliarios-Educacao-14.jpeg 1024w, http:\/\/blogdoarmindomaia.com.br\/wp-content\/uploads\/2023\/08\/Novos-equipamentos-e-mobiliarios-Educacao-14-300x200.jpeg 300w, http:\/\/blogdoarmindomaia.com.br\/wp-content\/uploads\/2023\/08\/Novos-equipamentos-e-mobiliarios-Educacao-14-768x512.jpeg 768w\" sizes=\"auto, (max-width: 1024px) 100vw, 1024px\" \/><\/figure>\n\n\n\n<figure class=\"wp-block-image size-full is-style-default\"><img loading=\"lazy\" decoding=\"async\" width=\"1024\" height=\"683\" src=\"http:\/\/blogdoarmindomaia.com.br\/wp-content\/uploads\/2023\/08\/Novos-equipamentos-e-mobiliarios-Educacao-18.jpeg\" alt=\"\" class=\"wp-image-6079\" srcset=\"http:\/\/blogdoarmindomaia.com.br\/wp-content\/uploads\/2023\/08\/Novos-equipamentos-e-mobiliarios-Educacao-18.jpeg 1024w, http:\/\/blogdoarmindomaia.com.br\/wp-content\/uploads\/2023\/08\/Novos-equipamentos-e-mobiliarios-Educacao-18-300x200.jpeg 300w, http:\/\/blogdoarmindomaia.com.br\/wp-content\/uploads\/2023\/08\/Novos-equipamentos-e-mobiliarios-Educacao-18-768x512.jpeg 768w\" sizes=\"auto, (max-width: 1024px) 100vw, 1024px\" \/><\/figure>\n\n\n\n<p>O prefeito Robson Magela entregou novos equipamentos e mobili\u00e1rios para escolas e creches da Rede Municipal de Educa\u00e7\u00e3o, em cerim\u00f4nia realizada na semana passada. Os recursos foram adquiridos via emenda parlamentar de R$ 1.500.000,00 do deputado estadual Bosco, com indica\u00e7\u00f5es dos vereadores de Arax\u00e1.<br><br>No total, foram contempladas todas as 51 unidades, entre pr\u00f3prias e conveniadas, que atendem aproximadamente 14 mil alunos. Dentre equipamentos e mobili\u00e1rios est\u00e3o geladeiras, freezers, micro-ondas, televisores, notebooks, fog\u00f5es, lavadoras de roupas, liquidificadores, balc\u00f5es de refei\u00e7\u00e3o, impressoras, kits para laborat\u00f3rio, entre outros.<br><br>De acordo com a secret\u00e1ria municipal de Educa\u00e7\u00e3o, Zulma Moreira, o cuidado com escolas e creches \u00e9 uma forma n\u00e3o s\u00f3 de garantir a sa\u00fade e o bem-estar dos alunos, mas tamb\u00e9m de contribuir para que aprendam e se desenvolvam melhor.<br><br>\u201cO aprendizado dos alunos depende de v\u00e1rios fatores, dentre eles, a estrutura f\u00edsica da escola e o mobili\u00e1rio s\u00e3o fatores fundamentais. Essa emenda veio para somar nos trabalhos da educa\u00e7\u00e3o para oferecer melhores meios de trabalhos e nos ajudar a continuar prestando um servi\u00e7o de qualidade para todas as crian\u00e7as\u201d, afirma a secret\u00e1ria.<br><br>A diretora do Cemei Dom Pixote, Renata Lima, afirma que os equipamentos novos far\u00e3o a diferen\u00e7a no desenvolvimento e aprendizado das crian\u00e7as. \u201cFicamos muito felizes em receber os novos mobili\u00e1rios e equipamentos e, com certeza, quem ganha \u00e9 toda a comunidade escolar\u201d, refor\u00e7a.<br><br>O deputado estadual Bosco ressalta a alegria em contemplar a Educa\u00e7\u00e3o de Arax\u00e1. \u201cS\u00e3o equipamentos e mobili\u00e1rios importantes para o funcionamento das escolas. Foi uma a\u00e7\u00e3o conjunta com a C\u00e2mara Municipal e a Administra\u00e7\u00e3o Municipal, e \u00e9 dessa forma que vamos dotar a nossa Educa\u00e7\u00e3o de estrutura \u00e0 altura para atender bem os nossos alunos\u201d, destaca.<br><br>O prefeito Robson Magela ressalta que a moderniza\u00e7\u00e3o de escolas e creches \u00e9 mais um planejamento cumprido para proporcionar educa\u00e7\u00e3o de qualidade para os alunos e servidores da Rede Municipal de Educa\u00e7\u00e3o. \u201cParcerias com o Poder Legislativo Estadual e Municipal s\u00e3o importantes para levar mais qualidade \u00e0 Educa\u00e7\u00e3o, e hoje uma delas foi realizada com essa entrega que vai contribuir com o trabalho de toda a rede escolar\u201d, conclui.<br><\/p>\n","protected":false},"excerpt":{"rendered":"<p>O prefeito Robson Magela entregou novos equipamentos e mobili\u00e1rios para escolas e creches da Rede Municipal de Educa\u00e7\u00e3o, em cerim\u00f4nia<\/p>\n","protected":false},"author":2,"featured_media":6080,"comment_status":"open","ping_status":"open","sticky":false,"template":"","format":"standard","meta":{"footnotes":""},"categories":[9,11,13],"tags":[],"class_list":["post-6077","post","type-post","status-publish","format-standard","has-post-thumbnail","hentry","category-araxa","category-destaques","category-educacao"],"_links":{"self":[{"href":"http:\/\/blogdoarmindomaia.com.br\/index.php?rest_route=\/wp\/v2\/posts\/6077","targetHints":{"allow":["GET"]}}],"collection":[{"href":"http:\/\/blogdoarmindomaia.com.br\/index.php?rest_route=\/wp\/v2\/posts"}],"about":[{"href":"http:\/\/blogdoarmindomaia.com.br\/index.php?rest_route=\/wp\/v2\/types\/post"}],"author":[{"embeddable":true,"href":"http:\/\/blogdoarmindomaia.com.br\/index.php?rest_route=\/wp\/v2\/users\/2"}],"replies":[{"embeddable":true,"href":"http:\/\/blogdoarmindomaia.com.br\/index.php?rest_route=%2Fwp%2Fv2%2Fcomments&post=6077"}],"version-history":[{"count":1,"href":"http:\/\/blogdoarmindomaia.com.br\/index.php?rest_route=\/wp\/v2\/posts\/6077\/revisions"}],"predecessor-version":[{"id":6081,"href":"http:\/\/blogdoarmindomaia.com.br\/index.php?rest_route=\/wp\/v2\/posts\/6077\/revisions\/6081"}],"wp:featuredmedia":[{"embeddable":true,"href":"http:\/\/blogdoarmindomaia.com.br\/index.php?rest_route=\/wp\/v2\/media\/6080"}],"wp:attachment":[{"href":"http:\/\/blogdoarmindomaia.com.br\/index.php?rest_route=%2Fwp%2Fv2%2Fmedia&parent=6077"}],"wp:term":[{"taxonomy":"category","embeddable":true,"href":"http:\/\/blogdoarmindomaia.com.br\/index.php?rest_route=%2Fwp%2Fv2%2Fcategories&post=6077"},{"taxonomy":"post_tag","embeddable":true,"href":"http:\/\/blogdoarmindomaia.com.br\/index.php?rest_route=%2Fwp%2Fv2%2Ftags&post=6077"}],"curies":[{"name":"wp","href":"https:\/\/api.w.org\/{rel}","templated":true}]}}