{"id":6082,"date":"2023-08-22T11:22:37","date_gmt":"2023-08-22T14:22:37","guid":{"rendered":"http:\/\/blogdoarmindomaia.com.br\/?p=6082"},"modified":"2023-08-22T11:22:39","modified_gmt":"2023-08-22T14:22:39","slug":"com-parceria-da-prefeitura-de-araxa-autistas-recebem-atendimento-em-espaco-exclusivo","status":"publish","type":"post","link":"http:\/\/blogdoarmindomaia.com.br\/?p=6082","title":{"rendered":"Com parceria da Prefeitura de Arax\u00e1, autistas recebem atendimento em espa\u00e7o exclusivo"},"content":{"rendered":"\n<figure class=\"wp-block-image size-full is-style-default\"><img loading=\"lazy\" decoding=\"async\" width=\"1024\" height=\"683\" src=\"http:\/\/blogdoarmindomaia.com.br\/wp-content\/uploads\/2023\/08\/Com-parceria-da-Prefeitura-de-Araxa-autistas-recebem-atendimento-em-local-exclusivo-pag-03.jpeg\" alt=\"\" class=\"wp-image-6083\" srcset=\"http:\/\/blogdoarmindomaia.com.br\/wp-content\/uploads\/2023\/08\/Com-parceria-da-Prefeitura-de-Araxa-autistas-recebem-atendimento-em-local-exclusivo-pag-03.jpeg 1024w, http:\/\/blogdoarmindomaia.com.br\/wp-content\/uploads\/2023\/08\/Com-parceria-da-Prefeitura-de-Araxa-autistas-recebem-atendimento-em-local-exclusivo-pag-03-300x200.jpeg 300w, http:\/\/blogdoarmindomaia.com.br\/wp-content\/uploads\/2023\/08\/Com-parceria-da-Prefeitura-de-Araxa-autistas-recebem-atendimento-em-local-exclusivo-pag-03-768x512.jpeg 768w\" sizes=\"auto, (max-width: 1024px) 100vw, 1024px\" \/><\/figure>\n\n\n\n<figure class=\"wp-block-image size-full is-style-default\"><img loading=\"lazy\" decoding=\"async\" width=\"1024\" height=\"683\" src=\"http:\/\/blogdoarmindomaia.com.br\/wp-content\/uploads\/2023\/08\/Associacao-de-Apoio-a-Pais-e-Autistas-de-Araxa-13.jpeg\" alt=\"\" class=\"wp-image-6084\" srcset=\"http:\/\/blogdoarmindomaia.com.br\/wp-content\/uploads\/2023\/08\/Associacao-de-Apoio-a-Pais-e-Autistas-de-Araxa-13.jpeg 1024w, http:\/\/blogdoarmindomaia.com.br\/wp-content\/uploads\/2023\/08\/Associacao-de-Apoio-a-Pais-e-Autistas-de-Araxa-13-300x200.jpeg 300w, http:\/\/blogdoarmindomaia.com.br\/wp-content\/uploads\/2023\/08\/Associacao-de-Apoio-a-Pais-e-Autistas-de-Araxa-13-768x512.jpeg 768w\" sizes=\"auto, (max-width: 1024px) 100vw, 1024px\" \/><\/figure>\n\n\n\n<p>Um dia de acolhimento, troca de experi\u00eancias e muita comemora\u00e7\u00e3o. A Associa\u00e7\u00e3o de Apoio a Pais e Autistas de Arax\u00e1 (A&amp;+) celebrou os seis primeiros meses de funcionamento em sua sede, localizada na rua Rio Grande Sul, n\u00ba70, no bairro S\u00e3o Geraldo.<br><br>O encontro contou com as presen\u00e7as do prefeito Robson Magela, do vereador Raphael Rios, de volunt\u00e1rios e do p\u00fablico atendido e familiares, no s\u00e1bado (19).<br><br>A entidade sem fins lucrativos existe desde 2014 e oferece apoio aos pais de autistas atrav\u00e9s de grupos de encontro e demais a\u00e7\u00f5es de conscientiza\u00e7\u00e3o e presta atendimento aos portadores do Transtorno do Espectro Autista (TEA).<br><br>A Associa\u00e7\u00e3o A&amp;+ conta com parceria da Prefeitura de Arax\u00e1 atrav\u00e9s de conv\u00eanio que contribui no custeio das suas atividades e aluguel do espa\u00e7o. Desde o lan\u00e7amento da sede, foram 670 atendimentos, 100 carteirinhas emitidas ao p\u00fablico-alvo e 184 fam\u00edlias cadastradas que contam com terapia ocupacional, psicoterapia, psicopedagogia, fisioterapia, atendimentos psicol\u00f3gicos e jur\u00eddicos e assist\u00eancia social.<br><br>Para Dayane Cristina Ribeiro, m\u00e3e de Thierry Ribeiro, de 15 anos e portador do TEA, conhecer o trabalho da A&amp;+ transformou a vida da sua fam\u00edlia. \u201cEu pude fazer in\u00fameras amizades e melhorei demais a rela\u00e7\u00e3o com meu filho. \u00c9 atrav\u00e9s desse trabalho prestado que v\u00e1rias m\u00e3es est\u00e3o sendo acolhidas, como eu, j\u00e1 que a luta \u00e9 bastante desafiadora\u201d, relata.<br><br>A presidente da entidade, Ana Cl\u00e1udia de Paiva, afirma que o apoio da Administra\u00e7\u00e3o Municipal faz total diferen\u00e7a na vida dos autistas. \u201cA nossa associa\u00e7\u00e3o atende todas as idades, desde o recebimento do diagn\u00f3stico e agora temos um espa\u00e7o exclusivo para atender todo esse p\u00fablico. \u00c9 muito importante ter a participa\u00e7\u00e3o da prefeitura neste momento, pois, assim, nos sentimos ainda mais fortalecidas\u201d, completa.<br><br>De acordo com o prefeito Robson Magela, a Gest\u00e3o Municipal vai continuar com as portas abertas para uma causa t\u00e3o importante na cidade. \u201cEsses seis meses de funcionamento da Associa\u00e7\u00e3o A&amp;+ em uma sede \u00e9 o resultado de uma caminhada repleta de uni\u00e3o e parcerias. \u00c9 sobre trabalhar juntos, em prol daquilo que ir\u00e1 fazer bem para tanta gente. Sabemos da diferen\u00e7a que este apoio faz na vida de tantas crian\u00e7as e jovens autistas de Arax\u00e1\u201d, diz.<br><\/p>\n","protected":false},"excerpt":{"rendered":"<p>Um dia de acolhimento, troca de experi\u00eancias e muita comemora\u00e7\u00e3o. A Associa\u00e7\u00e3o de Apoio a Pais e Autistas de Arax\u00e1<\/p>\n","protected":false},"author":2,"featured_media":6083,"comment_status":"open","ping_status":"open","sticky":false,"template":"","format":"standard","meta":{"footnotes":""},"categories":[9,11],"tags":[],"class_list":["post-6082","post","type-post","status-publish","format-standard","has-post-thumbnail","hentry","category-araxa","category-destaques"],"_links":{"self":[{"href":"http:\/\/blogdoarmindomaia.com.br\/index.php?rest_route=\/wp\/v2\/posts\/6082","targetHints":{"allow":["GET"]}}],"collection":[{"href":"http:\/\/blogdoarmindomaia.com.br\/index.php?rest_route=\/wp\/v2\/posts"}],"about":[{"href":"http:\/\/blogdoarmindomaia.com.br\/index.php?rest_route=\/wp\/v2\/types\/post"}],"author":[{"embeddable":true,"href":"http:\/\/blogdoarmindomaia.com.br\/index.php?rest_route=\/wp\/v2\/users\/2"}],"replies":[{"embeddable":true,"href":"http:\/\/blogdoarmindomaia.com.br\/index.php?rest_route=%2Fwp%2Fv2%2Fcomments&post=6082"}],"version-history":[{"count":1,"href":"http:\/\/blogdoarmindomaia.com.br\/index.php?rest_route=\/wp\/v2\/posts\/6082\/revisions"}],"predecessor-version":[{"id":6085,"href":"http:\/\/blogdoarmindomaia.com.br\/index.php?rest_route=\/wp\/v2\/posts\/6082\/revisions\/6085"}],"wp:featuredmedia":[{"embeddable":true,"href":"http:\/\/blogdoarmindomaia.com.br\/index.php?rest_route=\/wp\/v2\/media\/6083"}],"wp:attachment":[{"href":"http:\/\/blogdoarmindomaia.com.br\/index.php?rest_route=%2Fwp%2Fv2%2Fmedia&parent=6082"}],"wp:term":[{"taxonomy":"category","embeddable":true,"href":"http:\/\/blogdoarmindomaia.com.br\/index.php?rest_route=%2Fwp%2Fv2%2Fcategories&post=6082"},{"taxonomy":"post_tag","embeddable":true,"href":"http:\/\/blogdoarmindomaia.com.br\/index.php?rest_route=%2Fwp%2Fv2%2Ftags&post=6082"}],"curies":[{"name":"wp","href":"https:\/\/api.w.org\/{rel}","templated":true}]}}