{"id":6086,"date":"2023-08-22T11:30:27","date_gmt":"2023-08-22T14:30:27","guid":{"rendered":"http:\/\/blogdoarmindomaia.com.br\/?p=6086"},"modified":"2023-08-22T11:30:29","modified_gmt":"2023-08-22T14:30:29","slug":"lei-de-diretrizes-orcamentarias-2024-e-aprovada-com-cinco-emendas","status":"publish","type":"post","link":"http:\/\/blogdoarmindomaia.com.br\/?p=6086","title":{"rendered":"Lei de Diretrizes Or\u00e7ament\u00e1rias 2024 \u00e9 aprovada com cinco emendas"},"content":{"rendered":"\n<figure class=\"wp-block-image size-large is-style-default\"><img loading=\"lazy\" decoding=\"async\" width=\"1024\" height=\"768\" src=\"http:\/\/blogdoarmindomaia.com.br\/wp-content\/uploads\/2023\/08\/Lei-de-Diretrizes-Orcamentarias-2024-e-aprovada-com-cinco-emendas-pag-07-1024x768.jpeg\" alt=\"\" class=\"wp-image-6087\" srcset=\"http:\/\/blogdoarmindomaia.com.br\/wp-content\/uploads\/2023\/08\/Lei-de-Diretrizes-Orcamentarias-2024-e-aprovada-com-cinco-emendas-pag-07-1024x768.jpeg 1024w, http:\/\/blogdoarmindomaia.com.br\/wp-content\/uploads\/2023\/08\/Lei-de-Diretrizes-Orcamentarias-2024-e-aprovada-com-cinco-emendas-pag-07-300x225.jpeg 300w, http:\/\/blogdoarmindomaia.com.br\/wp-content\/uploads\/2023\/08\/Lei-de-Diretrizes-Orcamentarias-2024-e-aprovada-com-cinco-emendas-pag-07-768x576.jpeg 768w, http:\/\/blogdoarmindomaia.com.br\/wp-content\/uploads\/2023\/08\/Lei-de-Diretrizes-Orcamentarias-2024-e-aprovada-com-cinco-emendas-pag-07-1536x1152.jpeg 1536w, http:\/\/blogdoarmindomaia.com.br\/wp-content\/uploads\/2023\/08\/Lei-de-Diretrizes-Orcamentarias-2024-e-aprovada-com-cinco-emendas-pag-07.jpeg 1600w\" sizes=\"auto, (max-width: 1024px) 100vw, 1024px\" \/><\/figure>\n\n\n\n<p>O legislativo araxaense se reuniu na tarde de segunda-feira (21) para realizar uma reuni\u00e3o extraordin\u00e1ria que apreciou o Projeto de Lei de Diretrizes Or\u00e7ament\u00e1rias &#8211; LDO 2024 (Projeto de Lei 46\/2023). A LDO \u00e9 uma das principais legisla\u00e7\u00f5es que definem o destino dos recursos p\u00fablicos a curto prazo, determinando as a\u00e7\u00f5es para o ano seguinte, com base no or\u00e7amento do ano anterior.\u00a0 No dia 28 de junho, a Comiss\u00e3o de Finan\u00e7as e Or\u00e7amento, respons\u00e1vel por estudar e elaborar parecer ao projeto, realizou uma Audi\u00eancia P\u00fablica para debater a mat\u00e9ria. Al\u00e9m dos vereadores, a popula\u00e7\u00e3o tamb\u00e9m teve a oportunidade de participar com sugest\u00f5es de emendas. A comiss\u00e3o \u00e9 composta pelos vereadores Raphael Rios (presidente), Pastor Moacir (relator) e Maristela Dutra (membro). O vereador Pr. Moacir fez a leitura do parecer com as considera\u00e7\u00f5es da comiss\u00e3o e esclareceu as fun\u00e7\u00f5es da Lei. \u201cA LDO deve abranger as metas e prioridades da administra\u00e7\u00e3o municipal, estabelecer as diretrizes da pol\u00edtica fiscal, orientar a elabora\u00e7\u00e3o do or\u00e7amento, dispor sobre as altera\u00e7\u00f5es das normas tribut\u00e1rias, estabelecer a pol\u00edtica de aplica\u00e7\u00e3o das ag\u00eancias financeiras oficiais de fomento, fixar par\u00e2metros das despesas dos Poderes e autorizar aumentos nos gastos com pessoal\u201d, destacou o relator. Antes da vota\u00e7\u00e3o, os parlamentares puderam prestar esclarecimentos sobre as emendas apresentadas. O Projeto de Lei de Diretrizes Or\u00e7ament\u00e1rias foi aprovado com um total de cinco emendas: duas (2) emendas aglutinativas, uma (1) emenda supressiva e duas (2) emendas aditivas.\u00a0 Dentre as metas e prioridades sugeridas nas emendas aprovadas, destacam-se os seguintes temas: cidades inteligentes, tr\u00e2nsito e mobilidade urbana, amplia\u00e7\u00e3o e reforma de quadras e pra\u00e7as esportivas, redu\u00e7\u00e3o da desigualdade social, educa\u00e7\u00e3o gratuita de qualidade, melhoria na qualidade dos servi\u00e7os p\u00fablicos de sa\u00fade, Institui\u00e7\u00f5es de Longa Perman\u00eancia para Idosos (ILPIS), gera\u00e7\u00e3o de trabalho e renda, incentivo \u00e0s atividades culturais, prote\u00e7\u00e3o e atendimento aos direitos dos animais, entre outros. meta fiscal estimada pela LDO 2024 \u00e9 de 792 milh\u00f5es, cuja distribui\u00e7\u00e3o em projetos\/atividades e unidades or\u00e7ament\u00e1rias ser\u00e1 fixada no projeto de lei or\u00e7ament\u00e1ria anual (LOA).v<\/p>\n","protected":false},"excerpt":{"rendered":"<p>O legislativo araxaense se reuniu na tarde de segunda-feira (21) para realizar uma reuni\u00e3o extraordin\u00e1ria que apreciou o Projeto de<\/p>\n","protected":false},"author":2,"featured_media":6087,"comment_status":"open","ping_status":"open","sticky":false,"template":"","format":"standard","meta":{"footnotes":""},"categories":[9,11],"tags":[],"class_list":["post-6086","post","type-post","status-publish","format-standard","has-post-thumbnail","hentry","category-araxa","category-destaques"],"_links":{"self":[{"href":"http:\/\/blogdoarmindomaia.com.br\/index.php?rest_route=\/wp\/v2\/posts\/6086","targetHints":{"allow":["GET"]}}],"collection":[{"href":"http:\/\/blogdoarmindomaia.com.br\/index.php?rest_route=\/wp\/v2\/posts"}],"about":[{"href":"http:\/\/blogdoarmindomaia.com.br\/index.php?rest_route=\/wp\/v2\/types\/post"}],"author":[{"embeddable":true,"href":"http:\/\/blogdoarmindomaia.com.br\/index.php?rest_route=\/wp\/v2\/users\/2"}],"replies":[{"embeddable":true,"href":"http:\/\/blogdoarmindomaia.com.br\/index.php?rest_route=%2Fwp%2Fv2%2Fcomments&post=6086"}],"version-history":[{"count":1,"href":"http:\/\/blogdoarmindomaia.com.br\/index.php?rest_route=\/wp\/v2\/posts\/6086\/revisions"}],"predecessor-version":[{"id":6088,"href":"http:\/\/blogdoarmindomaia.com.br\/index.php?rest_route=\/wp\/v2\/posts\/6086\/revisions\/6088"}],"wp:featuredmedia":[{"embeddable":true,"href":"http:\/\/blogdoarmindomaia.com.br\/index.php?rest_route=\/wp\/v2\/media\/6087"}],"wp:attachment":[{"href":"http:\/\/blogdoarmindomaia.com.br\/index.php?rest_route=%2Fwp%2Fv2%2Fmedia&parent=6086"}],"wp:term":[{"taxonomy":"category","embeddable":true,"href":"http:\/\/blogdoarmindomaia.com.br\/index.php?rest_route=%2Fwp%2Fv2%2Fcategories&post=6086"},{"taxonomy":"post_tag","embeddable":true,"href":"http:\/\/blogdoarmindomaia.com.br\/index.php?rest_route=%2Fwp%2Fv2%2Ftags&post=6086"}],"curies":[{"name":"wp","href":"https:\/\/api.w.org\/{rel}","templated":true}]}}