{"id":6095,"date":"2023-08-22T14:44:23","date_gmt":"2023-08-22T17:44:23","guid":{"rendered":"http:\/\/blogdoarmindomaia.com.br\/?p=6095"},"modified":"2023-08-22T14:44:25","modified_gmt":"2023-08-22T17:44:25","slug":"raphael-rios-propoe-legislacao-para-difundir-informacoes-sobre-cadeia-produtiva-do-niobio-em-araxa","status":"publish","type":"post","link":"http:\/\/blogdoarmindomaia.com.br\/?p=6095","title":{"rendered":"Raphael Rios prop\u00f5e legisla\u00e7\u00e3o para difundir informa\u00e7\u00f5es sobre cadeia produtiva do ni\u00f3bio em Arax\u00e1"},"content":{"rendered":"\n<figure class=\"wp-block-image size-large is-style-default\"><img loading=\"lazy\" decoding=\"async\" width=\"1024\" height=\"683\" src=\"http:\/\/blogdoarmindomaia.com.br\/wp-content\/uploads\/2023\/08\/Raphael-Rios-propoe-legislacao-para-difundir-informacoes-pag-04-1024x683.jpg\" alt=\"\" class=\"wp-image-6096\" srcset=\"http:\/\/blogdoarmindomaia.com.br\/wp-content\/uploads\/2023\/08\/Raphael-Rios-propoe-legislacao-para-difundir-informacoes-pag-04-1024x683.jpg 1024w, http:\/\/blogdoarmindomaia.com.br\/wp-content\/uploads\/2023\/08\/Raphael-Rios-propoe-legislacao-para-difundir-informacoes-pag-04-300x200.jpg 300w, http:\/\/blogdoarmindomaia.com.br\/wp-content\/uploads\/2023\/08\/Raphael-Rios-propoe-legislacao-para-difundir-informacoes-pag-04-768x512.jpg 768w, http:\/\/blogdoarmindomaia.com.br\/wp-content\/uploads\/2023\/08\/Raphael-Rios-propoe-legislacao-para-difundir-informacoes-pag-04.jpg 1328w\" sizes=\"auto, (max-width: 1024px) 100vw, 1024px\" \/><\/figure>\n\n\n\n<p>Em 2023, a geoci\u00eancia celebra 70 anos da descoberta da jazida de ni\u00f3bio em Arax\u00e1, feito do cientista Djalma Guimar\u00e3es que mudou os rumos da economia da cidade, al\u00e9m de abrir portas para o avan\u00e7o tecnol\u00f3gico no Brasil e no mundo. Atento ao principal produto econ\u00f4mico de Arax\u00e1, o vereador Raphael Rios prop\u00f4s um projeto que institui o Dia Municipal do Ni\u00f3bio, a ser comemorado anualmente no dia 31 de mar\u00e7o, data da descoberta da jazida de Arax\u00e1 no ano de 1953.<\/p>\n\n\n\n<p>O projeto tem por objetivo reconhecer a import\u00e2ncia econ\u00f4mica, cient\u00edfica e cultural do ni\u00f3bio para a cidade e para o pa\u00eds, bem como promover a conscientiza\u00e7\u00e3o da popula\u00e7\u00e3o sobre a relev\u00e2ncia desse elemento para a ind\u00fastria, a pesquisa cient\u00edfica e o desenvolvimento tecnol\u00f3gico.<\/p>\n\n\n\n<p>A proposta prev\u00ea ainda atividades culturais que poder\u00e3o ser realizadas no final de semana que antecede ou subsequente ao dia 31 de mar\u00e7o, com entrada franca para toda a comunidade e organizadas pelo poder p\u00fablico municipal, em parceria com entidades, associa\u00e7\u00f5es, universidades, escolas e empresas locais ligadas ao setor mineral, acad\u00eamico e cient\u00edfico.<\/p>\n\n\n\n<p>Raphael destaca que, apesar de ser o principal produto econ\u00f4mico de Arax\u00e1, o ni\u00f3bio \u00e9 desconhecido pela maior parcela da popula\u00e7\u00e3o. \u201c\u00c9 o produto que mais gera recursos para o munic\u00edpio. Precisamos de um trabalho educacional sobre o metal que traz emprego e renda para Arax\u00e1, mas com poucas informa\u00e7\u00f5es sobre ele.\u201d<\/p>\n\n\n\n<p>Ainda, de acordo com a justificativa do projeto, a jazida de ni\u00f3bio permite abastecer grande parte da demanda do mercado internacional, com expectativa de produ\u00e7\u00e3o estimada em mais 150 anos para explora\u00e7\u00e3o. \u201cUma previs\u00e3o imponente que coloca a cidade na rota de grandes investidores.\u201d<\/p>\n\n\n\n<p>H\u00e1 aplica\u00e7\u00f5es tecnol\u00f3gicas e industriais, na gera\u00e7\u00e3o de energia, na medicina, ind\u00fastria aeroespacial, avia\u00e7\u00e3o, entre tantos outros. &#8220;A legisla\u00e7\u00e3o busca levar todas essas informa\u00e7\u00f5es e processos de educa\u00e7\u00e3o sobre o ni\u00f3bio. Poucas crian\u00e7as na cidade sabem a respeito. Podemos ter aqui um museu do ni\u00f3bio, feiras e a\u00e7\u00f5es voltadas ao turismo, cultura e economia&#8221;, destaca o vereador.<\/p>\n","protected":false},"excerpt":{"rendered":"<p>Em 2023, a geoci\u00eancia celebra 70 anos da descoberta da jazida de ni\u00f3bio em Arax\u00e1, feito do cientista Djalma Guimar\u00e3es<\/p>\n","protected":false},"author":2,"featured_media":6096,"comment_status":"open","ping_status":"open","sticky":false,"template":"","format":"standard","meta":{"footnotes":""},"categories":[9,11],"tags":[],"class_list":["post-6095","post","type-post","status-publish","format-standard","has-post-thumbnail","hentry","category-araxa","category-destaques"],"_links":{"self":[{"href":"http:\/\/blogdoarmindomaia.com.br\/index.php?rest_route=\/wp\/v2\/posts\/6095","targetHints":{"allow":["GET"]}}],"collection":[{"href":"http:\/\/blogdoarmindomaia.com.br\/index.php?rest_route=\/wp\/v2\/posts"}],"about":[{"href":"http:\/\/blogdoarmindomaia.com.br\/index.php?rest_route=\/wp\/v2\/types\/post"}],"author":[{"embeddable":true,"href":"http:\/\/blogdoarmindomaia.com.br\/index.php?rest_route=\/wp\/v2\/users\/2"}],"replies":[{"embeddable":true,"href":"http:\/\/blogdoarmindomaia.com.br\/index.php?rest_route=%2Fwp%2Fv2%2Fcomments&post=6095"}],"version-history":[{"count":1,"href":"http:\/\/blogdoarmindomaia.com.br\/index.php?rest_route=\/wp\/v2\/posts\/6095\/revisions"}],"predecessor-version":[{"id":6097,"href":"http:\/\/blogdoarmindomaia.com.br\/index.php?rest_route=\/wp\/v2\/posts\/6095\/revisions\/6097"}],"wp:featuredmedia":[{"embeddable":true,"href":"http:\/\/blogdoarmindomaia.com.br\/index.php?rest_route=\/wp\/v2\/media\/6096"}],"wp:attachment":[{"href":"http:\/\/blogdoarmindomaia.com.br\/index.php?rest_route=%2Fwp%2Fv2%2Fmedia&parent=6095"}],"wp:term":[{"taxonomy":"category","embeddable":true,"href":"http:\/\/blogdoarmindomaia.com.br\/index.php?rest_route=%2Fwp%2Fv2%2Fcategories&post=6095"},{"taxonomy":"post_tag","embeddable":true,"href":"http:\/\/blogdoarmindomaia.com.br\/index.php?rest_route=%2Fwp%2Fv2%2Ftags&post=6095"}],"curies":[{"name":"wp","href":"https:\/\/api.w.org\/{rel}","templated":true}]}}