{"id":6098,"date":"2023-08-22T14:51:43","date_gmt":"2023-08-22T17:51:43","guid":{"rendered":"http:\/\/blogdoarmindomaia.com.br\/?p=6098"},"modified":"2023-08-22T14:51:44","modified_gmt":"2023-08-22T17:51:44","slug":"modernizacao-e-ampliacao-do-centro-de-atendimento-a-educacao-inclusiva-de-araxa","status":"publish","type":"post","link":"http:\/\/blogdoarmindomaia.com.br\/?p=6098","title":{"rendered":"Moderniza\u00e7\u00e3o e amplia\u00e7\u00e3o do Centro de Atendimento \u00e0 Educa\u00e7\u00e3o Inclusiva de Arax\u00e1"},"content":{"rendered":"\n<figure class=\"wp-block-image size-full is-style-default\"><img loading=\"lazy\" decoding=\"async\" width=\"1024\" height=\"683\" src=\"http:\/\/blogdoarmindomaia.com.br\/wp-content\/uploads\/2023\/08\/Modernizacao-e-ampliacao-do-Centro-de-Atendimento-a-Educacao-Inclusiva-pag-09.jpeg\" alt=\"\" class=\"wp-image-6100\" srcset=\"http:\/\/blogdoarmindomaia.com.br\/wp-content\/uploads\/2023\/08\/Modernizacao-e-ampliacao-do-Centro-de-Atendimento-a-Educacao-Inclusiva-pag-09.jpeg 1024w, http:\/\/blogdoarmindomaia.com.br\/wp-content\/uploads\/2023\/08\/Modernizacao-e-ampliacao-do-Centro-de-Atendimento-a-Educacao-Inclusiva-pag-09-300x200.jpeg 300w, http:\/\/blogdoarmindomaia.com.br\/wp-content\/uploads\/2023\/08\/Modernizacao-e-ampliacao-do-Centro-de-Atendimento-a-Educacao-Inclusiva-pag-09-768x512.jpeg 768w\" sizes=\"auto, (max-width: 1024px) 100vw, 1024px\" \/><\/figure>\n\n\n\n<figure class=\"wp-block-image size-full is-style-default\"><img loading=\"lazy\" decoding=\"async\" width=\"1024\" height=\"683\" src=\"http:\/\/blogdoarmindomaia.com.br\/wp-content\/uploads\/2023\/08\/caei-14.jpeg\" alt=\"\" class=\"wp-image-6099\" srcset=\"http:\/\/blogdoarmindomaia.com.br\/wp-content\/uploads\/2023\/08\/caei-14.jpeg 1024w, http:\/\/blogdoarmindomaia.com.br\/wp-content\/uploads\/2023\/08\/caei-14-300x200.jpeg 300w, http:\/\/blogdoarmindomaia.com.br\/wp-content\/uploads\/2023\/08\/caei-14-768x512.jpeg 768w\" sizes=\"auto, (max-width: 1024px) 100vw, 1024px\" \/><\/figure>\n\n\n\n<p>Atendimentos especializados, acolhimento e muito carinho. A Prefeitura de Arax\u00e1 lan\u00e7ou o novo espa\u00e7o do Centro de Atendimento \u00e0 Educa\u00e7\u00e3o Inclusiva (CAEI), agora localizado na avenida Ros\u00e1lia Isaura de Ara\u00fajo, n\u00ba 270, no bairro Guilhermina Vieira Chaer. O lan\u00e7amento foi realizado na semana passada.<br><br>No CAEI s\u00e3o realizados atendimentos cl\u00ednicos com psic\u00f3logo, fonoaudi\u00f3logo, terapeuta ocupacional, psicopedag\u00f3gico, fisioterapeuta e psiquiatria infanto-juvenil. Mensalmente 1.192 crian\u00e7as e adolescentes recebem esses atendimentos, seja no CAEI, ou nas salas de recursos multifuncionais das escolas municipais.<br><br>A promotora de Justi\u00e7a curadora da Inf\u00e2ncia e Juventude, Mara L\u00facia Silva Dourado, explica que o trabalho desenvolvido no CAEI \u00e9 de extrema import\u00e2ncia e influencia na perman\u00eancia, inclus\u00e3o e aprendizado do aluno. \u201cAs crian\u00e7as que necessitam de um acompanhamento especial s\u00e3o muito bem tratadas, com atendimento especializado e com um acompanhamento profissional. Por isso, devemos destacar muito essa empatia do Munic\u00edpio em rela\u00e7\u00e3o \u00e0s necessidades n\u00e3o s\u00f3 do aluno, mas da fam\u00edlia\u201d, reitera.<br><br>A secret\u00e1ria municipal de Educa\u00e7\u00e3o, Zulma Moreira, reitera que a educa\u00e7\u00e3o inclusiva \u00e9 uma modalidade important\u00edssima na Rede Municipal de Ensino. \u201cN\u00f3s trabalhamos os atendimentos que s\u00e3o realizados nas escolas, nas salas de recursos, junto com esse atendimento complementar que \u00e9 realizado aqui no CAEI. Queremos que nossas crian\u00e7as e adolescentes tenham um suporte e um atendimento especializado de excel\u00eancia\u201d, afirma.<br><br>Segundo a coordenadora do CAEI, Ana Rita Flores, o novo espa\u00e7o \u00e9 todo estruturado e organizado para oferecer o atendimento, que foi ampliado com recursos pedag\u00f3gicos e de acessibilidade, de acordo com a necessidade de cada aluno. \u201cCom essa nova sede, nosso sentimento \u00e9 imensur\u00e1vel, estamos muito felizes. Para n\u00f3s que lutamos pelos direitos da crian\u00e7a e do adolescente \u00e9 a realiza\u00e7\u00e3o de um sonho e uma grande conquista\u201d, ressalta.<br><br>O prefeito Robson Magela destaca que o trabalho humanizado \u00e9 desenvolvido em todas as \u00e1reas da Gest\u00e3o Municipal, e a inclus\u00e3o \u00e9 uma das prioridades. \u201cVamos sempre investir em melhores condi\u00e7\u00f5es de trabalho para os profissionais e crian\u00e7as que s\u00e3o atendidas no CAEI. Sabemos o quanto a inclus\u00e3o \u00e9 fundamental para o crescimento e desenvolvimento dessas crian\u00e7as\u201d, refor\u00e7a.<\/p>\n","protected":false},"excerpt":{"rendered":"<p>Atendimentos especializados, acolhimento e muito carinho. A Prefeitura de Arax\u00e1 lan\u00e7ou o novo espa\u00e7o do Centro de Atendimento \u00e0 Educa\u00e7\u00e3o<\/p>\n","protected":false},"author":2,"featured_media":6100,"comment_status":"open","ping_status":"open","sticky":false,"template":"","format":"standard","meta":{"footnotes":""},"categories":[9,11],"tags":[],"class_list":["post-6098","post","type-post","status-publish","format-standard","has-post-thumbnail","hentry","category-araxa","category-destaques"],"_links":{"self":[{"href":"http:\/\/blogdoarmindomaia.com.br\/index.php?rest_route=\/wp\/v2\/posts\/6098","targetHints":{"allow":["GET"]}}],"collection":[{"href":"http:\/\/blogdoarmindomaia.com.br\/index.php?rest_route=\/wp\/v2\/posts"}],"about":[{"href":"http:\/\/blogdoarmindomaia.com.br\/index.php?rest_route=\/wp\/v2\/types\/post"}],"author":[{"embeddable":true,"href":"http:\/\/blogdoarmindomaia.com.br\/index.php?rest_route=\/wp\/v2\/users\/2"}],"replies":[{"embeddable":true,"href":"http:\/\/blogdoarmindomaia.com.br\/index.php?rest_route=%2Fwp%2Fv2%2Fcomments&post=6098"}],"version-history":[{"count":1,"href":"http:\/\/blogdoarmindomaia.com.br\/index.php?rest_route=\/wp\/v2\/posts\/6098\/revisions"}],"predecessor-version":[{"id":6101,"href":"http:\/\/blogdoarmindomaia.com.br\/index.php?rest_route=\/wp\/v2\/posts\/6098\/revisions\/6101"}],"wp:featuredmedia":[{"embeddable":true,"href":"http:\/\/blogdoarmindomaia.com.br\/index.php?rest_route=\/wp\/v2\/media\/6100"}],"wp:attachment":[{"href":"http:\/\/blogdoarmindomaia.com.br\/index.php?rest_route=%2Fwp%2Fv2%2Fmedia&parent=6098"}],"wp:term":[{"taxonomy":"category","embeddable":true,"href":"http:\/\/blogdoarmindomaia.com.br\/index.php?rest_route=%2Fwp%2Fv2%2Fcategories&post=6098"},{"taxonomy":"post_tag","embeddable":true,"href":"http:\/\/blogdoarmindomaia.com.br\/index.php?rest_route=%2Fwp%2Fv2%2Ftags&post=6098"}],"curies":[{"name":"wp","href":"https:\/\/api.w.org\/{rel}","templated":true}]}}