{"id":6118,"date":"2023-08-24T15:17:33","date_gmt":"2023-08-24T18:17:33","guid":{"rendered":"http:\/\/blogdoarmindomaia.com.br\/?p=6118"},"modified":"2023-08-24T15:17:35","modified_gmt":"2023-08-24T18:17:35","slug":"22o-dancaraxa-2023-acontece-de-7-a-10-de-setembro","status":"publish","type":"post","link":"http:\/\/blogdoarmindomaia.com.br\/?p=6118","title":{"rendered":"22\u00ba DAN\u00c7ARAX\u00c1 2023 ACONTECE DE 7 A 10 DE SETEMBRO"},"content":{"rendered":"\n<figure class=\"wp-block-image size-large is-style-default\"><img loading=\"lazy\" decoding=\"async\" width=\"1024\" height=\"683\" src=\"http:\/\/blogdoarmindomaia.com.br\/wp-content\/uploads\/2023\/08\/22o-DANCARAXA-2023-acontece-de-7-a-10-de-setembro-pag-09-1024x683.jpg\" alt=\"\" class=\"wp-image-6119\" srcset=\"http:\/\/blogdoarmindomaia.com.br\/wp-content\/uploads\/2023\/08\/22o-DANCARAXA-2023-acontece-de-7-a-10-de-setembro-pag-09-1024x683.jpg 1024w, http:\/\/blogdoarmindomaia.com.br\/wp-content\/uploads\/2023\/08\/22o-DANCARAXA-2023-acontece-de-7-a-10-de-setembro-pag-09-300x200.jpg 300w, http:\/\/blogdoarmindomaia.com.br\/wp-content\/uploads\/2023\/08\/22o-DANCARAXA-2023-acontece-de-7-a-10-de-setembro-pag-09-768x512.jpg 768w, http:\/\/blogdoarmindomaia.com.br\/wp-content\/uploads\/2023\/08\/22o-DANCARAXA-2023-acontece-de-7-a-10-de-setembro-pag-09-1536x1024.jpg 1536w, http:\/\/blogdoarmindomaia.com.br\/wp-content\/uploads\/2023\/08\/22o-DANCARAXA-2023-acontece-de-7-a-10-de-setembro-pag-09-2048x1365.jpg 2048w\" sizes=\"auto, (max-width: 1024px) 100vw, 1024px\" \/><\/figure>\n\n\n\n\n\n<p>O evento a ser realizado no Teatro CBMM do Centro Cultural Uniarax\u00e1, re\u00fane milhares de dan\u00e7arinos de todo pa\u00eds e movimenta v\u00e1rios setores da cidade.<\/p>\n\n\n\n<p>Um dos maiores Festivais Competitivos de Dan\u00e7a do pa\u00eds e o maior do Centro-Oeste Mineiro, o Dan\u00e7arax\u00e1, chega \u00e0 sua 22\u00aa edi\u00e7\u00e3o com a tradi\u00e7\u00e3o e competitividade que o fez tornar refer\u00eancia para milhares de dan\u00e7arinos de v\u00e1rias regi\u00f5es do pa\u00eds. O evento competitivo realizado de 07 a 10 de setembro deste ano, e tem a participa\u00e7\u00e3o de aproximadamente 1.500 competidores advindos de mais de 25 munic\u00edpios de v\u00e1rios estados.<\/p>\n\n\n\n<p>O Festival tem como objetivo criar oportunidades para os grupos mostrarem os seus talentos e incentivar a arte, a cultura e promover o interc\u00e2mbio entre os grupos e o crescimento da dan\u00e7a no pa\u00eds, ajuda a manter as empresas da dan\u00e7a, contribui para forma\u00e7\u00e3o humana dos participantes, fomenta o turismo na cidade de Arax\u00e1, e proporciona entretenimento para os expectadores da cidade e regi\u00e3o. O evento mobiliza nossa cidade envolvendo v\u00e1rios setores de presta\u00e7\u00e3o de servi\u00e7os, um evento para toda comunidade. Os valores culturais proporcionados pela dan\u00e7a abrangem crian\u00e7as, jovens e adultos levando-os atitudes de lazer como forma de crescimento pessoal, interdisciplinar e relacionados \u00e0 sa\u00fade.<\/p>\n\n\n\n<p>O evento deste ano aconteceu, primeiramente, com a inscri\u00e7\u00e3o de diversas escolas de dan\u00e7a, que em car\u00e1ter seletivo e eliminat\u00f3rio em v\u00e1rias modalidades, que foram classificados para disputarem esta competi\u00e7\u00e3o decisiva em Arax\u00e1. Al\u00e9m de que, por meio das oficinas de dan\u00e7a, \u00e9 oferecido \u00e0 expressiva comunidade envolvida com a dan\u00e7a na cidade, o aprimoramento em alto n\u00edvel e tamb\u00e9m a profissionaliza\u00e7\u00e3o deste meio art\u00edstico.<\/p>\n\n\n\n<p>De acordo com Elaine Afonso Borges, organizadora do evento, \u201cEsta edi\u00e7\u00e3o promete surpreender a todos, pois uma nova estrutura completa e acess\u00edvel foi escolhida, o Centro Cultural Uniarax\u00e1.\u201d Para a promotora do festival, Tassiana Ara\u00fajo, \u201cEstes dan\u00e7arinos, que v\u00eam acompanhados por familiares e diretores, geram uma grande movimenta\u00e7\u00e3o na cidade, proporcionando fluxo em hot\u00e9is, bares e restaurantes, movimentando o com\u00e9rcio de Arax\u00e1.\u201d<\/p>\n\n\n\n<p>A organiza\u00e7\u00e3o Dan\u00e7arax\u00e1 solicita a doa\u00e7\u00e3o, de forma espont\u00e2nea, de 1 quilo de alimento na entrada do evento e com isso, em 2019, antes da pandemia, o evento conseguiu arrecadar aproximadamente 2.700 quilos de alimentos que foram doados para as institui\u00e7\u00f5es beneficentes, entregues pelo Diretor Executivo do evento Jos\u00e9 Maur\u00edcio de Ara\u00fajo.<\/p>\n\n\n\n<p>O 22\u00ba Dan\u00e7arax\u00e1 2023 \u00e9 realizado por meio da Lei de Incentivo \u00e0 Cultura, do Minist\u00e9rio da Cultura e Governo Federal, e tamb\u00e9m pela Lei Estadual de Incentivo \u00e0 Cultura, da Secretaria de Cultura do Governo de Minas Gerais, contamos com o patroc\u00ednio master da Bem Brasil \u2013 Alimentando Bons Momentos e o patroc\u00ednio da CBMM. O evento \u00e9 promovido pela Elaine e Cia. Produ\u00e7\u00f5es e Tassiana Produ\u00e7\u00f5es Art\u00edsticas que, juntamente com o apoio do Centro Cultural Uniarax\u00e1 e Prefeitura Municipal de Arax\u00e1, reconhecem a arte da dan\u00e7a como um importante fomentador para a melhoria de qualidade de vida e do bem estar social.<\/p>\n\n\n\n<p>Mais informa\u00e7\u00f5es pelo site: www.dancaraxa.art.br e pelas redes sociais: @festivaldancaraxa<\/p>\n","protected":false},"excerpt":{"rendered":"<p>O evento a ser realizado no Teatro CBMM do Centro Cultural Uniarax\u00e1, re\u00fane milhares de dan\u00e7arinos de todo pa\u00eds e<\/p>\n","protected":false},"author":2,"featured_media":6119,"comment_status":"open","ping_status":"open","sticky":false,"template":"","format":"standard","meta":{"footnotes":""},"categories":[9,5,11],"tags":[],"class_list":["post-6118","post","type-post","status-publish","format-standard","has-post-thumbnail","hentry","category-araxa","category-arte-e-cultura","category-destaques"],"_links":{"self":[{"href":"http:\/\/blogdoarmindomaia.com.br\/index.php?rest_route=\/wp\/v2\/posts\/6118","targetHints":{"allow":["GET"]}}],"collection":[{"href":"http:\/\/blogdoarmindomaia.com.br\/index.php?rest_route=\/wp\/v2\/posts"}],"about":[{"href":"http:\/\/blogdoarmindomaia.com.br\/index.php?rest_route=\/wp\/v2\/types\/post"}],"author":[{"embeddable":true,"href":"http:\/\/blogdoarmindomaia.com.br\/index.php?rest_route=\/wp\/v2\/users\/2"}],"replies":[{"embeddable":true,"href":"http:\/\/blogdoarmindomaia.com.br\/index.php?rest_route=%2Fwp%2Fv2%2Fcomments&post=6118"}],"version-history":[{"count":1,"href":"http:\/\/blogdoarmindomaia.com.br\/index.php?rest_route=\/wp\/v2\/posts\/6118\/revisions"}],"predecessor-version":[{"id":6121,"href":"http:\/\/blogdoarmindomaia.com.br\/index.php?rest_route=\/wp\/v2\/posts\/6118\/revisions\/6121"}],"wp:featuredmedia":[{"embeddable":true,"href":"http:\/\/blogdoarmindomaia.com.br\/index.php?rest_route=\/wp\/v2\/media\/6119"}],"wp:attachment":[{"href":"http:\/\/blogdoarmindomaia.com.br\/index.php?rest_route=%2Fwp%2Fv2%2Fmedia&parent=6118"}],"wp:term":[{"taxonomy":"category","embeddable":true,"href":"http:\/\/blogdoarmindomaia.com.br\/index.php?rest_route=%2Fwp%2Fv2%2Fcategories&post=6118"},{"taxonomy":"post_tag","embeddable":true,"href":"http:\/\/blogdoarmindomaia.com.br\/index.php?rest_route=%2Fwp%2Fv2%2Ftags&post=6118"}],"curies":[{"name":"wp","href":"https:\/\/api.w.org\/{rel}","templated":true}]}}