{"id":6137,"date":"2023-08-29T17:04:42","date_gmt":"2023-08-29T20:04:42","guid":{"rendered":"http:\/\/blogdoarmindomaia.com.br\/?p=6137"},"modified":"2023-08-29T17:04:45","modified_gmt":"2023-08-29T20:04:45","slug":"temporal-causa-estragos-em-araxa-na-tarde-desta-terca-feira","status":"publish","type":"post","link":"http:\/\/blogdoarmindomaia.com.br\/?p=6137","title":{"rendered":"Temporal causa estragos em Arax\u00e1 na tarde desta ter\u00e7a feira"},"content":{"rendered":"\n<figure class=\"wp-block-image size-full is-style-default\"><img loading=\"lazy\" decoding=\"async\" width=\"663\" height=\"623\" src=\"http:\/\/blogdoarmindomaia.com.br\/wp-content\/uploads\/2023\/08\/t2.jpg\" alt=\"\" class=\"wp-image-6138\" srcset=\"http:\/\/blogdoarmindomaia.com.br\/wp-content\/uploads\/2023\/08\/t2.jpg 663w, http:\/\/blogdoarmindomaia.com.br\/wp-content\/uploads\/2023\/08\/t2-300x282.jpg 300w\" sizes=\"auto, (max-width: 663px) 100vw, 663px\" \/><\/figure>\n\n\n\n<figure class=\"wp-block-image size-full is-style-default\"><img loading=\"lazy\" decoding=\"async\" width=\"381\" height=\"376\" src=\"http:\/\/blogdoarmindomaia.com.br\/wp-content\/uploads\/2023\/08\/t4.png\" alt=\"\" class=\"wp-image-6139\" srcset=\"http:\/\/blogdoarmindomaia.com.br\/wp-content\/uploads\/2023\/08\/t4.png 381w, http:\/\/blogdoarmindomaia.com.br\/wp-content\/uploads\/2023\/08\/t4-300x296.png 300w\" sizes=\"auto, (max-width: 381px) 100vw, 381px\" \/><\/figure>\n\n\n\n<figure class=\"wp-block-image size-full is-style-default\"><img loading=\"lazy\" decoding=\"async\" width=\"363\" height=\"401\" src=\"http:\/\/blogdoarmindomaia.com.br\/wp-content\/uploads\/2023\/08\/t3.png\" alt=\"\" class=\"wp-image-6141\" srcset=\"http:\/\/blogdoarmindomaia.com.br\/wp-content\/uploads\/2023\/08\/t3.png 363w, http:\/\/blogdoarmindomaia.com.br\/wp-content\/uploads\/2023\/08\/t3-272x300.png 272w\" sizes=\"auto, (max-width: 363px) 100vw, 363px\" \/><\/figure>\n\n\n\n<p>Uma chuva na tarde desta ter\u00e7a feira, 29 de agosto, causou estragos e bastante transtornos em Arax\u00e1. A chuva que durou em torno de meia hora, foi acompanhada de fortes ventos, alagando principalmente o setor central da cidade, maiores danos na avenida Jo\u00e3o Paulo Segundo. Na via, de acordos com imagens, fotos e v\u00eddeos que circularam nas redes sociais, muitas ruas e avenidas do centro de Arax\u00e1, ficaram completamente alagadas, com pessoas em cima dos ve\u00edculos para esperar socorro. Segundo informa\u00e7\u00f5es, equipes dos Bombeiros e da Defesa Civil est\u00e3o avaliando os estragos, at\u00e9 o momento h\u00e1 somente estragos materiais. N\u00e3o h\u00e1 relato de pessoas feridas..<\/p>\n","protected":false},"excerpt":{"rendered":"<p>Uma chuva na tarde desta ter\u00e7a feira, 29 de agosto, causou estragos e bastante transtornos em Arax\u00e1. A chuva que<\/p>\n","protected":false},"author":2,"featured_media":6140,"comment_status":"open","ping_status":"open","sticky":false,"template":"","format":"standard","meta":{"footnotes":""},"categories":[9,11],"tags":[],"class_list":["post-6137","post","type-post","status-publish","format-standard","has-post-thumbnail","hentry","category-araxa","category-destaques"],"_links":{"self":[{"href":"http:\/\/blogdoarmindomaia.com.br\/index.php?rest_route=\/wp\/v2\/posts\/6137","targetHints":{"allow":["GET"]}}],"collection":[{"href":"http:\/\/blogdoarmindomaia.com.br\/index.php?rest_route=\/wp\/v2\/posts"}],"about":[{"href":"http:\/\/blogdoarmindomaia.com.br\/index.php?rest_route=\/wp\/v2\/types\/post"}],"author":[{"embeddable":true,"href":"http:\/\/blogdoarmindomaia.com.br\/index.php?rest_route=\/wp\/v2\/users\/2"}],"replies":[{"embeddable":true,"href":"http:\/\/blogdoarmindomaia.com.br\/index.php?rest_route=%2Fwp%2Fv2%2Fcomments&post=6137"}],"version-history":[{"count":1,"href":"http:\/\/blogdoarmindomaia.com.br\/index.php?rest_route=\/wp\/v2\/posts\/6137\/revisions"}],"predecessor-version":[{"id":6142,"href":"http:\/\/blogdoarmindomaia.com.br\/index.php?rest_route=\/wp\/v2\/posts\/6137\/revisions\/6142"}],"wp:featuredmedia":[{"embeddable":true,"href":"http:\/\/blogdoarmindomaia.com.br\/index.php?rest_route=\/wp\/v2\/media\/6140"}],"wp:attachment":[{"href":"http:\/\/blogdoarmindomaia.com.br\/index.php?rest_route=%2Fwp%2Fv2%2Fmedia&parent=6137"}],"wp:term":[{"taxonomy":"category","embeddable":true,"href":"http:\/\/blogdoarmindomaia.com.br\/index.php?rest_route=%2Fwp%2Fv2%2Fcategories&post=6137"},{"taxonomy":"post_tag","embeddable":true,"href":"http:\/\/blogdoarmindomaia.com.br\/index.php?rest_route=%2Fwp%2Fv2%2Ftags&post=6137"}],"curies":[{"name":"wp","href":"https:\/\/api.w.org\/{rel}","templated":true}]}}