{"id":614,"date":"2022-05-04T22:00:18","date_gmt":"2022-05-05T01:00:18","guid":{"rendered":"http:\/\/blogdoarmindomaia.com.br\/?p=614"},"modified":"2022-05-04T22:00:20","modified_gmt":"2022-05-05T01:00:20","slug":"festa-em-louvor-a-sao-jose-operario-de-araxa-dia-07-de-maio-tem-show-com-miguel-torres","status":"publish","type":"post","link":"http:\/\/blogdoarmindomaia.com.br\/?p=614","title":{"rendered":"Festa em louvor a S\u00e3o Jos\u00e9 Oper\u00e1rio de Arax\u00e1; Dia 07 de maio tem show com Miguel Torres"},"content":{"rendered":"\n<figure class=\"wp-block-image size-large is-style-default\"><img loading=\"lazy\" decoding=\"async\" width=\"1024\" height=\"683\" src=\"http:\/\/blogdoarmindomaia.com.br\/wp-content\/uploads\/2022\/05\/miguel-torres-2-1024x683.jpg\" alt=\"\" class=\"wp-image-616\" srcset=\"http:\/\/blogdoarmindomaia.com.br\/wp-content\/uploads\/2022\/05\/miguel-torres-2-1024x683.jpg 1024w, http:\/\/blogdoarmindomaia.com.br\/wp-content\/uploads\/2022\/05\/miguel-torres-2-300x200.jpg 300w, http:\/\/blogdoarmindomaia.com.br\/wp-content\/uploads\/2022\/05\/miguel-torres-2-768x512.jpg 768w, http:\/\/blogdoarmindomaia.com.br\/wp-content\/uploads\/2022\/05\/miguel-torres-2.jpg 1280w\" sizes=\"auto, (max-width: 1024px) 100vw, 1024px\" \/><\/figure>\n\n\n\n<figure class=\"wp-block-image size-full is-style-default\"><img loading=\"lazy\" decoding=\"async\" width=\"580\" height=\"597\" src=\"http:\/\/blogdoarmindomaia.com.br\/wp-content\/uploads\/2022\/05\/Miguel-Torres.jpg\" alt=\"\" class=\"wp-image-615\" srcset=\"http:\/\/blogdoarmindomaia.com.br\/wp-content\/uploads\/2022\/05\/Miguel-Torres.jpg 580w, http:\/\/blogdoarmindomaia.com.br\/wp-content\/uploads\/2022\/05\/Miguel-Torres-291x300.jpg 291w\" sizes=\"auto, (max-width: 580px) 100vw, 580px\" \/><\/figure>\n\n\n\n<p>No pr\u00f3ximo s\u00e1bado, dia 07 de maio, na Par\u00f3quia M\u00e3e Rainha em Arax\u00e1, com entrada franca. Vale a pena prestigiar a festa e participar das celebra\u00e7\u00f5es e atividades religiosas, quermesse  e curtir o melhor do sertanejo com Miguel Torres, o araxaense revela\u00e7\u00e3o do acordeon. Vale a pena conferir, se divertir, ouvir um grande show e se surpreender com Miguel Torres. Miguel tem 18 anos, come\u00e7ou a tocar acordeon aos 7. \u00c9 talento puro da terra! O show come\u00e7a a partir das 22 horas, no Bairro Mangabeiras.  Imperd\u00edvel mesmo! <\/p>\n","protected":false},"excerpt":{"rendered":"<p>No pr\u00f3ximo s\u00e1bado, dia 07 de maio, na Par\u00f3quia M\u00e3e Rainha em Arax\u00e1, com entrada franca. Vale a pena prestigiar<\/p>\n","protected":false},"author":2,"featured_media":616,"comment_status":"open","ping_status":"open","sticky":false,"template":"","format":"standard","meta":{"footnotes":""},"categories":[9,5],"tags":[],"class_list":["post-614","post","type-post","status-publish","format-standard","has-post-thumbnail","hentry","category-araxa","category-arte-e-cultura"],"_links":{"self":[{"href":"http:\/\/blogdoarmindomaia.com.br\/index.php?rest_route=\/wp\/v2\/posts\/614","targetHints":{"allow":["GET"]}}],"collection":[{"href":"http:\/\/blogdoarmindomaia.com.br\/index.php?rest_route=\/wp\/v2\/posts"}],"about":[{"href":"http:\/\/blogdoarmindomaia.com.br\/index.php?rest_route=\/wp\/v2\/types\/post"}],"author":[{"embeddable":true,"href":"http:\/\/blogdoarmindomaia.com.br\/index.php?rest_route=\/wp\/v2\/users\/2"}],"replies":[{"embeddable":true,"href":"http:\/\/blogdoarmindomaia.com.br\/index.php?rest_route=%2Fwp%2Fv2%2Fcomments&post=614"}],"version-history":[{"count":1,"href":"http:\/\/blogdoarmindomaia.com.br\/index.php?rest_route=\/wp\/v2\/posts\/614\/revisions"}],"predecessor-version":[{"id":617,"href":"http:\/\/blogdoarmindomaia.com.br\/index.php?rest_route=\/wp\/v2\/posts\/614\/revisions\/617"}],"wp:featuredmedia":[{"embeddable":true,"href":"http:\/\/blogdoarmindomaia.com.br\/index.php?rest_route=\/wp\/v2\/media\/616"}],"wp:attachment":[{"href":"http:\/\/blogdoarmindomaia.com.br\/index.php?rest_route=%2Fwp%2Fv2%2Fmedia&parent=614"}],"wp:term":[{"taxonomy":"category","embeddable":true,"href":"http:\/\/blogdoarmindomaia.com.br\/index.php?rest_route=%2Fwp%2Fv2%2Fcategories&post=614"},{"taxonomy":"post_tag","embeddable":true,"href":"http:\/\/blogdoarmindomaia.com.br\/index.php?rest_route=%2Fwp%2Fv2%2Ftags&post=614"}],"curies":[{"name":"wp","href":"https:\/\/api.w.org\/{rel}","templated":true}]}}