{"id":6162,"date":"2023-09-06T14:10:06","date_gmt":"2023-09-06T17:10:06","guid":{"rendered":"http:\/\/blogdoarmindomaia.com.br\/?p=6162"},"modified":"2023-09-06T14:10:08","modified_gmt":"2023-09-06T17:10:08","slug":"1o-desafio-do-horizonte-de-araxa-vai-reunir-ciclistas-e-corredores-neste-fim-de-semana","status":"publish","type":"post","link":"http:\/\/blogdoarmindomaia.com.br\/?p=6162","title":{"rendered":"1\u00ba Desafio do Horizonte\u00a0 de\u00a0 Arax\u00e1 vai reunir ciclistas e corredores neste fim de\u00a0 semana"},"content":{"rendered":"\n<figure class=\"wp-block-image size-large is-style-default\"><img loading=\"lazy\" decoding=\"async\" width=\"683\" height=\"1024\" src=\"http:\/\/blogdoarmindomaia.com.br\/wp-content\/uploads\/2023\/09\/1-Desafio-do-Horizonte-de-Araxa-vai-reunir-ciclistas-e-corredores-pag-12-683x1024.jpg\" alt=\"\" class=\"wp-image-6163\" srcset=\"http:\/\/blogdoarmindomaia.com.br\/wp-content\/uploads\/2023\/09\/1-Desafio-do-Horizonte-de-Araxa-vai-reunir-ciclistas-e-corredores-pag-12-683x1024.jpg 683w, http:\/\/blogdoarmindomaia.com.br\/wp-content\/uploads\/2023\/09\/1-Desafio-do-Horizonte-de-Araxa-vai-reunir-ciclistas-e-corredores-pag-12-200x300.jpg 200w, http:\/\/blogdoarmindomaia.com.br\/wp-content\/uploads\/2023\/09\/1-Desafio-do-Horizonte-de-Araxa-vai-reunir-ciclistas-e-corredores-pag-12.jpg 720w\" sizes=\"auto, (max-width: 683px) 100vw, 683px\" \/><\/figure>\n\n\n\n<figure class=\"wp-block-image size-large is-style-default\"><img loading=\"lazy\" decoding=\"async\" width=\"682\" height=\"1024\" src=\"http:\/\/blogdoarmindomaia.com.br\/wp-content\/uploads\/2023\/09\/1-Desafio-do-Horizonte-de-Araxa-vai-reunir-ciclistas-e-corredores-pag-12-1-682x1024.jpg\" alt=\"\" class=\"wp-image-6164\" srcset=\"http:\/\/blogdoarmindomaia.com.br\/wp-content\/uploads\/2023\/09\/1-Desafio-do-Horizonte-de-Araxa-vai-reunir-ciclistas-e-corredores-pag-12-1-682x1024.jpg 682w, http:\/\/blogdoarmindomaia.com.br\/wp-content\/uploads\/2023\/09\/1-Desafio-do-Horizonte-de-Araxa-vai-reunir-ciclistas-e-corredores-pag-12-1-200x300.jpg 200w, http:\/\/blogdoarmindomaia.com.br\/wp-content\/uploads\/2023\/09\/1-Desafio-do-Horizonte-de-Araxa-vai-reunir-ciclistas-e-corredores-pag-12-1-768x1153.jpg 768w, http:\/\/blogdoarmindomaia.com.br\/wp-content\/uploads\/2023\/09\/1-Desafio-do-Horizonte-de-Araxa-vai-reunir-ciclistas-e-corredores-pag-12-1-1023x1536.jpg 1023w, http:\/\/blogdoarmindomaia.com.br\/wp-content\/uploads\/2023\/09\/1-Desafio-do-Horizonte-de-Araxa-vai-reunir-ciclistas-e-corredores-pag-12-1.jpg 1066w\" sizes=\"auto, (max-width: 682px) 100vw, 682px\" \/><\/figure>\n\n\n\n<p>E este final\u00a0 de semana em Arax\u00e1\u00a0 promete ser de muita emo\u00e7\u00e3o e aventura. Entre os dias 09 e 10 de setembro outras duas provas esportivas ir\u00e3o movimentar o cen\u00e1rio outdoor da regi\u00e3o. Organizado pela Associa\u00e7\u00e3o de Ciclismo e Esporte de Aventura de Arax\u00e1 &#8211; ACEAA, o Desafio do Horizonte, promete ser o primeiro de uma s\u00e9rie de eventos na regi\u00e3o do Horizonte Perdido. Com o apoio da Prefeitura Municipal de Arax\u00e1 e do Clube Araxaense de V\u00f4o Livre, o evento contemplar\u00e1 os amantes do trail run e do mountain bike. No dia 09 de setembro as montanhas do Horizonte Perdido ser\u00e3o tomadas pelos trail runners, com 3 percursos t\u00e9cnicos e com visuais que prometem tirar o f\u00f4lego dos participantes. De acordo com Diogo Castro, secret\u00e1rio da Aceaa,\u00a0 no primeiro dia do Desafio (9), ter\u00e1 o Trail Run. \u201cVai acontecer na manh\u00e3 do dia 9 (de setembro, s\u00e1bado) e no dia 10 (de setembro) ter\u00e1 o mountain bike\u201d. Em entrevista ao Jornal Intera\u00e7\u00e3o, a Presidente\u00a0 da Associa\u00e7\u00e3o de Ciclismo e Esporte de Aventura de Arax\u00e1 \u2013 ACEAA, Juliana Silva, disse que, \u201cpara essa modalidade os atletas poder\u00e3o escolher o percurso longo (com 22 km), m\u00e9dio (com 12 km) e curto (com 7 km). J\u00e1 na modalidade mountain bike ser\u00e3o dois percursos, longo (com 65 km) e reduzido (com 38 km). Os atletas podem se inscrever no site da oxyscrono (https:\/\/www.oxyscrono.com.br\/eventos), sendo que para o mountain bike a inscri\u00e7\u00e3o est\u00e1 R$ 100,00 reais e para o trail run R$ 150,00 reais. Vale salientar que cada atleta inscrito receber\u00e1 um voucher de R$ 20,00 reais para consumo no Restaurante do Horizonte Perdido\u201d.\u00a0 Juliana tamb\u00e9m destacou que, \u201cal\u00e9m\u00a0 disso, os 50 primeiros inscritos de cada modalidade (mountain bike e trail run), receber\u00e3o uma camiseta do evento. Al\u00e9m disso os 10 primeiros atletas a completarem o percurso longo do mountain bike receber\u00e3o premia\u00e7\u00e3o em dinheiro, sendo que o primeiro receber\u00e1 o valor de R$ 1.500,00 reais. O primeiro colocado do trail run tamb\u00e9m receber\u00e1 uma premia\u00e7\u00e3o em dinheiro no valor de R$ 500,00 reais. Outra novidade \u00e9 a modalidade Multisport, para os atletas que quiserem se desafiar no percurso longo (22 km) do trail run no s\u00e1bado e no percurso longo (65 km) do mountain bike no domingo. Esses atletas receber\u00e3o uma classifica\u00e7\u00e3o espec\u00edfica. Ao todo ser\u00e3o mais de 20 categorias para o trail run e montain bike, sendo que os 3 primeiros de cada categoria receber\u00e3o trof\u00e9u e todos os que completarem o desafio receber\u00e3o a medalha de participa\u00e7\u00e3o. A ideia da Associa\u00e7\u00e3o de Ciclismo e Esporte de Aventura de Arax\u00e1 \u00e9 realizar esse evento para que v\u00e1rios outros possam acontecer na nossa regi\u00e3o\u201d.<\/p>\n","protected":false},"excerpt":{"rendered":"<p>E este final\u00a0 de semana em Arax\u00e1\u00a0 promete ser de muita emo\u00e7\u00e3o e aventura. Entre os dias 09 e 10<\/p>\n","protected":false},"author":2,"featured_media":6163,"comment_status":"open","ping_status":"open","sticky":false,"template":"","format":"standard","meta":{"footnotes":""},"categories":[9,11],"tags":[],"class_list":["post-6162","post","type-post","status-publish","format-standard","has-post-thumbnail","hentry","category-araxa","category-destaques"],"_links":{"self":[{"href":"http:\/\/blogdoarmindomaia.com.br\/index.php?rest_route=\/wp\/v2\/posts\/6162","targetHints":{"allow":["GET"]}}],"collection":[{"href":"http:\/\/blogdoarmindomaia.com.br\/index.php?rest_route=\/wp\/v2\/posts"}],"about":[{"href":"http:\/\/blogdoarmindomaia.com.br\/index.php?rest_route=\/wp\/v2\/types\/post"}],"author":[{"embeddable":true,"href":"http:\/\/blogdoarmindomaia.com.br\/index.php?rest_route=\/wp\/v2\/users\/2"}],"replies":[{"embeddable":true,"href":"http:\/\/blogdoarmindomaia.com.br\/index.php?rest_route=%2Fwp%2Fv2%2Fcomments&post=6162"}],"version-history":[{"count":1,"href":"http:\/\/blogdoarmindomaia.com.br\/index.php?rest_route=\/wp\/v2\/posts\/6162\/revisions"}],"predecessor-version":[{"id":6165,"href":"http:\/\/blogdoarmindomaia.com.br\/index.php?rest_route=\/wp\/v2\/posts\/6162\/revisions\/6165"}],"wp:featuredmedia":[{"embeddable":true,"href":"http:\/\/blogdoarmindomaia.com.br\/index.php?rest_route=\/wp\/v2\/media\/6163"}],"wp:attachment":[{"href":"http:\/\/blogdoarmindomaia.com.br\/index.php?rest_route=%2Fwp%2Fv2%2Fmedia&parent=6162"}],"wp:term":[{"taxonomy":"category","embeddable":true,"href":"http:\/\/blogdoarmindomaia.com.br\/index.php?rest_route=%2Fwp%2Fv2%2Fcategories&post=6162"},{"taxonomy":"post_tag","embeddable":true,"href":"http:\/\/blogdoarmindomaia.com.br\/index.php?rest_route=%2Fwp%2Fv2%2Ftags&post=6162"}],"curies":[{"name":"wp","href":"https:\/\/api.w.org\/{rel}","templated":true}]}}