{"id":6171,"date":"2023-09-08T15:58:00","date_gmt":"2023-09-08T18:58:00","guid":{"rendered":"http:\/\/blogdoarmindomaia.com.br\/?p=6171"},"modified":"2023-09-08T15:58:02","modified_gmt":"2023-09-08T18:58:02","slug":"festival-de-musica-de-araxa-no-horizonte-perdido","status":"publish","type":"post","link":"http:\/\/blogdoarmindomaia.com.br\/?p=6171","title":{"rendered":"Festival de M\u00fasica de Arax\u00e1 no Horizonte Perdido\u00a0"},"content":{"rendered":"\n<figure class=\"wp-block-image size-full is-style-default\"><img loading=\"lazy\" decoding=\"async\" width=\"1000\" height=\"562\" src=\"http:\/\/blogdoarmindomaia.com.br\/wp-content\/uploads\/2023\/09\/unnamed.jpg\" alt=\"\" class=\"wp-image-6172\" srcset=\"http:\/\/blogdoarmindomaia.com.br\/wp-content\/uploads\/2023\/09\/unnamed.jpg 1000w, http:\/\/blogdoarmindomaia.com.br\/wp-content\/uploads\/2023\/09\/unnamed-300x169.jpg 300w, http:\/\/blogdoarmindomaia.com.br\/wp-content\/uploads\/2023\/09\/unnamed-768x432.jpg 768w\" sizes=\"auto, (max-width: 1000px) 100vw, 1000px\" \/><\/figure>\n\n\n\n<p><strong>Lenda do jazz: Stephan Kurmann \u00e9 uma das atra\u00e7\u00f5es de festival musical no Horizonte PerdidoLenda do jazz\u00b4: Stephan Kurmann \u00e9 uma das atra\u00e7\u00f5es de festival musical no Horizonte Perdido<\/strong><\/p>\n\n\n\n<p><em>A\u00e7\u00e3o cultural come\u00e7a nesta sexta (8) e se integra a eventos esportivos<\/em><\/p>\n\n\n\n<p>O su\u00ed\u00e7o Stephan Kurmann, contrabaixista h\u00e1 mais de 40 anos, \u00e9 uma das atra\u00e7\u00f5es do Festival de M\u00fasica de Arax\u00e1, que ser\u00e1 realizado na rampa do Horizonte Perdido neste fim de semana. O m\u00fasico \u00e9 considerado uma lenda do jazz e, ao longo da carreira, participou de festivais pelo mundo inteiro, tocando com nomes como Chet Baker, Mal Waldron, Harold Mabern, Lee Konitz, Kirk Lightsey, Steve Grossman. \u201c\u00c9 um show imperd\u00edvel. Todos os anos Kurmann, Andr\u00e9 Queiroz (bateria) e Magno Alexandre (guitarra) se encontram aqui ou na Europa para tocar e atualizar o repert\u00f3rio e desta vez teremos a oportunidade de conferir essa uni\u00e3o incr\u00edvel\u201d, diz o organizador do evento, Tiago Martins.<\/p>\n\n\n\n<p>O trio encerra a programa\u00e7\u00e3o do Festival no domingo (10). No mesmo dia tamb\u00e9m se apresenta o Bejazz Street Band. Pelo palco do festival tamb\u00e9m passar\u00e3o Camilla Bortolato, Gil Reis Trio, MW Trio, Bruno Castro, Manga Rosa, Tiago Martins Quinteto e Mauro Hector Trio. Toda a programa\u00e7\u00e3o \u00e9 gratuita.<\/p>\n\n\n\n<p><strong>O Festival de M\u00fasica de Arax\u00e1<\/strong><\/p>\n\n\n\n<p>A partir desta sexta (8) o Festival de M\u00fasica de Arax\u00e1 ocupa um dos mais belos cart\u00f5es-postais da regi\u00e3o: a rampa do Horizonte Perdido. Essa \u00e9 a primeira edi\u00e7\u00e3o do evento que, al\u00e9m de m\u00fasicos renomados, conta com estrutura de palco e diversas op\u00e7\u00f5es gastron\u00f4micas. A a\u00e7\u00e3o cultural vai se integrar aos outros eventos previstos para o local, como o Pr\u00e9-Mundial e Campeonato Brasileiro de Parapente e o Desafio do Horizonte de Mountain Bike e Trail Run.<\/p>\n\n\n\n<p>O Festival de M\u00fasica de Arax\u00e1 \u00e9 uma realiza\u00e7\u00e3o da Nota Certa Escola de M\u00fasica, com o patroc\u00ednio m\u00e1ster da CBMM. As atividades culturais s\u00e3o realizadas por meio da Lei Federal de Incentivo \u00e0 Cultura, do Minist\u00e9rio da Cultura, Governo Federal. Apoio: Prefeitura Municipal de Arax\u00e1.<\/p>\n\n\n\n<p><strong>Programa\u00e7\u00e3o<\/strong><\/p>\n\n\n\n<p><em>08.09 | sexta-feira<\/em><\/p>\n\n\n\n<p>15h MW Trio convida Bruno Castro<\/p>\n\n\n\n<p>17h30 Gil Reis Trio convida Camilla Bortolato<\/p>\n\n\n\n<p><em>09.09 | s\u00e1bado<\/em><\/p>\n\n\n\n<p>10h Manga Rosa &#8211; Tributo Stones<\/p>\n\n\n\n<p>15h Tiago Martins Quinteto<\/p>\n\n\n\n<p>17h30 Mauro Hector Trio<\/p>\n\n\n\n<p><em>10.09 | Domingo<\/em><\/p>\n\n\n\n<p>9h30 Bejazz Street Band<\/p>\n\n\n\n<p>14h Trio Alexandre-Kurmann-Queiroz<\/p>\n\n\n\n<p><strong>Lenda do jazz: Stephan Kurmann \u00e9 uma das atra\u00e7\u00f5es de festival musical no Horizonte PerdidoLenda do jazz\u00b4: Stephan Kurmann \u00e9 uma das atra\u00e7\u00f5es de festival musical no Horizonte Perdido<\/strong><\/p>\n\n\n\n<p><em>A\u00e7\u00e3o cultural come\u00e7a nesta sexta (8) e se integra a eventos esportivos<\/em><\/p>\n\n\n\n<p>O su\u00ed\u00e7o Stephan Kurmann, contrabaixista h\u00e1 mais de 40 anos, \u00e9 uma das atra\u00e7\u00f5es do Festival de M\u00fasica de Arax\u00e1, que ser\u00e1 realizado na rampa do Horizonte Perdido neste fim de semana. O m\u00fasico \u00e9 considerado uma lenda do jazz e, ao longo da carreira, participou de festivais pelo mundo inteiro, tocando com nomes como Chet Baker, Mal Waldron, Harold Mabern, Lee Konitz, Kirk Lightsey, Steve Grossman. \u201c\u00c9 um show imperd\u00edvel. Todos os anos Kurmann, Andr\u00e9 Queiroz (bateria) e Magno Alexandre (guitarra) se encontram aqui ou na Europa para tocar e atualizar o repert\u00f3rio e desta vez teremos a oportunidade de conferir essa uni\u00e3o incr\u00edvel\u201d, diz o organizador do evento, Tiago Martins.<\/p>\n\n\n\n<p>O trio encerra a programa\u00e7\u00e3o do Festival no domingo (10). No mesmo dia tamb\u00e9m se apresenta o Bejazz Street Band. Pelo palco do festival tamb\u00e9m passar\u00e3o Camilla Bortolato, Gil Reis Trio, MW Trio, Bruno Castro, Manga Rosa, Tiago Martins Quinteto e Mauro Hector Trio. Toda a programa\u00e7\u00e3o \u00e9 gratuita.<\/p>\n\n\n\n<p><strong>O Festival de M\u00fasica de Arax\u00e1<\/strong><\/p>\n\n\n\n<p>A partir desta sexta (8) o Festival de M\u00fasica de Arax\u00e1 ocupa um dos mais belos cart\u00f5es-postais da regi\u00e3o: a rampa do Horizonte Perdido. Essa \u00e9 a primeira edi\u00e7\u00e3o do evento que, al\u00e9m de m\u00fasicos renomados, conta com estrutura de palco e diversas op\u00e7\u00f5es gastron\u00f4micas. A a\u00e7\u00e3o cultural vai se integrar aos outros eventos previstos para o local, como o Pr\u00e9-Mundial e Campeonato Brasileiro de Parapente e o Desafio do Horizonte de Mountain Bike e Trail Run.<\/p>\n\n\n\n<p>O Festival de M\u00fasica de Arax\u00e1 \u00e9 uma realiza\u00e7\u00e3o da Nota Certa Escola de M\u00fasica, com o patroc\u00ednio m\u00e1ster da CBMM. As atividades culturais s\u00e3o realizadas por meio da Lei Federal de Incentivo \u00e0 Cultura, do Minist\u00e9rio da Cultura, Governo Federal. Apoio: Prefeitura Municipal de Arax\u00e1.<\/p>\n\n\n\n<p><strong>Programa\u00e7\u00e3o<\/strong><\/p>\n\n\n\n<p><em>08.09 | sexta-feira<\/em><\/p>\n\n\n\n<p>15h MW Trio convida Bruno Castro<\/p>\n\n\n\n<p>17h30 Gil Reis Trio convida Camilla Bortolato<\/p>\n\n\n\n<p><em>09.09 | s\u00e1bado<\/em><\/p>\n\n\n\n<p>10h Manga Rosa &#8211; Tributo Stones<\/p>\n\n\n\n<p>15h Tiago Martins Quinteto<\/p>\n\n\n\n<p>17h30 Mauro Hector Trio<\/p>\n\n\n\n<p><em>10.09 | Domingo<\/em><\/p>\n\n\n\n<p>9h30 Bejazz Street Band<\/p>\n\n\n\n<p>14h Trio Alexandre-Kurmann-Queiroz<\/p>\n","protected":false},"excerpt":{"rendered":"<p>Lenda do jazz: Stephan Kurmann \u00e9 uma das atra\u00e7\u00f5es de festival musical no Horizonte PerdidoLenda do jazz\u00b4: Stephan Kurmann \u00e9<\/p>\n","protected":false},"author":2,"featured_media":6172,"comment_status":"open","ping_status":"open","sticky":false,"template":"","format":"standard","meta":{"footnotes":""},"categories":[9,5,11],"tags":[],"class_list":["post-6171","post","type-post","status-publish","format-standard","has-post-thumbnail","hentry","category-araxa","category-arte-e-cultura","category-destaques"],"_links":{"self":[{"href":"http:\/\/blogdoarmindomaia.com.br\/index.php?rest_route=\/wp\/v2\/posts\/6171","targetHints":{"allow":["GET"]}}],"collection":[{"href":"http:\/\/blogdoarmindomaia.com.br\/index.php?rest_route=\/wp\/v2\/posts"}],"about":[{"href":"http:\/\/blogdoarmindomaia.com.br\/index.php?rest_route=\/wp\/v2\/types\/post"}],"author":[{"embeddable":true,"href":"http:\/\/blogdoarmindomaia.com.br\/index.php?rest_route=\/wp\/v2\/users\/2"}],"replies":[{"embeddable":true,"href":"http:\/\/blogdoarmindomaia.com.br\/index.php?rest_route=%2Fwp%2Fv2%2Fcomments&post=6171"}],"version-history":[{"count":1,"href":"http:\/\/blogdoarmindomaia.com.br\/index.php?rest_route=\/wp\/v2\/posts\/6171\/revisions"}],"predecessor-version":[{"id":6173,"href":"http:\/\/blogdoarmindomaia.com.br\/index.php?rest_route=\/wp\/v2\/posts\/6171\/revisions\/6173"}],"wp:featuredmedia":[{"embeddable":true,"href":"http:\/\/blogdoarmindomaia.com.br\/index.php?rest_route=\/wp\/v2\/media\/6172"}],"wp:attachment":[{"href":"http:\/\/blogdoarmindomaia.com.br\/index.php?rest_route=%2Fwp%2Fv2%2Fmedia&parent=6171"}],"wp:term":[{"taxonomy":"category","embeddable":true,"href":"http:\/\/blogdoarmindomaia.com.br\/index.php?rest_route=%2Fwp%2Fv2%2Fcategories&post=6171"},{"taxonomy":"post_tag","embeddable":true,"href":"http:\/\/blogdoarmindomaia.com.br\/index.php?rest_route=%2Fwp%2Fv2%2Ftags&post=6171"}],"curies":[{"name":"wp","href":"https:\/\/api.w.org\/{rel}","templated":true}]}}