{"id":6178,"date":"2023-09-08T16:05:54","date_gmt":"2023-09-08T19:05:54","guid":{"rendered":"http:\/\/blogdoarmindomaia.com.br\/?p=6178"},"modified":"2023-09-08T16:05:56","modified_gmt":"2023-09-08T19:05:56","slug":"coluna-de-saude-da-unimed-araxa","status":"publish","type":"post","link":"http:\/\/blogdoarmindomaia.com.br\/?p=6178","title":{"rendered":"Coluna de Sa\u00fade da Unimed  Arax\u00e1"},"content":{"rendered":"\n<figure class=\"wp-block-image size-full is-style-default\"><img loading=\"lazy\" decoding=\"async\" width=\"275\" height=\"183\" src=\"http:\/\/blogdoarmindomaia.com.br\/wp-content\/uploads\/2023\/09\/download.jpg\" alt=\"\" class=\"wp-image-6179\"\/><\/figure>\n\n\n\n<figure class=\"wp-block-table\"><table><tbody><tr><td><strong>Curativos: planejamento e cuidados ap\u00f3s a alta s\u00e3o fundamentais para o sucesso do tratamento de les\u00f5es<\/strong><\/td><\/tr><tr><td><br><br><em>Enfermeiras do Hospital Unimed Arax\u00e1 explicam como deve ser feito o acompanhamento no hospital e em casa<\/em> \u00a0 A avalia\u00e7\u00e3o e tratamento das feridas, independentemente de sua causa, devem seguir um m\u00e9todo objetivo e sistematizado que permita uma melhor compreens\u00e3o das les\u00f5es e das suas caracter\u00edsticas, bem como um melhor acompanhamento da evolu\u00e7\u00e3o. Segundo as enfermeiras B\u00e1rbara Rodrigues (estomaterapeuta\/ coord. de Enfermagem do PA) e Malvina Pires (coord. do Centro de Feridas) do Hospital Unimed Arax\u00e1, o atendimento especializado e multidisciplinar \u00e9 essencial e permite desenvolver planos de tratamento e acesso relevante a m\u00e9todos investigativos, al\u00e9m de recursos necess\u00e1rios \u00e0 realidade de cada paciente. \u00a0 \u201cO Ambulat\u00f3rio de Tratamento de Feridas do Hospital Unimed Arax\u00e1 conta com m\u00e9dicos cl\u00ednicos e cirurgi\u00f5es vasculares, enfermeiro especialista em feridas, enfermeiro estomaterapeuta, m\u00e9dico infectologista, m\u00e9dico ortopedista, nutricionista e psic\u00f3logo\u201d, explica a enfermeira Malvina Pires. \u00a0 O tratamento da causa, o correto diagn\u00f3stico da ferida e sua etiologia, o entendimento dos desvios e interfer\u00eancias no processo de cicatriza\u00e7\u00e3o e a preocupa\u00e7\u00e3o com a sa\u00fade hol\u00edstica do paciente proporcionam o direcionamento correto para o profissional especializado, garantindo efetividade e qualidade de atendimento aos pacientes. \u201cContamos tamb\u00e9m com o apoio no p\u00f3s-alta sendo confeccionada uma orienta\u00e7\u00e3o dos cuidados domiciliares pertinentes para manter a integridade da pele conquistada com o tratamento e evitar futuras les\u00f5es. Essa orienta\u00e7\u00e3o \u00e9 individualizada e realizada no momento da alta ambulatorial\u201d, complementa a enfermeira B\u00e1rbara Rodrigues. \u00a0 <strong>Orienta\u00e7\u00f5es para continuidade do tratamento<\/strong> \u2756 Realizar curativo com t\u00e9cnica limpa; \u2756 Realizar limpeza do leito das les\u00f5es com soro fisiol\u00f3gico 0,9%, em temperatura ambiente; \u2756 Realizar curativo com cobertura indicada de forma correta; \u2756 Ocluir para evitar contato com sujidade e poeira; \u2756 Evitar exposi\u00e7\u00e3o ao sol; \u2756 Se apresentar algum tipo de ressecamento, sangramento, presen\u00e7a de bolhas ou sinais de infec\u00e7\u00e3o (incha\u00e7o, calor local, vermelhid\u00e3o), retornar ao ambulat\u00f3rio para avalia\u00e7\u00e3o.<\/td><\/tr><\/tbody><\/table><figcaption class=\"wp-element-caption\"><strong>Curativos: planejamento e cuidados ap\u00f3s a alta s\u00e3o fundamentais para o sucesso do tratamento de les\u00f5es<\/strong><br><em>Enfermeiras do Hospital Unimed Arax\u00e1 explicam como deve ser feito o acompanhamento no hospital e em casa<\/em><br>\u00a0<br>A avalia\u00e7\u00e3o e tratamento das feridas, independentemente de sua causa, devem seguir um m\u00e9todo objetivo e sistematizado que permita uma melhor compreens\u00e3o das les\u00f5es e das suas caracter\u00edsticas, bem como um melhor acompanhamento da evolu\u00e7\u00e3o. Segundo as enfermeiras B\u00e1rbara Rodrigues (estomaterapeuta\/ coord. de Enfermagem do PA) e Malvina Pires (coord. do Centro de Feridas) do Hospital Unimed Arax\u00e1, o atendimento especializado e multidisciplinar \u00e9 essencial e permite desenvolver planos de tratamento e acesso relevante a m\u00e9todos investigativos, al\u00e9m de recursos necess\u00e1rios \u00e0 realidade de cada paciente.<br>\u00a0<br>\u201cO Ambulat\u00f3rio de Tratamento de Feridas do Hospital Unimed Arax\u00e1 conta com m\u00e9dicos cl\u00ednicos e cirurgi\u00f5es vasculares, enfermeiro especialista em feridas, enfermeiro estomaterapeuta, m\u00e9dico infectologista, m\u00e9dico ortopedista, nutricionista e psic\u00f3logo\u201d, explica a enfermeira Malvina Pires.<br>\u00a0<br>O tratamento da causa, o correto diagn\u00f3stico da ferida e sua etiologia, o entendimento dos desvios e interfer\u00eancias no processo de cicatriza\u00e7\u00e3o e a preocupa\u00e7\u00e3o com a sa\u00fade hol\u00edstica do paciente proporcionam o direcionamento correto para o profissional especializado, garantindo efetividade e qualidade de atendimento aos pacientes. \u201cContamos tamb\u00e9m com o apoio no p\u00f3s-alta sendo confeccionada uma orienta\u00e7\u00e3o dos cuidados domiciliares pertinentes para manter a integridade da pele conquistada com o tratamento e evitar futuras les\u00f5es. Essa orienta\u00e7\u00e3o \u00e9 individualizada e realizada no momento da alta ambulatorial\u201d, complementa a enfermeira B\u00e1rbara Rodrigues.<br>\u00a0<br><strong>Orienta\u00e7\u00f5es para continuidade do tratamento<\/strong><br>\u2756 Realizar curativo com t\u00e9cnica limpa;<br>\u2756 Realizar limpeza do leito das les\u00f5es com soro fisiol\u00f3gico 0,9%, em temperatura ambiente;<br>\u2756 Realizar curativo com cobertura indicada de forma correta;<br>\u2756 Ocluir para evitar contato com sujidade e poeira;<br>\u2756 Evitar exposi\u00e7\u00e3o ao sol;<br>\u2756 Se apresentar algum tipo de ressecamento, sangramento, presen\u00e7a de bolhas ou sinais de infec\u00e7\u00e3o (incha\u00e7o, calor local, vermelhid\u00e3o), retornar ao ambulat\u00f3rio para avalia\u00e7\u00e3o.<br>\u00a0<\/figcaption><\/figure>\n","protected":false},"excerpt":{"rendered":"<p>Curativos: planejamento e cuidados ap\u00f3s a alta s\u00e3o fundamentais para o sucesso do tratamento de les\u00f5es Enfermeiras do Hospital Unimed<\/p>\n","protected":false},"author":2,"featured_media":6179,"comment_status":"open","ping_status":"open","sticky":false,"template":"","format":"standard","meta":{"footnotes":""},"categories":[9,11,29],"tags":[],"class_list":["post-6178","post","type-post","status-publish","format-standard","has-post-thumbnail","hentry","category-araxa","category-destaques","category-saude"],"_links":{"self":[{"href":"http:\/\/blogdoarmindomaia.com.br\/index.php?rest_route=\/wp\/v2\/posts\/6178","targetHints":{"allow":["GET"]}}],"collection":[{"href":"http:\/\/blogdoarmindomaia.com.br\/index.php?rest_route=\/wp\/v2\/posts"}],"about":[{"href":"http:\/\/blogdoarmindomaia.com.br\/index.php?rest_route=\/wp\/v2\/types\/post"}],"author":[{"embeddable":true,"href":"http:\/\/blogdoarmindomaia.com.br\/index.php?rest_route=\/wp\/v2\/users\/2"}],"replies":[{"embeddable":true,"href":"http:\/\/blogdoarmindomaia.com.br\/index.php?rest_route=%2Fwp%2Fv2%2Fcomments&post=6178"}],"version-history":[{"count":1,"href":"http:\/\/blogdoarmindomaia.com.br\/index.php?rest_route=\/wp\/v2\/posts\/6178\/revisions"}],"predecessor-version":[{"id":6180,"href":"http:\/\/blogdoarmindomaia.com.br\/index.php?rest_route=\/wp\/v2\/posts\/6178\/revisions\/6180"}],"wp:featuredmedia":[{"embeddable":true,"href":"http:\/\/blogdoarmindomaia.com.br\/index.php?rest_route=\/wp\/v2\/media\/6179"}],"wp:attachment":[{"href":"http:\/\/blogdoarmindomaia.com.br\/index.php?rest_route=%2Fwp%2Fv2%2Fmedia&parent=6178"}],"wp:term":[{"taxonomy":"category","embeddable":true,"href":"http:\/\/blogdoarmindomaia.com.br\/index.php?rest_route=%2Fwp%2Fv2%2Fcategories&post=6178"},{"taxonomy":"post_tag","embeddable":true,"href":"http:\/\/blogdoarmindomaia.com.br\/index.php?rest_route=%2Fwp%2Fv2%2Ftags&post=6178"}],"curies":[{"name":"wp","href":"https:\/\/api.w.org\/{rel}","templated":true}]}}