{"id":6181,"date":"2023-09-08T16:12:38","date_gmt":"2023-09-08T19:12:38","guid":{"rendered":"http:\/\/blogdoarmindomaia.com.br\/?p=6181"},"modified":"2023-09-08T16:12:40","modified_gmt":"2023-09-08T19:12:40","slug":"campanha-de-vacinacao-antirrabica-animal-na-zona-urbana-acontece-de-11-a-17-de-setembro","status":"publish","type":"post","link":"http:\/\/blogdoarmindomaia.com.br\/?p=6181","title":{"rendered":"Campanha de Vacina\u00e7\u00e3o Antirr\u00e1bica Animal na Zona Urbana acontece de 11 a 17 de setembro"},"content":{"rendered":"\n<figure class=\"wp-block-image size-full is-style-default\"><img loading=\"lazy\" decoding=\"async\" width=\"635\" height=\"325\" src=\"http:\/\/blogdoarmindomaia.com.br\/wp-content\/uploads\/2023\/09\/Campanha-de-Vacinacao-Antirrabica-Animal-na-Zona-Urbana-de-Araxa-pag-08.jpeg\" alt=\"\" class=\"wp-image-6182\" srcset=\"http:\/\/blogdoarmindomaia.com.br\/wp-content\/uploads\/2023\/09\/Campanha-de-Vacinacao-Antirrabica-Animal-na-Zona-Urbana-de-Araxa-pag-08.jpeg 635w, http:\/\/blogdoarmindomaia.com.br\/wp-content\/uploads\/2023\/09\/Campanha-de-Vacinacao-Antirrabica-Animal-na-Zona-Urbana-de-Araxa-pag-08-300x154.jpeg 300w\" sizes=\"auto, (max-width: 635px) 100vw, 635px\" \/><\/figure>\n\n\n\n<p>A Campanha de Vacina\u00e7\u00e3o Antirr\u00e1bica Animal na Zona Urbana inicia na pr\u00f3xima segunda-feira (11) e vai at\u00e9 o dia 17 de setembro. De acordo com a Vigil\u00e2ncia em Sa\u00fade da Prefeitura de Arax\u00e1, a meta \u00e9 vacinar 16.000 animais entre c\u00e3es e gatos em todas as etapas.<br><br>A popula\u00e7\u00e3o vai contar com cronograma itinerante em diversos pontos da cidade durante os per\u00edodos da manh\u00e3 e tarde, al\u00e9m do Posto Fixo no Gin\u00e1sio do bairro Santa Luzia &#8211; avenida Jo\u00e3o Paulo II, n\u00ba 1.045.<br><br>A primeira fase da campanha foi realizada na Zona Rural, em agosto, com a imuniza\u00e7\u00e3o de 3.400 animais.<br><br>O agente da Vigil\u00e2ncia Ambiental, Fabr\u00edcio de \u00c1vila, explica que para receber o imunizante o animal deve ter mais de 3 meses de vida e estar em boas condi\u00e7\u00f5es de sa\u00fade. Ele acrescenta que n\u00e3o h\u00e1 contraindica\u00e7\u00f5es para a vacina\u00e7\u00e3o de animais lactantes, pu\u00e9rperas ou gestantes.<br><br>\u201c\u00c9 importante tamb\u00e9m ressaltar que os animais que v\u00e3o receber dose no primeiro ano de vida devem tomar a dose de refor\u00e7o ap\u00f3s 30 dias da aplica\u00e7\u00e3o da primeira dose\u201d, completa.<br><strong><br>Sobre a raiva<\/strong><br><br>A raiva \u00e9 uma doen\u00e7a que mata, tanto o animal quanto o ser humano, e n\u00e3o tem cura. A melhor maneira de prevenir \u00e9 a vacina. A doen\u00e7a \u00e9 transmitida principalmente por mordidas, al\u00e9m de arranh\u00f5es, unhadas ou lambidas de animais doentes. A vacina\u00e7\u00e3o do c\u00e3o e gato ocorre anualmente e \u00e9 de suma import\u00e2ncia para que o animal n\u00e3o contraia a doen\u00e7a.<br><br><strong>CRONOGRAMA VACINA\u00c7\u00c3O ANTIRR\u00c1BICA &#8211; ZONA URBANA<\/strong><br><br><strong>11 DE SETEMBRO<\/strong><br><br>1 &#8211; Riviera do Lago \/ portaria (manh\u00e3) 8h \u00e0s 12h; estande de vendas Veredas do Belvedere (tarde) 13h \u00e0s 17h;<br>2 &#8211; Pra\u00e7a do Senac \/ Vila Fertiza;<br>3 &#8211; Escola Estadual Lia Salgado \/ Vila Silv\u00e9ria;<br>4 &#8211; Unisul \/ Vila Silv\u00e9ria;<br>5 &#8211; Campo AEF \/ Dona Beja;<br>6 &#8211; Pra\u00e7a da Lavanderia \/ \u00c1rea 2 (manh\u00e3); rua das Palmeiras, 145 \/ Parque das Flores (tarde);<br>7 &#8211; Igreja \/ Padre Alaor;<br>8 &#8211; Mercearia do Branco \/ Guilhermina Vieira Chaer;<br>9 &#8211; Unisse \/ Santa Terezinha.<br><br><strong>12 DE SETEMBRO<\/strong><br><br>1 &#8211; Pra\u00e7a da \u00c1rea 3 \/ Jardim das Primaveras;<br>2 &#8211; N\u00facleo de Conviv\u00eancia \/ Santo Ant\u00f4nio;<br>3 &#8211; ESF \/ Vila Est\u00e2ncia;<br>4 &#8211; CAPS Maria Pirola \/ Santo Ant\u00f4nio;<br>5 &#8211; Unileste \/ Santo Ant\u00f4nio;<br>6 &#8211; Escola Polivalente \/ Santo Ant\u00f4nio;<br>7 &#8211; Unicentro \/ Vila Guimar\u00e3es;<br>8 &#8211; Supermercado Dois Irm\u00e3os \/ Mangabeiras;<br>9 &#8211; Campo Trianon \/ Mangabeiras.<br><br><br><strong>13 DE SETEMBRO<\/strong><br><br>1 &#8211; Pra\u00e7a da Santa Casa \/ Vila Guimar\u00e3es;<br>2 &#8211; Antigo Postinho \/ Jo\u00e3o Ribeiro;<br>3 &#8211; Posto Ipiranga \/ Av. Jo\u00e3o Paulo II;<br>4 &#8211; Pra\u00e7a Governador Valadares \/ Centro;<br>5 &#8211; Pra\u00e7a Elias Leime \/ Em frente ao A\u00e7ougue do Dico;<br>6 &#8211; Gin\u00e1sio Oscar Lino \/ Vila S\u00e3o Pedro;<br>7 &#8211; Pra\u00e7a Jos\u00e9 Herm\u00f3genes \/ S\u00e3o Vicente;<br>8 &#8211; Centro de Refer\u00eancia da Cultura Negra \/ Santa Rita;<br>9 &#8211; Capela da Filomena\/ Bela Vista.<br><br><strong>14 DE SETEMBRO<br><\/strong><br>1 &#8211; Escola Aziz J. Chaer \/ Orozino Teixeira;<br>2 &#8211; Uninordeste \/ Ana Ant\u00f4nia;<br>3 &#8211; Mercearia Gomes \/ Jardim das Oliveiras;<br>4 &#8211; Cemei Vicente Pereira da Silva \/ Villa Mayor;<br>5 &#8211; ESF \/ P\u00e3o de A\u00e7\u00facar;<br>6 &#8211; Cemei Profa. Francisca Querina Martins de Oliveira \/ P\u00e3o de A\u00e7\u00facar 3;<br>7 &#8211; Cemei Querobina Gomes Borges \/ P\u00e3o de A\u00e7\u00facar 4;<br>8 &#8211; Canil Municipal \/ Novo Horizonte;<br>9 &#8211; Mercearia do Izaias \/ Domingos Zema.<br><strong><br>15 DE SETEMBRO<\/strong><br><br>1 &#8211; N\u00facleo de Conviv\u00eancia \/ Leblon;<br>2 &#8211; Pra\u00e7a Cemei Anita Mesquita \/ S\u00e3o Geraldo;<br>3 &#8211; Unisa \/ S\u00e3o Geraldo;<br>4 &#8211; Igreja Nossa Senhora Aparecida \/ Alvorada;<br>5 &#8211; \u00c1rea em frente ao Cemei Bal\u00e3o M\u00e1gico \/ Alvorada;<br>6 &#8211; Unioeste \/ Boa Vista;<br>7 &#8211; N\u00facleo de Conviv\u00eancia \/ Boa Vista;<br>8 &#8211; Pra\u00e7a da \u00c1rvore de \u00d3leo \/ Boa Vista;<br>9 &#8211; Padaria UAI Del\u00edcia \/ Camu\u00e1 &#8211; Fen\u00edcia.<br><br><strong>16 DE SETEMBRO<\/strong><br><br>1 &#8211; Igreja Presbiteriana Cepac \/ Aboli\u00e7\u00e3o &#8211; S. Francisco;<br>2 &#8211; N\u00facleo de Conviv\u00eancia \/ Aboli\u00e7\u00e3o &#8211; S. Francisco;<br>3 &#8211; N\u00facleo de Conviv\u00eancia \/ Bom Jesus;<br>4 &#8211; Uninorte \/ Urciano Lemos;<br>5 &#8211; Ponto de \u00f4nibus Parque do Cristo \/ Urciano Lemos;<br>6 &#8211; Cemei Concei\u00e7\u00e3o Velasco \/ Francisco Duarte;<br>7 &#8211; ESF \/ Tiradentes;<br>8 &#8211; ESF \/ Ana Pinto de Almeida;<br>9 &#8211; Fundo Cemei C\u00e1ssio Barsante \/ Ana Pinto de Almeida;<br>10 &#8211; Cemei Professora Rom\u00e1lia Porf\u00edrio de Azevedo Leite \/ Max Neumann.<br><br><br><strong>17 DE SETEMBRO (domingo \/ 8h \u00e0s 13h)<\/strong><br><br>1 &#8211; Feira \/ P\u00e3o de A\u00e7\u00facar;<br>2 &#8211; Feira Radialista Silmar Borges \/ Urciano Lemos;<br>3 &#8211; Barreiro (em frente \u00e0 igreja);<br>4 &#8211; Pra\u00e7a da Rua Ant\u00f4nio de Freitas (atr\u00e1s do aeroporto).<br><br><strong>PONTO FIXO<\/strong><br><br>&#8211; Gin\u00e1sio do bairro Santa Luzia &#8211; avenida Jo\u00e3o Paulo II, n\u00ba 1.045.A Campanha de Vacina\u00e7\u00e3o Antirr\u00e1bica Animal na Zona Urbana inicia na pr\u00f3xima segunda-feira (11) e vai at\u00e9 o dia 17 de setembro. De acordo com a Vigil\u00e2ncia em Sa\u00fade da Prefeitura de Arax\u00e1, a meta \u00e9 vacinar 16.000 animais entre c\u00e3es e gatos em todas as etapas.<br><br>A popula\u00e7\u00e3o vai contar com cronograma itinerante em diversos pontos da cidade durante os per\u00edodos da manh\u00e3 e tarde, al\u00e9m do Posto Fixo no Gin\u00e1sio do bairro Santa Luzia &#8211; avenida Jo\u00e3o Paulo II, n\u00ba 1.045.<br><br>A primeira fase da campanha foi realizada na Zona Rural, em agosto, com a imuniza\u00e7\u00e3o de 3.400 animais.<br><br>O agente da Vigil\u00e2ncia Ambiental, Fabr\u00edcio de \u00c1vila, explica que para receber o imunizante o animal deve ter mais de 3 meses de vida e estar em boas condi\u00e7\u00f5es de sa\u00fade. Ele acrescenta que n\u00e3o h\u00e1 contraindica\u00e7\u00f5es para a vacina\u00e7\u00e3o de animais lactantes, pu\u00e9rperas ou gestantes.<br><br>\u201c\u00c9 importante tamb\u00e9m ressaltar que os animais que v\u00e3o receber dose no primeiro ano de vida devem tomar a dose de refor\u00e7o ap\u00f3s 30 dias da aplica\u00e7\u00e3o da primeira dose\u201d, completa.<br><strong><br>Sobre a raiva<\/strong><br><br>A raiva \u00e9 uma doen\u00e7a que mata, tanto o animal quanto o ser humano, e n\u00e3o tem cura. A melhor maneira de prevenir \u00e9 a vacina. A doen\u00e7a \u00e9 transmitida principalmente por mordidas, al\u00e9m de arranh\u00f5es, unhadas ou lambidas de animais doentes. A vacina\u00e7\u00e3o do c\u00e3o e gato ocorre anualmente e \u00e9 de suma import\u00e2ncia para que o animal n\u00e3o contraia a doen\u00e7a.<br><br><strong>CRONOGRAMA VACINA\u00c7\u00c3O ANTIRR\u00c1BICA &#8211; ZONA URBANA<\/strong><br><br><strong>11 DE SETEMBRO<\/strong><br><br>1 &#8211; Riviera do Lago \/ portaria (manh\u00e3) 8h \u00e0s 12h; estande de vendas Veredas do Belvedere (tarde) 13h \u00e0s 17h;<br>2 &#8211; Pra\u00e7a do Senac \/ Vila Fertiza;<br>3 &#8211; Escola Estadual Lia Salgado \/ Vila Silv\u00e9ria;<br>4 &#8211; Unisul \/ Vila Silv\u00e9ria;<br>5 &#8211; Campo AEF \/ Dona Beja;<br>6 &#8211; Pra\u00e7a da Lavanderia \/ \u00c1rea 2 (manh\u00e3); rua das Palmeiras, 145 \/ Parque das Flores (tarde);<br>7 &#8211; Igreja \/ Padre Alaor;<br>8 &#8211; Mercearia do Branco \/ Guilhermina Vieira Chaer;<br>9 &#8211; Unisse \/ Santa Terezinha.<br><br><strong>12 DE SETEMBRO<\/strong><br><br>1 &#8211; Pra\u00e7a da \u00c1rea 3 \/ Jardim das Primaveras;<br>2 &#8211; N\u00facleo de Conviv\u00eancia \/ Santo Ant\u00f4nio;<br>3 &#8211; ESF \/ Vila Est\u00e2ncia;<br>4 &#8211; CAPS Maria Pirola \/ Santo Ant\u00f4nio;<br>5 &#8211; Unileste \/ Santo Ant\u00f4nio;<br>6 &#8211; Escola Polivalente \/ Santo Ant\u00f4nio;<br>7 &#8211; Unicentro \/ Vila Guimar\u00e3es;<br>8 &#8211; Supermercado Dois Irm\u00e3os \/ Mangabeiras;<br>9 &#8211; Campo Trianon \/ Mangabeiras.<br><br><br><strong>13 DE SETEMBRO<\/strong><br><br>1 &#8211; Pra\u00e7a da Santa Casa \/ Vila Guimar\u00e3es;<br>2 &#8211; Antigo Postinho \/ Jo\u00e3o Ribeiro;<br>3 &#8211; Posto Ipiranga \/ Av. Jo\u00e3o Paulo II;<br>4 &#8211; Pra\u00e7a Governador Valadares \/ Centro;<br>5 &#8211; Pra\u00e7a Elias Leime \/ Em frente ao A\u00e7ougue do Dico;<br>6 &#8211; Gin\u00e1sio Oscar Lino \/ Vila S\u00e3o Pedro;<br>7 &#8211; Pra\u00e7a Jos\u00e9 Herm\u00f3genes \/ S\u00e3o Vicente;<br>8 &#8211; Centro de Refer\u00eancia da Cultura Negra \/ Santa Rita;<br>9 &#8211; Capela da Filomena\/ Bela Vista.<br><br><strong>14 DE SETEMBRO<br><\/strong><br>1 &#8211; Escola Aziz J. Chaer \/ Orozino Teixeira;<br>2 &#8211; Uninordeste \/ Ana Ant\u00f4nia;<br>3 &#8211; Mercearia Gomes \/ Jardim das Oliveiras;<br>4 &#8211; Cemei Vicente Pereira da Silva \/ Villa Mayor;<br>5 &#8211; ESF \/ P\u00e3o de A\u00e7\u00facar;<br>6 &#8211; Cemei Profa. Francisca Querina Martins de Oliveira \/ P\u00e3o de A\u00e7\u00facar 3;<br>7 &#8211; Cemei Querobina Gomes Borges \/ P\u00e3o de A\u00e7\u00facar 4;<br>8 &#8211; Canil Municipal \/ Novo Horizonte;<br>9 &#8211; Mercearia do Izaias \/ Domingos Zema.<br><strong><br>15 DE SETEMBRO<\/strong><br><br>1 &#8211; N\u00facleo de Conviv\u00eancia \/ Leblon;<br>2 &#8211; Pra\u00e7a Cemei Anita Mesquita \/ S\u00e3o Geraldo;<br>3 &#8211; Unisa \/ S\u00e3o Geraldo;<br>4 &#8211; Igreja Nossa Senhora Aparecida \/ Alvorada;<br>5 &#8211; \u00c1rea em frente ao Cemei Bal\u00e3o M\u00e1gico \/ Alvorada;<br>6 &#8211; Unioeste \/ Boa Vista;<br>7 &#8211; N\u00facleo de Conviv\u00eancia \/ Boa Vista;<br>8 &#8211; Pra\u00e7a da \u00c1rvore de \u00d3leo \/ Boa Vista;<br>9 &#8211; Padaria UAI Del\u00edcia \/ Camu\u00e1 &#8211; Fen\u00edcia.<br><br><strong>16 DE SETEMBRO<\/strong><br><br>1 &#8211; Igreja Presbiteriana Cepac \/ Aboli\u00e7\u00e3o &#8211; S. Francisco;<br>2 &#8211; N\u00facleo de Conviv\u00eancia \/ Aboli\u00e7\u00e3o &#8211; S. Francisco;<br>3 &#8211; N\u00facleo de Conviv\u00eancia \/ Bom Jesus;<br>4 &#8211; Uninorte \/ Urciano Lemos;<br>5 &#8211; Ponto de \u00f4nibus Parque do Cristo \/ Urciano Lemos;<br>6 &#8211; Cemei Concei\u00e7\u00e3o Velasco \/ Francisco Duarte;<br>7 &#8211; ESF \/ Tiradentes;<br>8 &#8211; ESF \/ Ana Pinto de Almeida;<br>9 &#8211; Fundo Cemei C\u00e1ssio Barsante \/ Ana Pinto de Almeida;<br>10 &#8211; Cemei Professora Rom\u00e1lia Porf\u00edrio de Azevedo Leite \/ Max Neumann.<br><br><br><strong>17 DE SETEMBRO (domingo \/ 8h \u00e0s 13h)<\/strong><br><br>1 &#8211; Feira \/ P\u00e3o de A\u00e7\u00facar;<br>2 &#8211; Feira Radialista Silmar Borges \/ Urciano Lemos;<br>3 &#8211; Barreiro (em frente \u00e0 igreja);<br>4 &#8211; Pra\u00e7a da Rua Ant\u00f4nio de Freitas (atr\u00e1s do aeroporto).<br><br><strong>PONTO FIXO<\/strong><br><br>&#8211; Gin\u00e1sio do bairro Santa Luzia &#8211; avenida Jo\u00e3o Paulo II, n\u00ba 1.045.<\/p>\n","protected":false},"excerpt":{"rendered":"<p>A Campanha de Vacina\u00e7\u00e3o Antirr\u00e1bica Animal na Zona Urbana inicia na pr\u00f3xima segunda-feira (11) e vai at\u00e9 o dia 17<\/p>\n","protected":false},"author":2,"featured_media":6182,"comment_status":"open","ping_status":"open","sticky":false,"template":"","format":"standard","meta":{"footnotes":""},"categories":[9,11,29],"tags":[],"class_list":["post-6181","post","type-post","status-publish","format-standard","has-post-thumbnail","hentry","category-araxa","category-destaques","category-saude"],"_links":{"self":[{"href":"http:\/\/blogdoarmindomaia.com.br\/index.php?rest_route=\/wp\/v2\/posts\/6181","targetHints":{"allow":["GET"]}}],"collection":[{"href":"http:\/\/blogdoarmindomaia.com.br\/index.php?rest_route=\/wp\/v2\/posts"}],"about":[{"href":"http:\/\/blogdoarmindomaia.com.br\/index.php?rest_route=\/wp\/v2\/types\/post"}],"author":[{"embeddable":true,"href":"http:\/\/blogdoarmindomaia.com.br\/index.php?rest_route=\/wp\/v2\/users\/2"}],"replies":[{"embeddable":true,"href":"http:\/\/blogdoarmindomaia.com.br\/index.php?rest_route=%2Fwp%2Fv2%2Fcomments&post=6181"}],"version-history":[{"count":1,"href":"http:\/\/blogdoarmindomaia.com.br\/index.php?rest_route=\/wp\/v2\/posts\/6181\/revisions"}],"predecessor-version":[{"id":6183,"href":"http:\/\/blogdoarmindomaia.com.br\/index.php?rest_route=\/wp\/v2\/posts\/6181\/revisions\/6183"}],"wp:featuredmedia":[{"embeddable":true,"href":"http:\/\/blogdoarmindomaia.com.br\/index.php?rest_route=\/wp\/v2\/media\/6182"}],"wp:attachment":[{"href":"http:\/\/blogdoarmindomaia.com.br\/index.php?rest_route=%2Fwp%2Fv2%2Fmedia&parent=6181"}],"wp:term":[{"taxonomy":"category","embeddable":true,"href":"http:\/\/blogdoarmindomaia.com.br\/index.php?rest_route=%2Fwp%2Fv2%2Fcategories&post=6181"},{"taxonomy":"post_tag","embeddable":true,"href":"http:\/\/blogdoarmindomaia.com.br\/index.php?rest_route=%2Fwp%2Fv2%2Ftags&post=6181"}],"curies":[{"name":"wp","href":"https:\/\/api.w.org\/{rel}","templated":true}]}}