{"id":6188,"date":"2023-09-11T14:24:15","date_gmt":"2023-09-11T17:24:15","guid":{"rendered":"http:\/\/blogdoarmindomaia.com.br\/?p=6188"},"modified":"2023-09-11T14:24:18","modified_gmt":"2023-09-11T17:24:18","slug":"setembro-amarelo-pela-valorizacao-da-vida","status":"publish","type":"post","link":"http:\/\/blogdoarmindomaia.com.br\/?p=6188","title":{"rendered":"Setembro amarelo: Pela valoriza\u00e7\u00e3o da vida"},"content":{"rendered":"\n<figure class=\"wp-block-image size-full is-style-default\"><img loading=\"lazy\" decoding=\"async\" width=\"840\" height=\"590\" src=\"http:\/\/blogdoarmindomaia.com.br\/wp-content\/uploads\/2023\/09\/Setembro-amarelo-Pela-valorizacao-da-vida-pag-04.jpg\" alt=\"\" class=\"wp-image-6189\" srcset=\"http:\/\/blogdoarmindomaia.com.br\/wp-content\/uploads\/2023\/09\/Setembro-amarelo-Pela-valorizacao-da-vida-pag-04.jpg 840w, http:\/\/blogdoarmindomaia.com.br\/wp-content\/uploads\/2023\/09\/Setembro-amarelo-Pela-valorizacao-da-vida-pag-04-300x211.jpg 300w, http:\/\/blogdoarmindomaia.com.br\/wp-content\/uploads\/2023\/09\/Setembro-amarelo-Pela-valorizacao-da-vida-pag-04-768x539.jpg 768w, http:\/\/blogdoarmindomaia.com.br\/wp-content\/uploads\/2023\/09\/Setembro-amarelo-Pela-valorizacao-da-vida-pag-04-130x90.jpg 130w\" sizes=\"auto, (max-width: 840px) 100vw, 840px\" \/><\/figure>\n\n\n\n<p>Cuidados com a sa\u00fade f\u00edsica, busca por apoio e equil\u00edbrio emocional, bom planejamento do cart\u00e3o de vacina, alimenta\u00e7\u00e3o saud\u00e1vel e pr\u00e1tica de atividade f\u00edsica. Essas s\u00e3o quest\u00f5es apontadas pelos \u00f3rg\u00e3os oficiais como h\u00e1bitos necess\u00e1rios para a garantia da boa sa\u00fade. Neste m\u00eas, quando \u00e9 lembrada a campanha \u201cSetembro amarelo\u201d, onde deve haver uma reflex\u00e3o sobre a garantia da vida.<\/p>\n\n\n\n<p><strong>Campanha nacional<\/strong><\/p>\n\n\n\n<p>O Setembro Amarelo marca a campanha de conscientiza\u00e7\u00e3o sobre a preven\u00e7\u00e3o do suic\u00eddio. Durante todo o m\u00eas, a iniciativa tem como objetivo chamar a aten\u00e7\u00e3o para a import\u00e2ncia de discutir e promover a\u00e7\u00f5es a respeito do suic\u00eddio.<\/p>\n\n\n\n<p>De acordo com a Associa\u00e7\u00e3o Brasileira de Psiquiatria (ABP), desde 2014, em parceria com o Conselho Federal de Medicina (CFM), o Brasil promove essa campanha de conscientizar a sociedade e fomentar com informa\u00e7\u00f5es relacionadas \u00e0 preven\u00e7\u00e3o do suic\u00eddio no Pa\u00eds.<\/p>\n\n\n\n<p>Nesse sentido, em sua nona edi\u00e7\u00e3o, o tema \u00e9 \u201cSe precisar, pe\u00e7a ajuda!\u201d. Vale ressaltar que a campanha \u00e9 desenvolvida durante todo o m\u00eas de setembro, mas o Dia Mundial de Preven\u00e7\u00e3o ao Suic\u00eddio \u00e9 celebrado no dia 10\/09 e endossado pela Organiza\u00e7\u00e3o Mundial da Sa\u00fade (OMS).<\/p>\n\n\n\n<p><strong>A sua vida deve estar, sempre, em primeiro lugar.<\/strong><\/p>\n\n\n\n<p>Para as pessoas que querem e precisam conversar, o&nbsp;Centro de Valoriza\u00e7\u00e3o da Vida (CVV)&nbsp;realiza apoio emocional e preven\u00e7\u00e3o do suic\u00eddio, por meio do telefone:&nbsp;188,&nbsp;chat&nbsp;ou&nbsp;e-mail.<\/p>\n\n\n\n<p>Saiba mais sobre o assunto na cartilha informando para prevenir. Clique aqui:&nbsp;<a href=\"http:\/\/www.flip3d.com.br\/web\/pub\/cfm\/index9\/?numero=14\">http:\/\/www.flip3d.com.br\/web\/pub\/cfm\/index9\/?numero=14<\/a><\/p>\n\n\n\n<p><strong>Setembro amarelo: Pela valoriza\u00e7\u00e3o da vida<\/strong><\/p>\n","protected":false},"excerpt":{"rendered":"<p>Cuidados com a sa\u00fade f\u00edsica, busca por apoio e equil\u00edbrio emocional, bom planejamento do cart\u00e3o de vacina, alimenta\u00e7\u00e3o saud\u00e1vel e<\/p>\n","protected":false},"author":2,"featured_media":6189,"comment_status":"open","ping_status":"open","sticky":false,"template":"","format":"standard","meta":{"footnotes":""},"categories":[9,11],"tags":[],"class_list":["post-6188","post","type-post","status-publish","format-standard","has-post-thumbnail","hentry","category-araxa","category-destaques"],"_links":{"self":[{"href":"http:\/\/blogdoarmindomaia.com.br\/index.php?rest_route=\/wp\/v2\/posts\/6188","targetHints":{"allow":["GET"]}}],"collection":[{"href":"http:\/\/blogdoarmindomaia.com.br\/index.php?rest_route=\/wp\/v2\/posts"}],"about":[{"href":"http:\/\/blogdoarmindomaia.com.br\/index.php?rest_route=\/wp\/v2\/types\/post"}],"author":[{"embeddable":true,"href":"http:\/\/blogdoarmindomaia.com.br\/index.php?rest_route=\/wp\/v2\/users\/2"}],"replies":[{"embeddable":true,"href":"http:\/\/blogdoarmindomaia.com.br\/index.php?rest_route=%2Fwp%2Fv2%2Fcomments&post=6188"}],"version-history":[{"count":1,"href":"http:\/\/blogdoarmindomaia.com.br\/index.php?rest_route=\/wp\/v2\/posts\/6188\/revisions"}],"predecessor-version":[{"id":6190,"href":"http:\/\/blogdoarmindomaia.com.br\/index.php?rest_route=\/wp\/v2\/posts\/6188\/revisions\/6190"}],"wp:featuredmedia":[{"embeddable":true,"href":"http:\/\/blogdoarmindomaia.com.br\/index.php?rest_route=\/wp\/v2\/media\/6189"}],"wp:attachment":[{"href":"http:\/\/blogdoarmindomaia.com.br\/index.php?rest_route=%2Fwp%2Fv2%2Fmedia&parent=6188"}],"wp:term":[{"taxonomy":"category","embeddable":true,"href":"http:\/\/blogdoarmindomaia.com.br\/index.php?rest_route=%2Fwp%2Fv2%2Fcategories&post=6188"},{"taxonomy":"post_tag","embeddable":true,"href":"http:\/\/blogdoarmindomaia.com.br\/index.php?rest_route=%2Fwp%2Fv2%2Ftags&post=6188"}],"curies":[{"name":"wp","href":"https:\/\/api.w.org\/{rel}","templated":true}]}}