{"id":6191,"date":"2023-09-11T14:29:19","date_gmt":"2023-09-11T17:29:19","guid":{"rendered":"http:\/\/blogdoarmindomaia.com.br\/?p=6191"},"modified":"2023-09-11T14:29:22","modified_gmt":"2023-09-11T17:29:22","slug":"raphael-rios-propoe-legislacao-para-valorizar-o-trabalho-dos-agentes-de-saude-e-de-combate-as-endemias","status":"publish","type":"post","link":"http:\/\/blogdoarmindomaia.com.br\/?p=6191","title":{"rendered":"Raphael Rios prop\u00f5e legisla\u00e7\u00e3o para valorizar o trabalho dos Agentes de Sa\u00fade e de Combate \u00e0s Endemias"},"content":{"rendered":"\n<figure class=\"wp-block-image size-large is-style-default\"><img loading=\"lazy\" decoding=\"async\" width=\"1024\" height=\"683\" src=\"http:\/\/blogdoarmindomaia.com.br\/wp-content\/uploads\/2023\/09\/raphaelrios050923_1-1024x683.jpg\" alt=\"\" class=\"wp-image-6192\" srcset=\"http:\/\/blogdoarmindomaia.com.br\/wp-content\/uploads\/2023\/09\/raphaelrios050923_1-1024x683.jpg 1024w, http:\/\/blogdoarmindomaia.com.br\/wp-content\/uploads\/2023\/09\/raphaelrios050923_1-300x200.jpg 300w, http:\/\/blogdoarmindomaia.com.br\/wp-content\/uploads\/2023\/09\/raphaelrios050923_1-768x512.jpg 768w, http:\/\/blogdoarmindomaia.com.br\/wp-content\/uploads\/2023\/09\/raphaelrios050923_1-1536x1024.jpg 1536w, http:\/\/blogdoarmindomaia.com.br\/wp-content\/uploads\/2023\/09\/raphaelrios050923_1.jpg 1920w\" sizes=\"auto, (max-width: 1024px) 100vw, 1024px\" \/><\/figure>\n\n\n\n<p>Uma homenagem aos profissionais que trabalham fa\u00e7a chuva ou fa\u00e7a sol e s\u00e3o fundamentais na aten\u00e7\u00e3o prim\u00e1ria da sa\u00fade. O vereador Raphael Rios apresentou durante a Reuni\u00e3o Ordin\u00e1ria, um projeto de lei que institui o Dia Municipal dos Agentes Comunit\u00e1rios de Sa\u00fade e dos Agentes de Combate \u00e0s Endemias, a ser comemorado anualmente no dia 4 de outubro.<\/p>\n\n\n\n<p>O Plen\u00e1rio da C\u00e2mara Municipal estava lotado de agentes e Raphael explicou a fun\u00e7\u00e3o de cada um deles, na engrenagem da sa\u00fade prim\u00e1ria. \u201cS\u00e3o eles que est\u00e3o mais pr\u00f3ximos dos problemas que afetam a comunidade da qual s\u00e3o refer\u00eancia, dando suporte especialmente ao Programa Estrat\u00e9gia Sa\u00fade da Fam\u00edlia (ESF) e ao Setor de Vigil\u00e2ncia em Sa\u00fade.\u201d<\/p>\n\n\n\n<p>Arax\u00e1 conta com 107 Agentes Comunit\u00e1rios de Sa\u00fade, que se destacam pela capacidade de comunica\u00e7\u00e3o com as pessoas e pela lideran\u00e7a natural que exercem, contribuindo para a melhoria da qualidade de vida das fam\u00edlias, tendo como foco as atividades educativas e preventivas em sa\u00fade.<\/p>\n\n\n\n<p>Os 105 profissionais que comp\u00f5em o quadro de Agentes Comunit\u00e1rios de Combate \u00e0s Endemias t\u00eam o foco do seu trabalho fora da unidade de sa\u00fade, com visitas domiciliares, terrenos baldios e estabelecimentos comerciais para buscar focos end\u00eamicos e prevenir e controlar doen\u00e7as como dengue, mal\u00e1ria, leishmaniose e doen\u00e7a de Chagas; controle de roedores e preven\u00e7\u00e3o de acidentes por cobras, escorpi\u00f5es e aranhas; a\u00e7\u00f5es de preven\u00e7\u00e3o e controle da raiva, com a vacina\u00e7\u00e3o de c\u00e3es e gatos.<\/p>\n\n\n\n<p>\u200b<\/p>\n\n\n\n<p>\u201cProfissionais comprometidos com a promo\u00e7\u00e3o e preven\u00e7\u00e3o em sa\u00fade, que trabalham no sol ou na chuva e cumprem com seriedade a miss\u00e3o de atender os problemas da comunidade e s\u00e3o o elo entre as fam\u00edlias e a unidade de sa\u00fade\u201d, completa.<\/p>\n","protected":false},"excerpt":{"rendered":"<p>Uma homenagem aos profissionais que trabalham fa\u00e7a chuva ou fa\u00e7a sol e s\u00e3o fundamentais na aten\u00e7\u00e3o prim\u00e1ria da sa\u00fade. O<\/p>\n","protected":false},"author":2,"featured_media":6192,"comment_status":"open","ping_status":"open","sticky":false,"template":"","format":"standard","meta":{"footnotes":""},"categories":[9,11],"tags":[],"class_list":["post-6191","post","type-post","status-publish","format-standard","has-post-thumbnail","hentry","category-araxa","category-destaques"],"_links":{"self":[{"href":"http:\/\/blogdoarmindomaia.com.br\/index.php?rest_route=\/wp\/v2\/posts\/6191","targetHints":{"allow":["GET"]}}],"collection":[{"href":"http:\/\/blogdoarmindomaia.com.br\/index.php?rest_route=\/wp\/v2\/posts"}],"about":[{"href":"http:\/\/blogdoarmindomaia.com.br\/index.php?rest_route=\/wp\/v2\/types\/post"}],"author":[{"embeddable":true,"href":"http:\/\/blogdoarmindomaia.com.br\/index.php?rest_route=\/wp\/v2\/users\/2"}],"replies":[{"embeddable":true,"href":"http:\/\/blogdoarmindomaia.com.br\/index.php?rest_route=%2Fwp%2Fv2%2Fcomments&post=6191"}],"version-history":[{"count":1,"href":"http:\/\/blogdoarmindomaia.com.br\/index.php?rest_route=\/wp\/v2\/posts\/6191\/revisions"}],"predecessor-version":[{"id":6193,"href":"http:\/\/blogdoarmindomaia.com.br\/index.php?rest_route=\/wp\/v2\/posts\/6191\/revisions\/6193"}],"wp:featuredmedia":[{"embeddable":true,"href":"http:\/\/blogdoarmindomaia.com.br\/index.php?rest_route=\/wp\/v2\/media\/6192"}],"wp:attachment":[{"href":"http:\/\/blogdoarmindomaia.com.br\/index.php?rest_route=%2Fwp%2Fv2%2Fmedia&parent=6191"}],"wp:term":[{"taxonomy":"category","embeddable":true,"href":"http:\/\/blogdoarmindomaia.com.br\/index.php?rest_route=%2Fwp%2Fv2%2Fcategories&post=6191"},{"taxonomy":"post_tag","embeddable":true,"href":"http:\/\/blogdoarmindomaia.com.br\/index.php?rest_route=%2Fwp%2Fv2%2Ftags&post=6191"}],"curies":[{"name":"wp","href":"https:\/\/api.w.org\/{rel}","templated":true}]}}