{"id":6194,"date":"2023-09-11T14:35:58","date_gmt":"2023-09-11T17:35:58","guid":{"rendered":"http:\/\/blogdoarmindomaia.com.br\/?p=6194"},"modified":"2023-09-11T14:36:04","modified_gmt":"2023-09-11T17:36:04","slug":"orquestra-filarmonica-de-mg-atrai-mais-de-2-000-pessoas-em-araxa","status":"publish","type":"post","link":"http:\/\/blogdoarmindomaia.com.br\/?p=6194","title":{"rendered":"Orquestra Filarm\u00f4nica de MG atrai mais de 2.000 pessoas em Arax\u00e1"},"content":{"rendered":"\n<figure class=\"wp-block-image size-full is-style-default\"><img loading=\"lazy\" decoding=\"async\" width=\"1024\" height=\"683\" src=\"http:\/\/blogdoarmindomaia.com.br\/wp-content\/uploads\/2023\/09\/Orquestra-Filarmonica-3.jpeg\" alt=\"\" class=\"wp-image-6195\" srcset=\"http:\/\/blogdoarmindomaia.com.br\/wp-content\/uploads\/2023\/09\/Orquestra-Filarmonica-3.jpeg 1024w, http:\/\/blogdoarmindomaia.com.br\/wp-content\/uploads\/2023\/09\/Orquestra-Filarmonica-3-300x200.jpeg 300w, http:\/\/blogdoarmindomaia.com.br\/wp-content\/uploads\/2023\/09\/Orquestra-Filarmonica-3-768x512.jpeg 768w\" sizes=\"auto, (max-width: 1024px) 100vw, 1024px\" \/><\/figure>\n\n\n\n<figure class=\"wp-block-image size-full is-style-default\"><img loading=\"lazy\" decoding=\"async\" width=\"1024\" height=\"683\" src=\"http:\/\/blogdoarmindomaia.com.br\/wp-content\/uploads\/2023\/09\/Orquestra-Filarmonica-de-MG-atrai-mais-de-2.000-pessoas-em-Araxa-pag-05.jpeg\" alt=\"\" class=\"wp-image-6196\" srcset=\"http:\/\/blogdoarmindomaia.com.br\/wp-content\/uploads\/2023\/09\/Orquestra-Filarmonica-de-MG-atrai-mais-de-2.000-pessoas-em-Araxa-pag-05.jpeg 1024w, http:\/\/blogdoarmindomaia.com.br\/wp-content\/uploads\/2023\/09\/Orquestra-Filarmonica-de-MG-atrai-mais-de-2.000-pessoas-em-Araxa-pag-05-300x200.jpeg 300w, http:\/\/blogdoarmindomaia.com.br\/wp-content\/uploads\/2023\/09\/Orquestra-Filarmonica-de-MG-atrai-mais-de-2.000-pessoas-em-Araxa-pag-05-768x512.jpeg 768w\" sizes=\"auto, (max-width: 1024px) 100vw, 1024px\" \/><\/figure>\n\n\n\n<p>O som e a sutileza da m\u00fasica cl\u00e1ssica foram respons\u00e1veis por garantir uma grande presen\u00e7a de p\u00fablico no p\u00e1tio da Funda\u00e7\u00e3o Cultural Calmon Barreto (FCCB), para apresenta\u00e7\u00e3o da Orquestra Filarm\u00f4nica de Minas Gerais na \u00faltima quinta-feira (7). Mais de 2.000 pessoas acompanharam a passagem da Filarm\u00f4nica por Arax\u00e1.<br><br>A orquestra trouxe para a cidade repert\u00f3rios com a mistura de grandes cl\u00e1ssicos da m\u00fasica de orquestra e obras do universo popular adaptadas para o estilo musical. O maestro Jos\u00e9 Soares destaca a receptividade do p\u00fablico de 1.500 pessoas presentes na apresenta\u00e7\u00e3o principal.<br><br>\u201cA m\u00fasica de orquestra \u00e9 muito mais comum no dia a dia do que imaginamos. Quando as pessoas entram neste universo, elas se habituam. Geralmente escutamos uma m\u00fasica popular em um volume e ritmo espec\u00edfico. Mas a m\u00fasica cl\u00e1ssica \u00e9 diferente. Ela tem uma outra roupagem, nos permite escutar sons de diferentes intensidades e traz varia\u00e7\u00f5es que quanto mais as pessoas v\u00e3o conhecendo e descobrindo, mais elas se encantam\u201d, avalia.<br><br>A professora Michele Matias compareceu ao concerto com o marido e os dois filhos, e fala como foi prestigiar o evento. \u201cQuando soube que a Filarm\u00f4nica estaria em Arax\u00e1, decidi que viria com toda a fam\u00edlia. Eu amei cada detalhe do concerto\u201d, diz.<br><br><strong>Palestras e concerto did\u00e1tico<\/strong><br><br>Em uma carga hor\u00e1ria de 6 horas, dividida entre os dias 5 e 6 de setembro, musicistas da Filarm\u00f4nica promoveram a 50 m\u00fasicos de Arax\u00e1 um interc\u00e2mbio cultural com quatro palestras, com temas voltados ao ensino da m\u00fasica, desde o estilo cl\u00e1ssico ao erudito.<br><br>J\u00e1 na tarde de quarta-feira (6), o Centro Cultural Uniarax\u00e1 recebeu um concerto did\u00e1tico exclusivamente voltado para 500 alunos do 1\u00ba ao 6\u00b0 ano da cidade. Participaram estudantes da Escola Municipal de Aplica\u00e7\u00e3o, Cemei Bal\u00e3o M\u00e1gico, Escola Estadual Armando Santos e Escola Estadual Professor Luiz Ant\u00f4nio Corr\u00eaa de Oliveira (Polivalente).<br><br><strong>Inspira\u00e7\u00e3o<\/strong><br><br>A aluna Andressa Naiara dos Santos da Silva, de 8 anos, ressalta a experi\u00eancia de ver uma apresenta\u00e7\u00e3o de orquestra pela primeira vez. \u201cEu adorei ver a orquestra e quero muito estudar m\u00fasica. Gostei muito de ver v\u00e1rios instrumentos e conhecer o som de cada um\u201d, conta.<br><br>A apresenta\u00e7\u00e3o da Orquestra Filarm\u00f4nica de Minas Gerais em Arax\u00e1 teve a parceria da Prefeitura de Arax\u00e1 e da Funda\u00e7\u00e3o Cultural Calmon Barreto. O projeto \u00e9 apresentado pelo Minist\u00e9rio da Cultura, Governo de Minas Gerais e CBMM. A realiza\u00e7\u00e3o \u00e9 do Instituto Cultural Filarm\u00f4nica, Secretaria Estadual de Cultura e Turismo de MG, Governo de Minas Gerais, Minist\u00e9rio da Cultura e Governo Federal.<br>O som e a sutileza da m\u00fasica cl\u00e1ssica foram respons\u00e1veis por garantir uma grande presen\u00e7a de p\u00fablico no p\u00e1tio da Funda\u00e7\u00e3o Cultural Calmon Barreto (FCCB), para apresenta\u00e7\u00e3o da Orquestra Filarm\u00f4nica de Minas Gerais na \u00faltima quinta-feira (7). Mais de 2.000 pessoas acompanharam a passagem da Filarm\u00f4nica por Arax\u00e1.<br><br>A orquestra trouxe para a cidade repert\u00f3rios com a mistura de grandes cl\u00e1ssicos da m\u00fasica de orquestra e obras do universo popular adaptadas para o estilo musical. O maestro Jos\u00e9 Soares destaca a receptividade do p\u00fablico de 1.500 pessoas presentes na apresenta\u00e7\u00e3o principal.<br><br>\u201cA m\u00fasica de orquestra \u00e9 muito mais comum no dia a dia do que imaginamos. Quando as pessoas entram neste universo, elas se habituam. Geralmente escutamos uma m\u00fasica popular em um volume e ritmo espec\u00edfico. Mas a m\u00fasica cl\u00e1ssica \u00e9 diferente. Ela tem uma outra roupagem, nos permite escutar sons de diferentes intensidades e traz varia\u00e7\u00f5es que quanto mais as pessoas v\u00e3o conhecendo e descobrindo, mais elas se encantam\u201d, avalia.<br><br>A professora Michele Matias compareceu ao concerto com o marido e os dois filhos, e fala como foi prestigiar o evento. \u201cQuando soube que a Filarm\u00f4nica estaria em Arax\u00e1, decidi que viria com toda a fam\u00edlia. Eu amei cada detalhe do concerto\u201d, diz.<br><br><strong>Palestras e concerto did\u00e1tico<\/strong><br><br>Em uma carga hor\u00e1ria de 6 horas, dividida entre os dias 5 e 6 de setembro, musicistas da Filarm\u00f4nica promoveram a 50 m\u00fasicos de Arax\u00e1 um interc\u00e2mbio cultural com quatro palestras, com temas voltados ao ensino da m\u00fasica, desde o estilo cl\u00e1ssico ao erudito.<br><br>J\u00e1 na tarde de quarta-feira (6), o Centro Cultural Uniarax\u00e1 recebeu um concerto did\u00e1tico exclusivamente voltado para 500 alunos do 1\u00ba ao 6\u00b0 ano da cidade. Participaram estudantes da Escola Municipal de Aplica\u00e7\u00e3o, Cemei Bal\u00e3o M\u00e1gico, Escola Estadual Armando Santos e Escola Estadual Professor Luiz Ant\u00f4nio Corr\u00eaa de Oliveira (Polivalente).<br><br><strong>Inspira\u00e7\u00e3o<\/strong><br><br>A aluna Andressa Naiara dos Santos da Silva, de 8 anos, ressalta a experi\u00eancia de ver uma apresenta\u00e7\u00e3o de orquestra pela primeira vez. \u201cEu adorei ver a orquestra e quero muito estudar m\u00fasica. Gostei muito de ver v\u00e1rios instrumentos e conhecer o som de cada um\u201d, conta.<br><br>A apresenta\u00e7\u00e3o da Orquestra Filarm\u00f4nica de Minas Gerais em Arax\u00e1 teve a parceria da Prefeitura de Arax\u00e1 e da Funda\u00e7\u00e3o Cultural Calmon Barreto. O projeto \u00e9 apresentado pelo Minist\u00e9rio da Cultura, Governo de Minas Gerais e CBMM. A realiza\u00e7\u00e3o \u00e9 do Instituto Cultural Filarm\u00f4nica, Secretaria Estadual de Cultura e Turismo de MG, Governo de Minas Gerais, Minist\u00e9rio da Cultura e Governo Federal.<br><\/p>\n","protected":false},"excerpt":{"rendered":"<p>O som e a sutileza da m\u00fasica cl\u00e1ssica foram respons\u00e1veis por garantir uma grande presen\u00e7a de p\u00fablico no p\u00e1tio da<\/p>\n","protected":false},"author":2,"featured_media":6195,"comment_status":"open","ping_status":"open","sticky":false,"template":"","format":"standard","meta":{"footnotes":""},"categories":[9,5,11],"tags":[],"class_list":["post-6194","post","type-post","status-publish","format-standard","has-post-thumbnail","hentry","category-araxa","category-arte-e-cultura","category-destaques"],"_links":{"self":[{"href":"http:\/\/blogdoarmindomaia.com.br\/index.php?rest_route=\/wp\/v2\/posts\/6194","targetHints":{"allow":["GET"]}}],"collection":[{"href":"http:\/\/blogdoarmindomaia.com.br\/index.php?rest_route=\/wp\/v2\/posts"}],"about":[{"href":"http:\/\/blogdoarmindomaia.com.br\/index.php?rest_route=\/wp\/v2\/types\/post"}],"author":[{"embeddable":true,"href":"http:\/\/blogdoarmindomaia.com.br\/index.php?rest_route=\/wp\/v2\/users\/2"}],"replies":[{"embeddable":true,"href":"http:\/\/blogdoarmindomaia.com.br\/index.php?rest_route=%2Fwp%2Fv2%2Fcomments&post=6194"}],"version-history":[{"count":1,"href":"http:\/\/blogdoarmindomaia.com.br\/index.php?rest_route=\/wp\/v2\/posts\/6194\/revisions"}],"predecessor-version":[{"id":6197,"href":"http:\/\/blogdoarmindomaia.com.br\/index.php?rest_route=\/wp\/v2\/posts\/6194\/revisions\/6197"}],"wp:featuredmedia":[{"embeddable":true,"href":"http:\/\/blogdoarmindomaia.com.br\/index.php?rest_route=\/wp\/v2\/media\/6195"}],"wp:attachment":[{"href":"http:\/\/blogdoarmindomaia.com.br\/index.php?rest_route=%2Fwp%2Fv2%2Fmedia&parent=6194"}],"wp:term":[{"taxonomy":"category","embeddable":true,"href":"http:\/\/blogdoarmindomaia.com.br\/index.php?rest_route=%2Fwp%2Fv2%2Fcategories&post=6194"},{"taxonomy":"post_tag","embeddable":true,"href":"http:\/\/blogdoarmindomaia.com.br\/index.php?rest_route=%2Fwp%2Fv2%2Ftags&post=6194"}],"curies":[{"name":"wp","href":"https:\/\/api.w.org\/{rel}","templated":true}]}}