{"id":6204,"date":"2023-09-11T15:06:04","date_gmt":"2023-09-11T18:06:04","guid":{"rendered":"http:\/\/blogdoarmindomaia.com.br\/?p=6204"},"modified":"2023-09-11T15:06:10","modified_gmt":"2023-09-11T18:06:10","slug":"servidores-da-fca-de-araxa-recebem-capacitacao-sobre-alimentacao-saudavel","status":"publish","type":"post","link":"http:\/\/blogdoarmindomaia.com.br\/?p=6204","title":{"rendered":"Servidores da FCA de Arax\u00e1 recebem capacita\u00e7\u00e3o sobre alimenta\u00e7\u00e3o saud\u00e1vel"},"content":{"rendered":"\n<figure class=\"wp-block-image size-large is-style-default\"><img loading=\"lazy\" decoding=\"async\" width=\"1024\" height=\"576\" src=\"http:\/\/blogdoarmindomaia.com.br\/wp-content\/uploads\/2023\/09\/Servidores-da-FCA-de-Araxa-recebem-capacitacao-sobre-alimentacao-saudavel-PAG-03-1024x576.jpeg\" alt=\"\" class=\"wp-image-6205\" srcset=\"http:\/\/blogdoarmindomaia.com.br\/wp-content\/uploads\/2023\/09\/Servidores-da-FCA-de-Araxa-recebem-capacitacao-sobre-alimentacao-saudavel-PAG-03-1024x576.jpeg 1024w, http:\/\/blogdoarmindomaia.com.br\/wp-content\/uploads\/2023\/09\/Servidores-da-FCA-de-Araxa-recebem-capacitacao-sobre-alimentacao-saudavel-PAG-03-300x169.jpeg 300w, http:\/\/blogdoarmindomaia.com.br\/wp-content\/uploads\/2023\/09\/Servidores-da-FCA-de-Araxa-recebem-capacitacao-sobre-alimentacao-saudavel-PAG-03-768x432.jpeg 768w, http:\/\/blogdoarmindomaia.com.br\/wp-content\/uploads\/2023\/09\/Servidores-da-FCA-de-Araxa-recebem-capacitacao-sobre-alimentacao-saudavel-PAG-03-1536x864.jpeg 1536w, http:\/\/blogdoarmindomaia.com.br\/wp-content\/uploads\/2023\/09\/Servidores-da-FCA-de-Araxa-recebem-capacitacao-sobre-alimentacao-saudavel-PAG-03.jpeg 1600w\" sizes=\"auto, (max-width: 1024px) 100vw, 1024px\" \/><\/figure>\n\n\n\n<p>Oferecer pratos coloridos e saud\u00e1veis para crian\u00e7as e adolescentes acolhidos pela Casa Lar e Casa Abrigo. A Funda\u00e7\u00e3o da Crian\u00e7a e do Adolescente de Arax\u00e1 (FCAA) promoveu o \u201cTreinamento de boas pr\u00e1ticas de fabrica\u00e7\u00e3o e manipula\u00e7\u00e3o de alimentos\u201d.<br>A capacita\u00e7\u00e3o foi destinada para os servidores que ocupam os cargos de cozinheiro e auxiliar de cozinha, com o objetivo de aperfei\u00e7oar o servi\u00e7o e garantir a qualidade e bem-estar das crian\u00e7as e adolescentes institucionalizados, de acordo com a legisla\u00e7\u00e3o.<br><br>Ministrado pela nutricionista da Secretaria Municipal de Sa\u00fade, Ver\u00f4nica Cardoso, o treinamento abordou temas como manuseio dos alimentos, balanceamento dos nutrientes, higiene adequada e trabalho realizado dentro dos padr\u00f5es da vigil\u00e2ncia sanit\u00e1ria.<br><br>De acordo com a presidente da FCAA, Taciana Almeida, toda a aprendizagem ir\u00e1 refletir diretamente e positivamente na rotina dos acolhidos. &#8220;Esse treinamento realizado em parceria com a Secretaria de Sa\u00fade vai ao encontro do que se prop\u00f5e a FCAA, que \u00e9 prestar um servi\u00e7o de excel\u00eancia \u00e0s crian\u00e7as e adolescentes institucionalizados, oferecendo uma alimenta\u00e7\u00e3o balanceada e nutritiva, contribuindo com o desenvolvimento saud\u00e1vel de cada acolhido &#8220;, conclui.<br><\/p>\n\n\n\n<p>Oferecer pratos coloridos e saud\u00e1veis para crian\u00e7as e adolescentes acolhidos pela Casa Lar e Casa Abrigo. A Funda\u00e7\u00e3o da Crian\u00e7a e do Adolescente de Arax\u00e1 (FCAA) promoveu o \u201cTreinamento de boas pr\u00e1ticas de fabrica\u00e7\u00e3o e manipula\u00e7\u00e3o de alimentos\u201d.<br>A capacita\u00e7\u00e3o foi destinada para os servidores que ocupam os cargos de cozinheiro e auxiliar de cozinha, com o objetivo de aperfei\u00e7oar o servi\u00e7o e garantir a qualidade e bem-estar das crian\u00e7as e adolescentes institucionalizados, de acordo com a legisla\u00e7\u00e3o.<br><br>Ministrado pela nutricionista da Secretaria Municipal de Sa\u00fade, Ver\u00f4nica Cardoso, o treinamento abordou temas como manuseio dos alimentos, balanceamento dos nutrientes, higiene adequada e trabalho realizado dentro dos padr\u00f5es da vigil\u00e2ncia sanit\u00e1ria.<br><br>De acordo com a presidente da FCAA, Taciana Almeida, toda a aprendizagem ir\u00e1 refletir diretamente e positivamente na rotina dos acolhidos. &#8220;Esse treinamento realizado em parceria com a Secretaria de Sa\u00fade vai ao encontro do que se prop\u00f5e a FCAA, que \u00e9 prestar um servi\u00e7o de excel\u00eancia \u00e0s crian\u00e7as e adolescentes institucionalizados, oferecendo uma alimenta\u00e7\u00e3o balanceada e nutritiva, contribuindo com o desenvolvimento saud\u00e1vel de cada acolhido &#8220;, conclui.<br><\/p>\n","protected":false},"excerpt":{"rendered":"<p>Oferecer pratos coloridos e saud\u00e1veis para crian\u00e7as e adolescentes acolhidos pela Casa Lar e Casa Abrigo. A Funda\u00e7\u00e3o da Crian\u00e7a<\/p>\n","protected":false},"author":2,"featured_media":6205,"comment_status":"open","ping_status":"open","sticky":false,"template":"","format":"standard","meta":{"footnotes":""},"categories":[9,11],"tags":[],"class_list":["post-6204","post","type-post","status-publish","format-standard","has-post-thumbnail","hentry","category-araxa","category-destaques"],"_links":{"self":[{"href":"http:\/\/blogdoarmindomaia.com.br\/index.php?rest_route=\/wp\/v2\/posts\/6204","targetHints":{"allow":["GET"]}}],"collection":[{"href":"http:\/\/blogdoarmindomaia.com.br\/index.php?rest_route=\/wp\/v2\/posts"}],"about":[{"href":"http:\/\/blogdoarmindomaia.com.br\/index.php?rest_route=\/wp\/v2\/types\/post"}],"author":[{"embeddable":true,"href":"http:\/\/blogdoarmindomaia.com.br\/index.php?rest_route=\/wp\/v2\/users\/2"}],"replies":[{"embeddable":true,"href":"http:\/\/blogdoarmindomaia.com.br\/index.php?rest_route=%2Fwp%2Fv2%2Fcomments&post=6204"}],"version-history":[{"count":1,"href":"http:\/\/blogdoarmindomaia.com.br\/index.php?rest_route=\/wp\/v2\/posts\/6204\/revisions"}],"predecessor-version":[{"id":6206,"href":"http:\/\/blogdoarmindomaia.com.br\/index.php?rest_route=\/wp\/v2\/posts\/6204\/revisions\/6206"}],"wp:featuredmedia":[{"embeddable":true,"href":"http:\/\/blogdoarmindomaia.com.br\/index.php?rest_route=\/wp\/v2\/media\/6205"}],"wp:attachment":[{"href":"http:\/\/blogdoarmindomaia.com.br\/index.php?rest_route=%2Fwp%2Fv2%2Fmedia&parent=6204"}],"wp:term":[{"taxonomy":"category","embeddable":true,"href":"http:\/\/blogdoarmindomaia.com.br\/index.php?rest_route=%2Fwp%2Fv2%2Fcategories&post=6204"},{"taxonomy":"post_tag","embeddable":true,"href":"http:\/\/blogdoarmindomaia.com.br\/index.php?rest_route=%2Fwp%2Fv2%2Ftags&post=6204"}],"curies":[{"name":"wp","href":"https:\/\/api.w.org\/{rel}","templated":true}]}}