{"id":6217,"date":"2023-09-13T15:35:50","date_gmt":"2023-09-13T18:35:50","guid":{"rendered":"http:\/\/blogdoarmindomaia.com.br\/?p=6217"},"modified":"2023-09-13T15:35:53","modified_gmt":"2023-09-13T18:35:53","slug":"vem-ai-o-rally-cerrado-minas-2023","status":"publish","type":"post","link":"http:\/\/blogdoarmindomaia.com.br\/?p=6217","title":{"rendered":"Vem a\u00ed o Rally Cerrado Minas 2023"},"content":{"rendered":"\n<figure class=\"wp-block-image size-large is-style-default\"><img loading=\"lazy\" decoding=\"async\" width=\"1024\" height=\"682\" src=\"http:\/\/blogdoarmindomaia.com.br\/wp-content\/uploads\/2023\/09\/Vem-ai-o-Rally-Cerrado-Minas-2023-pag-08-1024x682.jpg\" alt=\"\" class=\"wp-image-6218\" srcset=\"http:\/\/blogdoarmindomaia.com.br\/wp-content\/uploads\/2023\/09\/Vem-ai-o-Rally-Cerrado-Minas-2023-pag-08-1024x682.jpg 1024w, http:\/\/blogdoarmindomaia.com.br\/wp-content\/uploads\/2023\/09\/Vem-ai-o-Rally-Cerrado-Minas-2023-pag-08-300x200.jpg 300w, http:\/\/blogdoarmindomaia.com.br\/wp-content\/uploads\/2023\/09\/Vem-ai-o-Rally-Cerrado-Minas-2023-pag-08-768x512.jpg 768w, http:\/\/blogdoarmindomaia.com.br\/wp-content\/uploads\/2023\/09\/Vem-ai-o-Rally-Cerrado-Minas-2023-pag-08.jpg 1280w\" sizes=\"auto, (max-width: 1024px) 100vw, 1024px\" \/><\/figure>\n\n\n\n<p>O Cerrado Minas Rally de Regularidade chega a sua 2\u00aa edi\u00e7\u00e3o em 2023. Evento que faz parte do calend\u00e1rio das grandes competi\u00e7\u00f5es de regularidade, ter\u00e1 uma novidade nesta edi\u00e7\u00e3o, com atra\u00e7\u00f5es musicais, tenda e espa\u00e7o kids tudo isso na \u00e1rea externa do Arax\u00e1 Center Shopping.<\/p>\n\n\n\n<p>As inscri\u00e7\u00f5es do Rally est\u00e3o abertas no site:&nbsp;www.cerradominasrally.com.br e cada competidor que for participar do evento paga uma taxa reduzida de e tem que doar uma cesta b\u00e1sica que dever\u00e1 ser entregue na secretaria de provas.&nbsp;\u200b<\/p>\n\n\n\n<p>O evento acontecer\u00e1 nos dias <strong>22, 23 e 24<\/strong> de <strong>setembro<\/strong> de 2023 <strong>no Arax\u00e1 Center Shopping<\/strong>, localizado no in\u00edcio da AV. Ecol\u00f3gica ao lado do Hospital da Unimed.<\/p>\n\n\n\n<p>Muito mais que um evento esportivo, \u00e9 um festival que ganhou um formato que mistura emo\u00e7\u00e3o, gastronomia, cultura e uma competi\u00e7\u00e3o para pilotos experientes de renome tamb\u00e9m possibilita a quem nunca participou de uma prova poder estar no evento pois a organiza\u00e7\u00e3o dar\u00e1 um treinamento te\u00f3rico com aula de navega\u00e7\u00e3o para os iniciantes, antes de tudo \u00e9 um evento familiar, tudo em um s\u00f3 lugar. Esperamos mais de 40 equipes de diversos estados para competir em nossa cidade. O local escolhido para a largada e chegada foi o <strong>Arax\u00e1 Center Shopping<\/strong>, por oferecer uma estrutura com tenda gastron\u00f4mica, espa\u00e7o kids al\u00e9m de estandes destinados a bares, restaurantes e cervejarias, al\u00e9m de um espa\u00e7o para apresenta\u00e7\u00f5es art\u00edsticas. Tudo isso com muita seguran\u00e7a e conforto para os visitantes.<\/p>\n\n\n\n<p>As melhores e maiores provas de Rally de Regularidade do Cerrado Mineiro, organizado por uma equipe de profissionais com experi\u00eancia e credibilidade. Etapas com provas destinadas a pilotos com experi\u00eancia e tamb\u00e9m para pessoas sem experi\u00eancia.<\/p>\n\n\n\n<p>Ser\u00e3o premiados competidores em cada categoria. O evento ser\u00e1 realizado em tr\u00eas dias sendo um dia (23 setembro) de prova e no outro dia (24 setembro) um passeio pelas trilhas da regi\u00e3o.<\/p>\n\n\n\n<p>\u200bO Rally Cerrado Minas \u00e9 um evento que vem para marcar sua fam\u00edlia, com uma estrutura in\u00e9dita e com entrada livre.<\/p>\n\n\n\n<p><strong>PROGRAMA\u00c7\u00c3O<\/strong><\/p>\n\n\n\n<p><strong>Sexta-feira (22\/09):<\/strong><br>15h \u2013 Abertura da Secretaria de Prova<br>18:30h \u2013 Cerim\u00f4nia de Abertura e Aula de Navega\u00e7\u00e3o<br>20h \u2013 Quinto Sol<br>21h \u2013 Fechamento da Secretaria de Prova encerramento das inscri\u00e7\u00f5es<br>00h \u2013 Encerramento do dia 1<\/p>\n\n\n\n<p><strong>S\u00e1bado (23\/09):<\/strong><br>08h \u2013 Abertura da Secretaria de Provas e Vistorias<br>08:31h \u2013 Largada do Carro 00 (abre trilha)<\/p>\n\n\n\n<p>09:30h \u2013 Encerramento das vistorias<\/p>\n\n\n\n<p>10:01h \u2013 Largada do Piloto 01<br>15:30h \u2013 Chegada do Piloto 01<br>18h \u2013 Entrega das fichas de performance competidores<\/p>\n\n\n\n<p>18h \u2013 Vitor Fagundes<br>19:30h \u2013 Entrega de Premia\u00e7\u00e3o<br>20:15 \u2013 Beato Salu<br>00h \u2013 Encerramento do dia 2<\/p>\n\n\n\n<p><strong>Domingo (24\/09):<\/strong><br>08h \u2013 Concentra\u00e7\u00e3o Trilha<\/p>\n\n\n\n<p>09h \u2013 Largada em Comboio do Trilh\u00e3o<br>14h \u2013 Chegada da Trilha<br>14:30h \u2013 Leandro &#8211; cozinhando e cantando<\/p>\n\n\n\n<p>18h \u2013 Encerramento do Evento&nbsp; &nbsp;<\/p>\n\n\n\n<p>Obs.: Programa\u00e7\u00e3o sujeita a altera\u00e7\u00f5es<\/p>\n","protected":false},"excerpt":{"rendered":"<p>O Cerrado Minas Rally de Regularidade chega a sua 2\u00aa edi\u00e7\u00e3o em 2023. Evento que faz parte do calend\u00e1rio das<\/p>\n","protected":false},"author":2,"featured_media":6218,"comment_status":"open","ping_status":"open","sticky":false,"template":"","format":"standard","meta":{"footnotes":""},"categories":[9,11],"tags":[],"class_list":["post-6217","post","type-post","status-publish","format-standard","has-post-thumbnail","hentry","category-araxa","category-destaques"],"_links":{"self":[{"href":"http:\/\/blogdoarmindomaia.com.br\/index.php?rest_route=\/wp\/v2\/posts\/6217","targetHints":{"allow":["GET"]}}],"collection":[{"href":"http:\/\/blogdoarmindomaia.com.br\/index.php?rest_route=\/wp\/v2\/posts"}],"about":[{"href":"http:\/\/blogdoarmindomaia.com.br\/index.php?rest_route=\/wp\/v2\/types\/post"}],"author":[{"embeddable":true,"href":"http:\/\/blogdoarmindomaia.com.br\/index.php?rest_route=\/wp\/v2\/users\/2"}],"replies":[{"embeddable":true,"href":"http:\/\/blogdoarmindomaia.com.br\/index.php?rest_route=%2Fwp%2Fv2%2Fcomments&post=6217"}],"version-history":[{"count":1,"href":"http:\/\/blogdoarmindomaia.com.br\/index.php?rest_route=\/wp\/v2\/posts\/6217\/revisions"}],"predecessor-version":[{"id":6219,"href":"http:\/\/blogdoarmindomaia.com.br\/index.php?rest_route=\/wp\/v2\/posts\/6217\/revisions\/6219"}],"wp:featuredmedia":[{"embeddable":true,"href":"http:\/\/blogdoarmindomaia.com.br\/index.php?rest_route=\/wp\/v2\/media\/6218"}],"wp:attachment":[{"href":"http:\/\/blogdoarmindomaia.com.br\/index.php?rest_route=%2Fwp%2Fv2%2Fmedia&parent=6217"}],"wp:term":[{"taxonomy":"category","embeddable":true,"href":"http:\/\/blogdoarmindomaia.com.br\/index.php?rest_route=%2Fwp%2Fv2%2Fcategories&post=6217"},{"taxonomy":"post_tag","embeddable":true,"href":"http:\/\/blogdoarmindomaia.com.br\/index.php?rest_route=%2Fwp%2Fv2%2Ftags&post=6217"}],"curies":[{"name":"wp","href":"https:\/\/api.w.org\/{rel}","templated":true}]}}