{"id":6228,"date":"2023-09-13T15:42:39","date_gmt":"2023-09-13T18:42:39","guid":{"rendered":"http:\/\/blogdoarmindomaia.com.br\/?p=6228"},"modified":"2023-09-13T15:42:41","modified_gmt":"2023-09-13T18:42:41","slug":"parada-civica-marca-as-comemoracoes-de-7-de-setembro-em-araxa","status":"publish","type":"post","link":"http:\/\/blogdoarmindomaia.com.br\/?p=6228","title":{"rendered":"Parada C\u00edvica marca as comemora\u00e7\u00f5es de 7 de Setembro em Arax\u00e1"},"content":{"rendered":"\n<figure class=\"wp-block-image size-full is-style-default\"><img loading=\"lazy\" decoding=\"async\" width=\"1024\" height=\"768\" src=\"http:\/\/blogdoarmindomaia.com.br\/wp-content\/uploads\/2023\/09\/Parada-Civica-marca-as-comemoracoes-de-7-de-Setembro-em-Araxa-pag-07.jpeg\" alt=\"\" class=\"wp-image-6229\" srcset=\"http:\/\/blogdoarmindomaia.com.br\/wp-content\/uploads\/2023\/09\/Parada-Civica-marca-as-comemoracoes-de-7-de-Setembro-em-Araxa-pag-07.jpeg 1024w, http:\/\/blogdoarmindomaia.com.br\/wp-content\/uploads\/2023\/09\/Parada-Civica-marca-as-comemoracoes-de-7-de-Setembro-em-Araxa-pag-07-300x225.jpeg 300w, http:\/\/blogdoarmindomaia.com.br\/wp-content\/uploads\/2023\/09\/Parada-Civica-marca-as-comemoracoes-de-7-de-Setembro-em-Araxa-pag-07-768x576.jpeg 768w\" sizes=\"auto, (max-width: 1024px) 100vw, 1024px\" \/><\/figure>\n\n\n\n<figure class=\"wp-block-image size-full is-style-default\"><img loading=\"lazy\" decoding=\"async\" width=\"1024\" height=\"768\" src=\"http:\/\/blogdoarmindomaia.com.br\/wp-content\/uploads\/2023\/09\/Desfile-Civico-Militar-6.jpeg\" alt=\"\" class=\"wp-image-6230\" srcset=\"http:\/\/blogdoarmindomaia.com.br\/wp-content\/uploads\/2023\/09\/Desfile-Civico-Militar-6.jpeg 1024w, http:\/\/blogdoarmindomaia.com.br\/wp-content\/uploads\/2023\/09\/Desfile-Civico-Militar-6-300x225.jpeg 300w, http:\/\/blogdoarmindomaia.com.br\/wp-content\/uploads\/2023\/09\/Desfile-Civico-Militar-6-768x576.jpeg 768w\" sizes=\"auto, (max-width: 1024px) 100vw, 1024px\" \/><\/figure>\n\n\n\n<p>Inovar, Educar e Construir! Este foi o tema que destacou o tradicional Desfile C\u00edvico-Militar em Arax\u00e1, na manh\u00e3 da \u00faltima quinta-feira, (7), Feriado da Independ\u00eancia do Brasil.<br><br>Os 11 blocos militares e civis percorreram parte da avenida Get\u00falio Vargas, na regi\u00e3o central da cidade, marcando o encerramento das comemora\u00e7\u00f5es da Semana da P\u00e1tria, organizada pela Secretaria Municipal de Educa\u00e7\u00e3o.<br><br>O desfile contou com as presen\u00e7as do prefeito Robson Magela; da secret\u00e1ria de Educa\u00e7\u00e3o, Zulma Moreira, e demais secret\u00e1rios municipais; do deputado estadual Bosco; do comandante do 37\u00ba Batalh\u00e3o de Pol\u00edcia Militar, tenente-coronel Ademir Fagundes; do comandante da 2\u00aa Companhia do Corpo de Bombeiros Militar, capit\u00e3o Luiz Ricardo de Oliveira; do chefe de instru\u00e7\u00e3o do Tiro de Guerra, subtenente James Imaculado Nunes; do presidente da C\u00e2mara Municipal, Bosco J\u00fanior, e dos vereadores Evaldo do Ferrocarril, Raphael Rios e Valtinho da Farm\u00e1cia; do p\u00e1roco da Par\u00f3quia de S\u00e3o Domingos, padre Jonathan Costa; e da popula\u00e7\u00e3o que lotou o trecho demarcado para o desfile.<br><br>Foram 118 representatividades entre servidores p\u00fablicos, institui\u00e7\u00f5es, associa\u00e7\u00f5es, For\u00e7as de Seguran\u00e7a, alunos das redes p\u00fablica e particular, reunindo cerca de 5.500 participantes.<br><br>O comerciante Marcelo Caixeta Pereira foi assistir ao desfile teve, pela primeira vez, a participa\u00e7\u00e3o da sua filha Florence Silva Caixeta, do 4\u00ba ano da Escola Municipal de Aplica\u00e7\u00e3o L\u00e9lia Guimar\u00e3es. \u201c\u00c9 uma alegria ver minha filha participar de um evento como este, que refor\u00e7a os valores e o amor pelo pa\u00eds\u201d, afirma.<br><br>A secret\u00e1ria Zulma Moreira afirma que o 7 de Setembro \u00e9 uma data muito importante, pois \u00e9 um momento de mostrar o civismo, o amor pela p\u00e1tria, aos s\u00edmbolos e pela hist\u00f3ria do pa\u00eds.<br><br>\u201cPara as fam\u00edlias que estiveram presentes, poder acompanhar seus filhos, sobrinhos e netos pela avenida, \u00e9 uma verdadeira festa. Ver tantos alunos demonstra e reafirma o papel da educa\u00e7\u00e3o, que sempre trabalha todos esses valores com as crian\u00e7as e adolescentes\u201d, diz.<br><br>O prefeito Robson Magela destaca a grande participa\u00e7\u00e3o popular no evento. \u201cFoi muito bom ver toda a popula\u00e7\u00e3o reunida em um momento de enorme gratid\u00e3o e reflex\u00e3o. Com certeza, estamos construindo agora o pa\u00eds que queremos ter no futuro &#8220;, reitera.<br><\/p>\n","protected":false},"excerpt":{"rendered":"<p>Inovar, Educar e Construir! Este foi o tema que destacou o tradicional Desfile C\u00edvico-Militar em Arax\u00e1, na manh\u00e3 da \u00faltima<\/p>\n","protected":false},"author":2,"featured_media":6229,"comment_status":"open","ping_status":"open","sticky":false,"template":"","format":"standard","meta":{"footnotes":""},"categories":[9,5,11],"tags":[],"class_list":["post-6228","post","type-post","status-publish","format-standard","has-post-thumbnail","hentry","category-araxa","category-arte-e-cultura","category-destaques"],"_links":{"self":[{"href":"http:\/\/blogdoarmindomaia.com.br\/index.php?rest_route=\/wp\/v2\/posts\/6228","targetHints":{"allow":["GET"]}}],"collection":[{"href":"http:\/\/blogdoarmindomaia.com.br\/index.php?rest_route=\/wp\/v2\/posts"}],"about":[{"href":"http:\/\/blogdoarmindomaia.com.br\/index.php?rest_route=\/wp\/v2\/types\/post"}],"author":[{"embeddable":true,"href":"http:\/\/blogdoarmindomaia.com.br\/index.php?rest_route=\/wp\/v2\/users\/2"}],"replies":[{"embeddable":true,"href":"http:\/\/blogdoarmindomaia.com.br\/index.php?rest_route=%2Fwp%2Fv2%2Fcomments&post=6228"}],"version-history":[{"count":1,"href":"http:\/\/blogdoarmindomaia.com.br\/index.php?rest_route=\/wp\/v2\/posts\/6228\/revisions"}],"predecessor-version":[{"id":6231,"href":"http:\/\/blogdoarmindomaia.com.br\/index.php?rest_route=\/wp\/v2\/posts\/6228\/revisions\/6231"}],"wp:featuredmedia":[{"embeddable":true,"href":"http:\/\/blogdoarmindomaia.com.br\/index.php?rest_route=\/wp\/v2\/media\/6229"}],"wp:attachment":[{"href":"http:\/\/blogdoarmindomaia.com.br\/index.php?rest_route=%2Fwp%2Fv2%2Fmedia&parent=6228"}],"wp:term":[{"taxonomy":"category","embeddable":true,"href":"http:\/\/blogdoarmindomaia.com.br\/index.php?rest_route=%2Fwp%2Fv2%2Fcategories&post=6228"},{"taxonomy":"post_tag","embeddable":true,"href":"http:\/\/blogdoarmindomaia.com.br\/index.php?rest_route=%2Fwp%2Fv2%2Ftags&post=6228"}],"curies":[{"name":"wp","href":"https:\/\/api.w.org\/{rel}","templated":true}]}}