{"id":6233,"date":"2023-09-13T16:17:15","date_gmt":"2023-09-13T19:17:15","guid":{"rendered":"http:\/\/blogdoarmindomaia.com.br\/?p=6233"},"modified":"2023-09-13T16:17:17","modified_gmt":"2023-09-13T19:17:17","slug":"terminam-no-fim-de-semana-em-araxa-o-brasileiro-e-o-pre-mundial-de-parapente","status":"publish","type":"post","link":"http:\/\/blogdoarmindomaia.com.br\/?p=6233","title":{"rendered":"Terminam no fim de semana em Arax\u00e1, o Brasileiro\u00a0 e o Pr\u00e9-Mundial de Parapente"},"content":{"rendered":"\n<figure class=\"wp-block-image size-large is-style-default\"><img loading=\"lazy\" decoding=\"async\" width=\"1024\" height=\"588\" src=\"http:\/\/blogdoarmindomaia.com.br\/wp-content\/uploads\/2023\/09\/Terminam-no-fim-de-semana-em-Araxa-o-Brasileiro-e-o-Pre-Mundial-de-Parapente-paagg-12-1024x588.jpg\" alt=\"\" class=\"wp-image-6234\" srcset=\"http:\/\/blogdoarmindomaia.com.br\/wp-content\/uploads\/2023\/09\/Terminam-no-fim-de-semana-em-Araxa-o-Brasileiro-e-o-Pre-Mundial-de-Parapente-paagg-12-1024x588.jpg 1024w, http:\/\/blogdoarmindomaia.com.br\/wp-content\/uploads\/2023\/09\/Terminam-no-fim-de-semana-em-Araxa-o-Brasileiro-e-o-Pre-Mundial-de-Parapente-paagg-12-300x172.jpg 300w, http:\/\/blogdoarmindomaia.com.br\/wp-content\/uploads\/2023\/09\/Terminam-no-fim-de-semana-em-Araxa-o-Brasileiro-e-o-Pre-Mundial-de-Parapente-paagg-12-768x441.jpg 768w, http:\/\/blogdoarmindomaia.com.br\/wp-content\/uploads\/2023\/09\/Terminam-no-fim-de-semana-em-Araxa-o-Brasileiro-e-o-Pre-Mundial-de-Parapente-paagg-12.jpg 1186w\" sizes=\"auto, (max-width: 1024px) 100vw, 1024px\" \/><\/figure>\n\n\n\n<p>Desde o \u00faltimo final&nbsp; de&nbsp; semana, os melhores pilotos do Brasil e do mundo, est\u00e3o reunidos em um s\u00f3 lugar. A rampa do Horizonte Perdido em Arax\u00e1, um dos mais belos cart\u00f5es postais da regi\u00e3o, recebe at\u00e9 domingo, dia 17, o Campeonato Brasileiro de Parapente e Pr\u00e9-Mundial da modalidade. Cerca de 300 se inscreveram nas competi\u00e7\u00f5es e a expectativa de p\u00fablico \u00e9 de 1.000 pessoas. O evento conta com a parceria financeira e log\u00edstica da Prefeitura de Arax\u00e1, e patroc\u00ednio da CBMM. &nbsp;A realiza\u00e7\u00e3o \u00e9 do Clube Araxaense de Voo Livre e tem a chancela da Confedera\u00e7\u00e3o Brasileira de Voo Livre. De acordo com o organizador do evento, Marco Ant\u00f4nio Prado, \u201co evento est\u00e1 acontecendo dentro das nossas expectativas e&nbsp; em alto n\u00edvel t\u00e9cnico. Esperamos que neste final de semana possamos encerrar a competi\u00e7\u00e3o com seguran\u00e7a e grandes marcas. Ainda segundo Marco Ant\u00f4nio, \u201cat\u00e9 agora a competi\u00e7\u00e3o est\u00e1 acontecendo batendo recordes de&nbsp; pilotos no gol que \u00e9 o final da prova. Uma m\u00e9dia de 80 pilotos chegando no gol, passando pela cidade de Tapira e tamb\u00e9m no lago de Jaguara em S\u00e3o Paulo. E gra\u00e7as a Deus nenhum acidente foi&nbsp; registrado e todos&nbsp; os&nbsp; pilotos est\u00e3o&nbsp; colorindo o&nbsp; c\u00e9u de Arax\u00e1 e regi\u00e3o numa&nbsp; grande festa.\u201d&nbsp;&nbsp;&nbsp; &nbsp;O evento que \u00e9 gratuito, aberto ao p\u00fablico, teve no final&nbsp; da semana passada uma atra\u00e7\u00e3o especial que foi o Festival de Blue&nbsp; e Jazz.&nbsp;Parceiro da competi\u00e7\u00e3o, o prefeito Robson Magela destaca a import\u00e2ncia do evento para o fomento do turismo e da economia na cidade. \u201cArax\u00e1 j\u00e1 est\u00e1 habituada a receber competi\u00e7\u00f5es de voo livre. O Horizonte Perdido possui uma pista que \u00e9 refer\u00eancia para os pilotos do Brasil e do mundo, e conta com uma excelente estrutura de decolagem\u201d, refor\u00e7a o prefeito.&nbsp;<\/p>\n","protected":false},"excerpt":{"rendered":"<p>Desde o \u00faltimo final&nbsp; de&nbsp; semana, os melhores pilotos do Brasil e do mundo, est\u00e3o reunidos em um s\u00f3 lugar.<\/p>\n","protected":false},"author":2,"featured_media":6234,"comment_status":"open","ping_status":"open","sticky":false,"template":"","format":"standard","meta":{"footnotes":""},"categories":[9,11],"tags":[],"class_list":["post-6233","post","type-post","status-publish","format-standard","has-post-thumbnail","hentry","category-araxa","category-destaques"],"_links":{"self":[{"href":"http:\/\/blogdoarmindomaia.com.br\/index.php?rest_route=\/wp\/v2\/posts\/6233","targetHints":{"allow":["GET"]}}],"collection":[{"href":"http:\/\/blogdoarmindomaia.com.br\/index.php?rest_route=\/wp\/v2\/posts"}],"about":[{"href":"http:\/\/blogdoarmindomaia.com.br\/index.php?rest_route=\/wp\/v2\/types\/post"}],"author":[{"embeddable":true,"href":"http:\/\/blogdoarmindomaia.com.br\/index.php?rest_route=\/wp\/v2\/users\/2"}],"replies":[{"embeddable":true,"href":"http:\/\/blogdoarmindomaia.com.br\/index.php?rest_route=%2Fwp%2Fv2%2Fcomments&post=6233"}],"version-history":[{"count":1,"href":"http:\/\/blogdoarmindomaia.com.br\/index.php?rest_route=\/wp\/v2\/posts\/6233\/revisions"}],"predecessor-version":[{"id":6235,"href":"http:\/\/blogdoarmindomaia.com.br\/index.php?rest_route=\/wp\/v2\/posts\/6233\/revisions\/6235"}],"wp:featuredmedia":[{"embeddable":true,"href":"http:\/\/blogdoarmindomaia.com.br\/index.php?rest_route=\/wp\/v2\/media\/6234"}],"wp:attachment":[{"href":"http:\/\/blogdoarmindomaia.com.br\/index.php?rest_route=%2Fwp%2Fv2%2Fmedia&parent=6233"}],"wp:term":[{"taxonomy":"category","embeddable":true,"href":"http:\/\/blogdoarmindomaia.com.br\/index.php?rest_route=%2Fwp%2Fv2%2Fcategories&post=6233"},{"taxonomy":"post_tag","embeddable":true,"href":"http:\/\/blogdoarmindomaia.com.br\/index.php?rest_route=%2Fwp%2Fv2%2Ftags&post=6233"}],"curies":[{"name":"wp","href":"https:\/\/api.w.org\/{rel}","templated":true}]}}