{"id":6254,"date":"2023-09-15T10:54:50","date_gmt":"2023-09-15T13:54:50","guid":{"rendered":"http:\/\/blogdoarmindomaia.com.br\/?p=6254"},"modified":"2023-09-15T10:54:52","modified_gmt":"2023-09-15T13:54:52","slug":"colegio-sao-domingos-promove-feira-de-livros-nesta-semana","status":"publish","type":"post","link":"http:\/\/blogdoarmindomaia.com.br\/?p=6254","title":{"rendered":"Col\u00e9gio S\u00e3o Domingos promove feira de livros nesta semana"},"content":{"rendered":"\n<figure class=\"wp-block-image size-large is-style-default\"><img loading=\"lazy\" decoding=\"async\" width=\"1024\" height=\"768\" src=\"http:\/\/blogdoarmindomaia.com.br\/wp-content\/uploads\/2023\/09\/Colegio-Sao-Domingos-promove-feira-de-livros-nesta-semana-pag-09-1024x768.jpg\" alt=\"\" class=\"wp-image-6255\" srcset=\"http:\/\/blogdoarmindomaia.com.br\/wp-content\/uploads\/2023\/09\/Colegio-Sao-Domingos-promove-feira-de-livros-nesta-semana-pag-09-1024x768.jpg 1024w, http:\/\/blogdoarmindomaia.com.br\/wp-content\/uploads\/2023\/09\/Colegio-Sao-Domingos-promove-feira-de-livros-nesta-semana-pag-09-300x225.jpg 300w, http:\/\/blogdoarmindomaia.com.br\/wp-content\/uploads\/2023\/09\/Colegio-Sao-Domingos-promove-feira-de-livros-nesta-semana-pag-09-768x576.jpg 768w, http:\/\/blogdoarmindomaia.com.br\/wp-content\/uploads\/2023\/09\/Colegio-Sao-Domingos-promove-feira-de-livros-nesta-semana-pag-09-1536x1152.jpg 1536w, http:\/\/blogdoarmindomaia.com.br\/wp-content\/uploads\/2023\/09\/Colegio-Sao-Domingos-promove-feira-de-livros-nesta-semana-pag-09-2048x1536.jpg 2048w\" sizes=\"auto, (max-width: 1024px) 100vw, 1024px\" \/><\/figure>\n\n\n\n<p>O Col\u00e9gio S\u00e3o Domingos (CSD) em Arax\u00e1 (MG) est\u00e1 se preparando para mais uma edi\u00e7\u00e3o de sua tradicional Feira de Livros, que ser\u00e1 realizada de quinta (14) a s\u00e1bado (16) desta semana. O evento \u00e9 aberto ao p\u00fablico, com entrada pela Rua \u00c2ngela Marques Torres.<\/p>\n\n\n\n<p>Nos dias 14 e 15 de setembro, a visita\u00e7\u00e3o estar\u00e1 dispon\u00edvel das 7h \u00e0s 19h. No dia 16 de setembro, s\u00e1bado, os visitantes poder\u00e3o explorar a Feira das 8h \u00e0s 12h. Al\u00e9m da exposi\u00e7\u00e3o e venda de livros, a programa\u00e7\u00e3o do \u00faltimo dia inclui a Mostra Olhares &#8211; com os temas \u201cInterc\u00e2mbio Solid\u00e1rio\u201d, desenvolvido pelos alunos do 3\u00b0 Ano e \u201cArax\u00e1 em Foco\u201d, pelos alunos dos 4\u00b0 e 5\u00b0 Anos. Tamb\u00e9m acontecer\u00e3o roda de conversa com autores do CSD e media\u00e7\u00e3o de C\u00e9sar Campos, conta\u00e7\u00e3o de hist\u00f3rias, apresenta\u00e7\u00e3o teatral &#8220;Pedro, o Pinguim&#8221; e um&nbsp;<em>tour<\/em>&nbsp;pelo CSD. \u201cA entrada para o evento \u00e9 gratuita e para todos os p\u00fablicos. Concomitantemente haver\u00e1 uma a\u00e7\u00e3o solid\u00e1ria de arrecada\u00e7\u00e3o de livros e gibis, liderada pelos alunos do 3\u00b0 Ano do Ensino Fundamental Anos Iniciais e alunos do 1\u00b0 Ano do Ensino M\u00e9dio\u201d, ressalta Luciene Abadia Oliveira, bibliotec\u00e1ria do CSD.<\/p>\n\n\n\n<p>A Feira \u201cDe Olho nos Livros\u201d tem como prop\u00f3sito oportunizar o contato e a escolha de livros de diversos autores, pelo visitante, de acordo com seu interesse. \u201cAl\u00e9m disso, queremos incentivar a leitura pelo prazer de ler&#8221;, destaca Luciene.<\/p>\n\n\n\n<p><strong>A Feira<\/strong><\/p>\n\n\n\n<p>Os visitantes encontrar\u00e3o uma vasta sele\u00e7\u00e3o de mais de cinco mil livros de g\u00eaneros variados: literatura, obras religiosas, neg\u00f3cios, desenvolvimento pessoal, pedagogia, best-sellers que atender\u00e3o diversos p\u00fablicos: infantil, infanto juvenil, adultos.<\/p>\n\n\n\n<p>A Feira \u201cDe Olho nos Livros\u201d \u00e9 uma tradi\u00e7\u00e3o no CSD e ocorre h\u00e1 mais de uma d\u00e9cada. Este ano, a novidade \u00e9 a parceria com a Livraria Nobel, com sua experi\u00eancia em participa\u00e7\u00f5es no Fliarax\u00e1 desde 2017 e em diversas feiras na regi\u00e3o.<\/p>\n","protected":false},"excerpt":{"rendered":"<p>O Col\u00e9gio S\u00e3o Domingos (CSD) em Arax\u00e1 (MG) est\u00e1 se preparando para mais uma edi\u00e7\u00e3o de sua tradicional Feira de<\/p>\n","protected":false},"author":2,"featured_media":6255,"comment_status":"open","ping_status":"open","sticky":false,"template":"","format":"standard","meta":{"footnotes":""},"categories":[9,11,13],"tags":[],"class_list":["post-6254","post","type-post","status-publish","format-standard","has-post-thumbnail","hentry","category-araxa","category-destaques","category-educacao"],"_links":{"self":[{"href":"http:\/\/blogdoarmindomaia.com.br\/index.php?rest_route=\/wp\/v2\/posts\/6254","targetHints":{"allow":["GET"]}}],"collection":[{"href":"http:\/\/blogdoarmindomaia.com.br\/index.php?rest_route=\/wp\/v2\/posts"}],"about":[{"href":"http:\/\/blogdoarmindomaia.com.br\/index.php?rest_route=\/wp\/v2\/types\/post"}],"author":[{"embeddable":true,"href":"http:\/\/blogdoarmindomaia.com.br\/index.php?rest_route=\/wp\/v2\/users\/2"}],"replies":[{"embeddable":true,"href":"http:\/\/blogdoarmindomaia.com.br\/index.php?rest_route=%2Fwp%2Fv2%2Fcomments&post=6254"}],"version-history":[{"count":1,"href":"http:\/\/blogdoarmindomaia.com.br\/index.php?rest_route=\/wp\/v2\/posts\/6254\/revisions"}],"predecessor-version":[{"id":6256,"href":"http:\/\/blogdoarmindomaia.com.br\/index.php?rest_route=\/wp\/v2\/posts\/6254\/revisions\/6256"}],"wp:featuredmedia":[{"embeddable":true,"href":"http:\/\/blogdoarmindomaia.com.br\/index.php?rest_route=\/wp\/v2\/media\/6255"}],"wp:attachment":[{"href":"http:\/\/blogdoarmindomaia.com.br\/index.php?rest_route=%2Fwp%2Fv2%2Fmedia&parent=6254"}],"wp:term":[{"taxonomy":"category","embeddable":true,"href":"http:\/\/blogdoarmindomaia.com.br\/index.php?rest_route=%2Fwp%2Fv2%2Fcategories&post=6254"},{"taxonomy":"post_tag","embeddable":true,"href":"http:\/\/blogdoarmindomaia.com.br\/index.php?rest_route=%2Fwp%2Fv2%2Ftags&post=6254"}],"curies":[{"name":"wp","href":"https:\/\/api.w.org\/{rel}","templated":true}]}}