{"id":6260,"date":"2023-09-18T14:04:23","date_gmt":"2023-09-18T17:04:23","guid":{"rendered":"http:\/\/blogdoarmindomaia.com.br\/?p=6260"},"modified":"2023-09-18T14:04:26","modified_gmt":"2023-09-18T17:04:26","slug":"patricia-martins-e-tetracampea-da-corrida-do-cafe","status":"publish","type":"post","link":"http:\/\/blogdoarmindomaia.com.br\/?p=6260","title":{"rendered":"Patr\u00edcia Martins \u00e9 Tetracampe\u00e3 da Corrida do Caf\u00e9"},"content":{"rendered":"\n<figure class=\"wp-block-image size-large is-style-default\"><img loading=\"lazy\" decoding=\"async\" width=\"1024\" height=\"1024\" src=\"http:\/\/blogdoarmindomaia.com.br\/wp-content\/uploads\/2023\/09\/img1-1024x1024.jpg\" alt=\"\" class=\"wp-image-6261\" srcset=\"http:\/\/blogdoarmindomaia.com.br\/wp-content\/uploads\/2023\/09\/img1-1024x1024.jpg 1024w, http:\/\/blogdoarmindomaia.com.br\/wp-content\/uploads\/2023\/09\/img1-300x300.jpg 300w, http:\/\/blogdoarmindomaia.com.br\/wp-content\/uploads\/2023\/09\/img1-150x150.jpg 150w, http:\/\/blogdoarmindomaia.com.br\/wp-content\/uploads\/2023\/09\/img1-768x768.jpg 768w, http:\/\/blogdoarmindomaia.com.br\/wp-content\/uploads\/2023\/09\/img1.jpg 1440w\" sizes=\"auto, (max-width: 1024px) 100vw, 1024px\" \/><\/figure>\n\n\n\n<p>Aconteceu no \u00faltimo dia 09 de setembro na cidade de Serra do Salitre \u2013 MG a tradicional Corrida do Caf\u00e9, e a atleta araxaense Patr\u00edcia Martins se sagrou tetracampe\u00e3 da prova na categoria feminino geral. A corrida teve um percurso de 6 KM e Patr\u00edcia completou o percurso cruzando a linha de chegada em primeiro lugar com o tempo de 21:30. Competiram na prova, em torno de 130 atletas, com inscri\u00e7\u00e3o gratuita e premia\u00e7\u00e3o em dinheiro para os primeiros colocados e com atletas de v\u00e1rias cidades da regi\u00e3o, Arapu\u00e1, Martinho Campos, Vazante, Campinas, Arax\u00e1, Uberl\u00e2ndia, Patroc\u00ednio, Patos de Minas, Belo Horizonte, entre outras e atletas da cidade. Esta corrida fez parte das comemora\u00e7\u00f5es da Festa do Caf\u00e9 em Serra do Salitre.<\/p>\n\n\n\n<p>Patr\u00edcia vem se destacando muito na regi\u00e3o, foram tr\u00eas fim de semana de provas, em Ribeir\u00e3o Preto correndo na elite, Coromandel e Serra do Salitre, agora \u00e9 descansar para representar Arax\u00e1 em mais competi\u00e7\u00f5es pelo Brasil.<\/p>\n\n\n\n<p><strong>A atleta Patr\u00edcia Martins, agradece a todos que a apoiam.<\/strong><\/p>\n\n\n\n<p><strong>Sicoob Crediara, Treinador Planilha Corrida, Cristiano da Cr_runnersbrasil, Academia Cornelius Atl\u00e9tica, Treinador Academia Chineyder, Fernanda Augusta Nutricionista, Cl\u00ednica Integrare, Montovani William e Joana, Suplementos Bianca, S&amp;F Engenharia.<\/strong><\/p>\n\n\n\n<p><\/p>\n","protected":false},"excerpt":{"rendered":"<p>Aconteceu no \u00faltimo dia 09 de setembro na cidade de Serra do Salitre \u2013 MG a tradicional Corrida do Caf\u00e9,<\/p>\n","protected":false},"author":2,"featured_media":6261,"comment_status":"open","ping_status":"open","sticky":false,"template":"","format":"standard","meta":{"footnotes":""},"categories":[9,11,15],"tags":[],"class_list":["post-6260","post","type-post","status-publish","format-standard","has-post-thumbnail","hentry","category-araxa","category-destaques","category-esportes"],"_links":{"self":[{"href":"http:\/\/blogdoarmindomaia.com.br\/index.php?rest_route=\/wp\/v2\/posts\/6260","targetHints":{"allow":["GET"]}}],"collection":[{"href":"http:\/\/blogdoarmindomaia.com.br\/index.php?rest_route=\/wp\/v2\/posts"}],"about":[{"href":"http:\/\/blogdoarmindomaia.com.br\/index.php?rest_route=\/wp\/v2\/types\/post"}],"author":[{"embeddable":true,"href":"http:\/\/blogdoarmindomaia.com.br\/index.php?rest_route=\/wp\/v2\/users\/2"}],"replies":[{"embeddable":true,"href":"http:\/\/blogdoarmindomaia.com.br\/index.php?rest_route=%2Fwp%2Fv2%2Fcomments&post=6260"}],"version-history":[{"count":1,"href":"http:\/\/blogdoarmindomaia.com.br\/index.php?rest_route=\/wp\/v2\/posts\/6260\/revisions"}],"predecessor-version":[{"id":6262,"href":"http:\/\/blogdoarmindomaia.com.br\/index.php?rest_route=\/wp\/v2\/posts\/6260\/revisions\/6262"}],"wp:featuredmedia":[{"embeddable":true,"href":"http:\/\/blogdoarmindomaia.com.br\/index.php?rest_route=\/wp\/v2\/media\/6261"}],"wp:attachment":[{"href":"http:\/\/blogdoarmindomaia.com.br\/index.php?rest_route=%2Fwp%2Fv2%2Fmedia&parent=6260"}],"wp:term":[{"taxonomy":"category","embeddable":true,"href":"http:\/\/blogdoarmindomaia.com.br\/index.php?rest_route=%2Fwp%2Fv2%2Fcategories&post=6260"},{"taxonomy":"post_tag","embeddable":true,"href":"http:\/\/blogdoarmindomaia.com.br\/index.php?rest_route=%2Fwp%2Fv2%2Ftags&post=6260"}],"curies":[{"name":"wp","href":"https:\/\/api.w.org\/{rel}","templated":true}]}}