{"id":6263,"date":"2023-09-18T14:07:39","date_gmt":"2023-09-18T17:07:39","guid":{"rendered":"http:\/\/blogdoarmindomaia.com.br\/?p=6263"},"modified":"2023-09-18T14:07:41","modified_gmt":"2023-09-18T17:07:41","slug":"atelie-de-tecelagem-abre-15-vagas-para-o-curso-de-croche-e-trico","status":"publish","type":"post","link":"http:\/\/blogdoarmindomaia.com.br\/?p=6263","title":{"rendered":"Ateli\u00ea de Tecelagem abre 15 vagas para o curso de croch\u00ea e tric\u00f4"},"content":{"rendered":"\n<figure class=\"wp-block-image size-large is-style-default\"><img loading=\"lazy\" decoding=\"async\" width=\"1024\" height=\"682\" src=\"http:\/\/blogdoarmindomaia.com.br\/wp-content\/uploads\/2023\/09\/Atelie-de-Tecelagem-2-1024x682.jpeg\" alt=\"\" class=\"wp-image-6264\" srcset=\"http:\/\/blogdoarmindomaia.com.br\/wp-content\/uploads\/2023\/09\/Atelie-de-Tecelagem-2-1024x682.jpeg 1024w, http:\/\/blogdoarmindomaia.com.br\/wp-content\/uploads\/2023\/09\/Atelie-de-Tecelagem-2-300x200.jpeg 300w, http:\/\/blogdoarmindomaia.com.br\/wp-content\/uploads\/2023\/09\/Atelie-de-Tecelagem-2-768x512.jpeg 768w, http:\/\/blogdoarmindomaia.com.br\/wp-content\/uploads\/2023\/09\/Atelie-de-Tecelagem-2-1536x1023.jpeg 1536w, http:\/\/blogdoarmindomaia.com.br\/wp-content\/uploads\/2023\/09\/Atelie-de-Tecelagem-2.jpeg 1600w\" sizes=\"auto, (max-width: 1024px) 100vw, 1024px\" \/><\/figure>\n\n\n\n<p>O Ateli\u00ea de Tecelagem \u201cHermantina Drummond\u201d est\u00e1 com 15 vagas abertas para o curso b\u00e1sico de croch\u00ea e tric\u00f4. As aulas ser\u00e3o ministradas em uma carga hor\u00e1ria de 28 horas, \u00e0s ter\u00e7as-feiras, das 14h \u00e0s 16h.<br><br>Para participar \u00e9 necess\u00e1rio ter a partir de 16 anos. As inscri\u00e7\u00f5es devem ser realizadas na sede da Funda\u00e7\u00e3o Cultural Calmon Barreto (FCCB), de segunda a sexta, das 8h \u00e0s 12h e das 13h \u00e0s 17h, at\u00e9 o dia 18 de setembro. Menores devem estar acompanhados pelos pais ou respons\u00e1veis. Para as aulas, \u00e9 necess\u00e1rio que o aluno porte os pr\u00f3prios materiais.<br><br>A coordenadora do Ateli\u00ea de Tecelagem, Adelina Menezes, explica a din\u00e2mica do curso. \u201cAs aulas de croch\u00ea e tric\u00f4 acontecer\u00e3o simultaneamente. No entanto, a pessoa poder\u00e1 escolher em qual t\u00e9cnica ela deseja se aperfei\u00e7oar\u201d, destaca.<br><br><strong>Lista de materiais croch\u00ea<\/strong><br><br>&#8211; Barbante n\u00ba 6 na cor de prefer\u00eancia;<br><br>&#8211; 1 novelo de linha fio 4\/2 &#8211; 110% algod\u00e3o mercerizado, na cor de prefer\u00eancia;<br><br>&#8211; 1 agulha para croch\u00ea n\u00ba 3,5 mm;<br><br>&#8211; 1 agulha para croch\u00ea n\u00ba 1,75 mm;<br><br>&#8211; 1 agulha de m\u00e3o para tape\u00e7aria;<br><br>&#8211; 1 tesoura de acabamento.<br><br><strong>Lista de materiais tric\u00f4<\/strong><br><br>&#8211; L\u00e3 fio 3\/6 &#8211; 100% acr\u00edlico, na cor de prefer\u00eancia;<br><br>&#8211; 1 unidade de agulha para tric\u00f4 n\u00b06;<br><br>&#8211; 1 unidade de agulha para tric\u00f4 n\u00ba 5;<br><br>&#8211; 1 unidade de agulha de m\u00e3o para tape\u00e7aria;<br><br>&#8211; 1 tesoura de acabamento.<\/p>\n\n\n\n<p>&#8212;<\/p>\n","protected":false},"excerpt":{"rendered":"<p>O Ateli\u00ea de Tecelagem \u201cHermantina Drummond\u201d est\u00e1 com 15 vagas abertas para o curso b\u00e1sico de croch\u00ea e tric\u00f4. As<\/p>\n","protected":false},"author":2,"featured_media":6265,"comment_status":"open","ping_status":"open","sticky":false,"template":"","format":"standard","meta":{"footnotes":""},"categories":[9,5,11],"tags":[],"class_list":["post-6263","post","type-post","status-publish","format-standard","has-post-thumbnail","hentry","category-araxa","category-arte-e-cultura","category-destaques"],"_links":{"self":[{"href":"http:\/\/blogdoarmindomaia.com.br\/index.php?rest_route=\/wp\/v2\/posts\/6263","targetHints":{"allow":["GET"]}}],"collection":[{"href":"http:\/\/blogdoarmindomaia.com.br\/index.php?rest_route=\/wp\/v2\/posts"}],"about":[{"href":"http:\/\/blogdoarmindomaia.com.br\/index.php?rest_route=\/wp\/v2\/types\/post"}],"author":[{"embeddable":true,"href":"http:\/\/blogdoarmindomaia.com.br\/index.php?rest_route=\/wp\/v2\/users\/2"}],"replies":[{"embeddable":true,"href":"http:\/\/blogdoarmindomaia.com.br\/index.php?rest_route=%2Fwp%2Fv2%2Fcomments&post=6263"}],"version-history":[{"count":1,"href":"http:\/\/blogdoarmindomaia.com.br\/index.php?rest_route=\/wp\/v2\/posts\/6263\/revisions"}],"predecessor-version":[{"id":6266,"href":"http:\/\/blogdoarmindomaia.com.br\/index.php?rest_route=\/wp\/v2\/posts\/6263\/revisions\/6266"}],"wp:featuredmedia":[{"embeddable":true,"href":"http:\/\/blogdoarmindomaia.com.br\/index.php?rest_route=\/wp\/v2\/media\/6265"}],"wp:attachment":[{"href":"http:\/\/blogdoarmindomaia.com.br\/index.php?rest_route=%2Fwp%2Fv2%2Fmedia&parent=6263"}],"wp:term":[{"taxonomy":"category","embeddable":true,"href":"http:\/\/blogdoarmindomaia.com.br\/index.php?rest_route=%2Fwp%2Fv2%2Fcategories&post=6263"},{"taxonomy":"post_tag","embeddable":true,"href":"http:\/\/blogdoarmindomaia.com.br\/index.php?rest_route=%2Fwp%2Fv2%2Ftags&post=6263"}],"curies":[{"name":"wp","href":"https:\/\/api.w.org\/{rel}","templated":true}]}}