{"id":6273,"date":"2023-09-19T16:16:46","date_gmt":"2023-09-19T19:16:46","guid":{"rendered":"http:\/\/blogdoarmindomaia.com.br\/?p=6273"},"modified":"2023-09-19T16:16:48","modified_gmt":"2023-09-19T19:16:48","slug":"zema-fecha-investimentos-de-meio-bilhao-de-reais-para-minas-em-missao-internacional-na-italia-e-austria","status":"publish","type":"post","link":"http:\/\/blogdoarmindomaia.com.br\/?p=6273","title":{"rendered":"Zema fecha investimentos de meio bilh\u00e3o de reais para Minas, em miss\u00e3o internacional na It\u00e1lia e \u00c1ustria"},"content":{"rendered":"\n<figure class=\"wp-block-image size-full is-style-default\"><img loading=\"lazy\" decoding=\"async\" width=\"940\" height=\"350\" src=\"http:\/\/blogdoarmindomaia.com.br\/wp-content\/uploads\/2023\/09\/Zema-fecha-investimentos-de-meio-bilhao-de-reais-para-Minas-pag-07.jpg\" alt=\"\" class=\"wp-image-6274\" srcset=\"http:\/\/blogdoarmindomaia.com.br\/wp-content\/uploads\/2023\/09\/Zema-fecha-investimentos-de-meio-bilhao-de-reais-para-Minas-pag-07.jpg 940w, http:\/\/blogdoarmindomaia.com.br\/wp-content\/uploads\/2023\/09\/Zema-fecha-investimentos-de-meio-bilhao-de-reais-para-Minas-pag-07-300x112.jpg 300w, http:\/\/blogdoarmindomaia.com.br\/wp-content\/uploads\/2023\/09\/Zema-fecha-investimentos-de-meio-bilhao-de-reais-para-Minas-pag-07-768x286.jpg 768w\" sizes=\"auto, (max-width: 940px) 100vw, 940px\" \/><\/figure>\n\n\n\n<p>O\u00a0<a rel=\"noreferrer noopener\" href=\"http:\/\/www.mg.gov.br\/\" target=\"_blank\">Governo de Minas<\/a>\u00a0e o grupo austr\u00edaco Andritz Hydro assinaram, na sexta-feira (15\/9), em Viena, na \u00c1ustria, acordo para um investimento de R$ 285 milh\u00f5es na instala\u00e7\u00e3o de uma unidade da empresa em Governador Valadares, na regi\u00e3o do Rio Doce. A expectativa \u00e9 que 200 empregos diretos sejam gerados, levando renda e qualidade de vida para os mineiros. Um compromisso para gera\u00e7\u00e3o de empregos com atra\u00e7\u00e3o de investimentos de empresa fornecedora de equipamentos eletromec\u00e2nicos e servi\u00e7os para usinas el\u00e9tricas. Antes, a miss\u00e3o internacional do governo mineiro, passou pela \u00a0It\u00e1lia,\u00a0onde firmou neg\u00f3cios de R$ 152 milh\u00f5es para instala\u00e7\u00e3o de uma planta de alta tecnologia do Grupo Asja \u2013 empresa de energia limpa \u2013 em Sabar\u00e1, na Regi\u00e3o Metropolitana de Belo Horizonte (RMBH). A unidade vai gerar empregos e renda para os mineiros, com a gera\u00e7\u00e3o de biometano a partir de res\u00edduos urbanos. O produto gerado \u00e9 importante insumo para o objetivo de zerar as emiss\u00f5es de carbono l\u00edquido, um compromisso mundial do\u00a0<a rel=\"noreferrer noopener\" href=\"http:\/\/www.mg.gov.br\/\" target=\"_blank\">Governo de Minas<\/a>\u00a0com as pol\u00edticas socioambientais. Outro destaque foi a confirma\u00e7\u00e3o de amplia\u00e7\u00e3o da f\u00e1brica da Fassa Bortolo em Matozinhos, na RMBH. A unidade, que \u00e9 a primeira f\u00e1brica da marca italiana fora da Europa, vai gerar empregos e promover o desenvolvimento da economia local. Ser\u00e3o investidos R$ 35 milh\u00f5es para a expans\u00e3o. Para chefe do Executivo mineiro, o an\u00fancio coroa a s\u00e9rie de compromissos internacionais, que conseguiu atrair para Minas Gerais\u00a0cerca de R$ 500 milh\u00f5es. \u201c\u00c9 uma not\u00edcia muito boa para os mineiros: estamos fechando a viagem com quase meio bilh\u00e3o\u00a0em\u00a0investimentos confirmados e assinados, sem considerar ainda outras empresas que est\u00e3o com conversas avan\u00e7adas e, com toda certeza, as negocia\u00e7\u00f5es v\u00e3o caminhar bem e dar frutos com novos investimentos no estado\u201d, disse o governador. \u201cMinas \u00e9, hoje, um Estado amigo de quem quer empreender e gerar empregos, aliados estrat\u00e9gicos para avan\u00e7armos e melhorarmos cada vez mais a vida dos mineiros\u201d, completou, Zema.O\u00a0<a rel=\"noreferrer noopener\" href=\"http:\/\/www.mg.gov.br\/\" target=\"_blank\">Governo de Minas<\/a>\u00a0e o grupo austr\u00edaco Andritz Hydro assinaram, na sexta-feira (15\/9), em Viena, na \u00c1ustria, acordo para um investimento de R$ 285 milh\u00f5es na instala\u00e7\u00e3o de uma unidade da empresa em Governador Valadares, na regi\u00e3o do Rio Doce. A expectativa \u00e9 que 200 empregos diretos sejam gerados, levando renda e qualidade de vida para os mineiros. Um compromisso para gera\u00e7\u00e3o de empregos com atra\u00e7\u00e3o de investimentos de empresa fornecedora de equipamentos eletromec\u00e2nicos e servi\u00e7os para usinas el\u00e9tricas. Antes, a miss\u00e3o internacional do governo mineiro, passou pela \u00a0It\u00e1lia,\u00a0onde firmou neg\u00f3cios de R$ 152 milh\u00f5es para instala\u00e7\u00e3o de uma planta de alta tecnologia do Grupo Asja \u2013 empresa de energia limpa \u2013 em Sabar\u00e1, na Regi\u00e3o Metropolitana de Belo Horizonte (RMBH). A unidade vai gerar empregos e renda para os mineiros, com a gera\u00e7\u00e3o de biometano a partir de res\u00edduos urbanos. O produto gerado \u00e9 importante insumo para o objetivo de zerar as emiss\u00f5es de carbono l\u00edquido, um compromisso mundial do\u00a0<a rel=\"noreferrer noopener\" href=\"http:\/\/www.mg.gov.br\/\" target=\"_blank\">Governo de Minas<\/a>\u00a0com as pol\u00edticas socioambientais. Outro destaque foi a confirma\u00e7\u00e3o de amplia\u00e7\u00e3o da f\u00e1brica da Fassa Bortolo em Matozinhos, na RMBH. A unidade, que \u00e9 a primeira f\u00e1brica da marca italiana fora da Europa, vai gerar empregos e promover o desenvolvimento da economia local. Ser\u00e3o investidos R$ 35 milh\u00f5es para a expans\u00e3o. Para chefe do Executivo mineiro, o an\u00fancio coroa a s\u00e9rie de compromissos internacionais, que conseguiu atrair para Minas Gerais\u00a0cerca de R$ 500 milh\u00f5es. \u201c\u00c9 uma not\u00edcia muito boa para os mineiros: estamos fechando a viagem com quase meio bilh\u00e3o\u00a0em\u00a0investimentos confirmados e assinados, sem considerar ainda outras empresas que est\u00e3o com conversas avan\u00e7adas e, com toda certeza, as negocia\u00e7\u00f5es v\u00e3o caminhar bem e dar frutos com novos investimentos no estado\u201d, disse o governador. \u201cMinas \u00e9, hoje, um Estado amigo de quem quer empreender e gerar empregos, aliados estrat\u00e9gicos para avan\u00e7armos e melhorarmos cada vez mais a vida dos mineiros\u201d, completou, Zema.<\/p>\n","protected":false},"excerpt":{"rendered":"<p>O\u00a0Governo de Minas\u00a0e o grupo austr\u00edaco Andritz Hydro assinaram, na sexta-feira (15\/9), em Viena, na \u00c1ustria, acordo para um investimento<\/p>\n","protected":false},"author":2,"featured_media":6274,"comment_status":"open","ping_status":"open","sticky":false,"template":"","format":"standard","meta":{"footnotes":""},"categories":[9,11],"tags":[],"class_list":["post-6273","post","type-post","status-publish","format-standard","has-post-thumbnail","hentry","category-araxa","category-destaques"],"_links":{"self":[{"href":"http:\/\/blogdoarmindomaia.com.br\/index.php?rest_route=\/wp\/v2\/posts\/6273","targetHints":{"allow":["GET"]}}],"collection":[{"href":"http:\/\/blogdoarmindomaia.com.br\/index.php?rest_route=\/wp\/v2\/posts"}],"about":[{"href":"http:\/\/blogdoarmindomaia.com.br\/index.php?rest_route=\/wp\/v2\/types\/post"}],"author":[{"embeddable":true,"href":"http:\/\/blogdoarmindomaia.com.br\/index.php?rest_route=\/wp\/v2\/users\/2"}],"replies":[{"embeddable":true,"href":"http:\/\/blogdoarmindomaia.com.br\/index.php?rest_route=%2Fwp%2Fv2%2Fcomments&post=6273"}],"version-history":[{"count":1,"href":"http:\/\/blogdoarmindomaia.com.br\/index.php?rest_route=\/wp\/v2\/posts\/6273\/revisions"}],"predecessor-version":[{"id":6275,"href":"http:\/\/blogdoarmindomaia.com.br\/index.php?rest_route=\/wp\/v2\/posts\/6273\/revisions\/6275"}],"wp:featuredmedia":[{"embeddable":true,"href":"http:\/\/blogdoarmindomaia.com.br\/index.php?rest_route=\/wp\/v2\/media\/6274"}],"wp:attachment":[{"href":"http:\/\/blogdoarmindomaia.com.br\/index.php?rest_route=%2Fwp%2Fv2%2Fmedia&parent=6273"}],"wp:term":[{"taxonomy":"category","embeddable":true,"href":"http:\/\/blogdoarmindomaia.com.br\/index.php?rest_route=%2Fwp%2Fv2%2Fcategories&post=6273"},{"taxonomy":"post_tag","embeddable":true,"href":"http:\/\/blogdoarmindomaia.com.br\/index.php?rest_route=%2Fwp%2Fv2%2Ftags&post=6273"}],"curies":[{"name":"wp","href":"https:\/\/api.w.org\/{rel}","templated":true}]}}