{"id":6276,"date":"2023-09-19T16:20:23","date_gmt":"2023-09-19T19:20:23","guid":{"rendered":"http:\/\/blogdoarmindomaia.com.br\/?p=6276"},"modified":"2023-09-19T16:20:25","modified_gmt":"2023-09-19T19:20:25","slug":"roda-de-conversa-com-o-publico-lgbtqiapn-destaca-prevencao-e-direitos","status":"publish","type":"post","link":"http:\/\/blogdoarmindomaia.com.br\/?p=6276","title":{"rendered":"Roda de conversa com o p\u00fablico LGBTQIAPN+ destaca preven\u00e7\u00e3o e direitos"},"content":{"rendered":"\n<figure class=\"wp-block-image size-full is-style-default\"><img loading=\"lazy\" decoding=\"async\" width=\"1024\" height=\"683\" src=\"http:\/\/blogdoarmindomaia.com.br\/wp-content\/uploads\/2023\/09\/Roda-de-conversa-com-o-publico-LGBTQIAPN-destaca-prevencao-ppag-08.jpeg\" alt=\"\" class=\"wp-image-6277\" srcset=\"http:\/\/blogdoarmindomaia.com.br\/wp-content\/uploads\/2023\/09\/Roda-de-conversa-com-o-publico-LGBTQIAPN-destaca-prevencao-ppag-08.jpeg 1024w, http:\/\/blogdoarmindomaia.com.br\/wp-content\/uploads\/2023\/09\/Roda-de-conversa-com-o-publico-LGBTQIAPN-destaca-prevencao-ppag-08-300x200.jpeg 300w, http:\/\/blogdoarmindomaia.com.br\/wp-content\/uploads\/2023\/09\/Roda-de-conversa-com-o-publico-LGBTQIAPN-destaca-prevencao-ppag-08-768x512.jpeg 768w\" sizes=\"auto, (max-width: 1024px) 100vw, 1024px\" \/><\/figure>\n\n\n\n<p>A Secretaria Municipal de Sa\u00fade, por meio do Comit\u00ea de Equidade em Sa\u00fade, promoveu uma roda de conversa com o p\u00fablico LGBTQIAPN+, com o objetivo de apresentar procedimentos de preven\u00e7\u00e3o em sa\u00fade e direitos humanos que envolvem essa comunidade, na quinta-feira passada (14).<br><br>O encontro contou com representantes das Secretarias Municipais de Sa\u00fade e de A\u00e7\u00e3o Social e do Centro de Testagem e Aconselhamento (CTA), agentes comunit\u00e1rios, membros da Sociedade Civil e do m\u00e9dico infectologista Leonardo Aguiar.<br><br>\u201cFoi um momento de troca de experi\u00eancias e levantamento de informa\u00e7\u00f5es que podem nortear novas a\u00e7\u00f5es da Secretaria Municipal de Sa\u00fade. O encontro foi muito produtivo, porque conseguimos conhecer um pouco da realidade do p\u00fablico LGBTQIAPN+ para elaborar a\u00e7\u00f5es que possam acolher melhor esse p\u00fablico\u201d, explica a coordenadora da Pol\u00edtica Estadual de Promo\u00e7\u00e3o da Sa\u00fade (Poeps), Ana Paula Nassif.<br><br>O m\u00e9dico infectologista Leonardo Aguiar destaca a import\u00e2ncia de identificar, prevenir e tratar as doen\u00e7as sexualmente transmiss\u00edveis, um dos t\u00f3picos debatidos durante o encontro.<br><br>\u201cFiquei muito feliz em ter participado desse encontro. Foi um bate-papo muito produtivo, onde conseguimos estreitar os la\u00e7os com o p\u00fablico LGBTQIAPN+ e refor\u00e7ar os servi\u00e7os oferecidos pela sa\u00fade na preven\u00e7\u00e3o e tratamento das ISTs (infec\u00e7\u00f5es sexualmente transmiss\u00edveis)\u201d, afirma.<br><\/p>\n\n\n\n<p>&#8212;<\/p>\n","protected":false},"excerpt":{"rendered":"<p>A Secretaria Municipal de Sa\u00fade, por meio do Comit\u00ea de Equidade em Sa\u00fade, promoveu uma roda de conversa com o<\/p>\n","protected":false},"author":2,"featured_media":6277,"comment_status":"open","ping_status":"open","sticky":false,"template":"","format":"standard","meta":{"footnotes":""},"categories":[9,11],"tags":[],"class_list":["post-6276","post","type-post","status-publish","format-standard","has-post-thumbnail","hentry","category-araxa","category-destaques"],"_links":{"self":[{"href":"http:\/\/blogdoarmindomaia.com.br\/index.php?rest_route=\/wp\/v2\/posts\/6276","targetHints":{"allow":["GET"]}}],"collection":[{"href":"http:\/\/blogdoarmindomaia.com.br\/index.php?rest_route=\/wp\/v2\/posts"}],"about":[{"href":"http:\/\/blogdoarmindomaia.com.br\/index.php?rest_route=\/wp\/v2\/types\/post"}],"author":[{"embeddable":true,"href":"http:\/\/blogdoarmindomaia.com.br\/index.php?rest_route=\/wp\/v2\/users\/2"}],"replies":[{"embeddable":true,"href":"http:\/\/blogdoarmindomaia.com.br\/index.php?rest_route=%2Fwp%2Fv2%2Fcomments&post=6276"}],"version-history":[{"count":1,"href":"http:\/\/blogdoarmindomaia.com.br\/index.php?rest_route=\/wp\/v2\/posts\/6276\/revisions"}],"predecessor-version":[{"id":6278,"href":"http:\/\/blogdoarmindomaia.com.br\/index.php?rest_route=\/wp\/v2\/posts\/6276\/revisions\/6278"}],"wp:featuredmedia":[{"embeddable":true,"href":"http:\/\/blogdoarmindomaia.com.br\/index.php?rest_route=\/wp\/v2\/media\/6277"}],"wp:attachment":[{"href":"http:\/\/blogdoarmindomaia.com.br\/index.php?rest_route=%2Fwp%2Fv2%2Fmedia&parent=6276"}],"wp:term":[{"taxonomy":"category","embeddable":true,"href":"http:\/\/blogdoarmindomaia.com.br\/index.php?rest_route=%2Fwp%2Fv2%2Fcategories&post=6276"},{"taxonomy":"post_tag","embeddable":true,"href":"http:\/\/blogdoarmindomaia.com.br\/index.php?rest_route=%2Fwp%2Fv2%2Ftags&post=6276"}],"curies":[{"name":"wp","href":"https:\/\/api.w.org\/{rel}","templated":true}]}}